{"id":14023,"date":"2025-02-20T14:18:44","date_gmt":"2025-02-20T14:18:44","guid":{"rendered":"https:\/\/entrenotasyacordes.com\/?p=14023"},"modified":"2025-02-20T14:18:45","modified_gmt":"2025-02-20T14:18:45","slug":"entradas-ya-a-la-venta-juanes-en-el-movistar-arena-28-de-octubre","status":"publish","type":"post","link":"https:\/\/entrenotasyacordes.com\/?p=14023","title":{"rendered":"\u00a1ENTRADAS YA A LA VENTA! JUANES EN EL MOVISTAR ARENA &#8211; 28 DE OCTUBRE"},"content":{"rendered":"\n<!--more-->\n\n\n\n<p class=\"has-text-align-center\"><strong>28 DE OCTUBRE<\/strong><br><strong>MOVISTAR ARENA &#8211; BUENOS AIRES<\/strong><\/p>\n\n\n\n<p class=\"has-text-align-center\"><strong>\u00a1ENTRADAS YA A LA VENTA!<\/strong><br><strong>a trav\u00e9s de\u00a0\u00a0<\/strong><a href=\"http:\/\/www.movistararena.com.ar\/\"><strong>www.movistararena.com.ar<\/strong><\/a><strong>\u00a0<\/strong><\/p>\n\n\n<div class=\"wp-block-image\">\n<figure class=\"aligncenter size-full\"><img loading=\"lazy\" decoding=\"async\" width=\"384\" height=\"481\" src=\"https:\/\/entrenotasyacordes.com\/wp-content\/uploads\/2025\/02\/16d.png\" alt=\"\" class=\"wp-image-14024\" srcset=\"https:\/\/entrenotasyacordes.com\/wp-content\/uploads\/2025\/02\/16d.png 384w, https:\/\/entrenotasyacordes.com\/wp-content\/uploads\/2025\/02\/16d-240x300.png 240w\" sizes=\"auto, (max-width: 384px) 100vw, 384px\" \/><\/figure>\n<\/div>\n\n\n<p class=\"has-text-align-left\"><strong>Juanes<\/strong>\u00a0anunci\u00f3 su gira por Argentina: despu\u00e9s de su exitosa presentaci\u00f3n en la Fiesta Nacional de la Confluencia 2025, el cantante colombiano sorprendi\u00f3 a todo su p\u00fablico con la noticia de que regresar\u00e1 al pa\u00eds en octubre de este a\u00f1o y realizar\u00e1 shows en Buenos Aires, Mendoza y C\u00f3rdoba.<\/p>\n\n\n\n<p class=\"has-text-align-center\"><strong>30 DE OCTUBRE\u00a0<\/strong><br><strong>ARENA MAIP\u00da &#8211; MENDOZA<\/strong><\/p>\n\n\n\n<p class=\"has-text-align-center\"><strong>31 DE OCTUBRE<\/strong><br><strong>QUALITY ARENA- C\u00d3RDOBA<\/strong><\/p>\n\n\n\n<p>La gira comenzar\u00e1 el&nbsp;<strong>28 de octubre<\/strong>&nbsp;en&nbsp;<strong>Movistar Arena<\/strong>&nbsp;de Buenos Aires, continuar\u00e1 en&nbsp;<strong>Arena Maip\u00fa<\/strong>&nbsp;de Mendoza el 30 y finalizar\u00e1 en&nbsp;<strong>&nbsp;Quality<\/strong>&nbsp;<strong>Arena<\/strong>&nbsp;de C\u00f3rdoba, el 31 de octubre.<\/p>\n\n\n\n<p>El autor de \u00abA Dios le pido\u00bb, que cuenta en su haber con 26 Latin Grammys y 4 Grammys, fue elegido una de las 100 personas m\u00e1s influyentes en el planeta seg\u00fan la Revista Time, entre otros logros que lo se\u00f1alan como uno los artistas m\u00e1s importantes de la m\u00fasica latina. En esta ocasi\u00f3n, volver\u00e1 con un show en el que sonar\u00e1n sus m\u00e1s grandes \u00e9xitos como: \u201cEs por ti\u201d, \u201cVolverte a ver\u201d, \u201cMe enamora\u201d y \u201cLa camisa negra\u201d, adem\u00e1s de los temas de su m\u00e1s reciente \u00e1lbum \u201cVida Cotidiana\u201d, ganador de un Latin Grammy y un Grammy.<\/p>\n\n\n\n<p><strong>El tour llevar\u00e1 al m\u00fasico por Buenos Aires (Movistar Arena) , Mendoza (Arena Maip\u00fa) y C\u00f3rdoba (Quality Arena)\u00a0<\/strong>con producci\u00f3n de\u00a0<strong>Fenix Entertainment, las entradas para el show del Movistar Arena est\u00e1n\u00a0a la venta a trav\u00e9s de\u00a0<\/strong><a href=\"http:\/\/www.movistararena.com.ar\/\"><strong>www.movistararena.com.ar<\/strong><\/a><\/p>\n","protected":false},"excerpt":{"rendered":"","protected":false},"author":5,"featured_media":14024,"comment_status":"open","ping_status":"open","sticky":false,"template":"","format":"standard","meta":{"om_disable_all_campaigns":false,"_uf_show_specific_survey":0,"_uf_disable_surveys":false,"footnotes":""},"categories":[36],"tags":[],"class_list":["post-14023","post","type-post","status-publish","format-standard","has-post-thumbnail","hentry","category-conciertos"],"_links":{"self":[{"href":"https:\/\/entrenotasyacordes.com\/index.php?rest_route=\/wp\/v2\/posts\/14023","targetHints":{"allow":["GET"]}}],"collection":[{"href":"https:\/\/entrenotasyacordes.com\/index.php?rest_route=\/wp\/v2\/posts"}],"about":[{"href":"https:\/\/entrenotasyacordes.com\/index.php?rest_route=\/wp\/v2\/types\/post"}],"author":[{"embeddable":true,"href":"https:\/\/entrenotasyacordes.com\/index.php?rest_route=\/wp\/v2\/users\/5"}],"replies":[{"embeddable":true,"href":"https:\/\/entrenotasyacordes.com\/index.php?rest_route=%2Fwp%2Fv2%2Fcomments&post=14023"}],"version-history":[{"count":1,"href":"https:\/\/entrenotasyacordes.com\/index.php?rest_route=\/wp\/v2\/posts\/14023\/revisions"}],"predecessor-version":[{"id":14025,"href":"https:\/\/entrenotasyacordes.com\/index.php?rest_route=\/wp\/v2\/posts\/14023\/revisions\/14025"}],"wp:featuredmedia":[{"embeddable":true,"href":"https:\/\/entrenotasyacordes.com\/index.php?rest_route=\/wp\/v2\/media\/14024"}],"wp:attachment":[{"href":"https:\/\/entrenotasyacordes.com\/index.php?rest_route=%2Fwp%2Fv2%2Fmedia&parent=14023"}],"wp:term":[{"taxonomy":"category","embeddable":true,"href":"https:\/\/entrenotasyacordes.com\/index.php?rest_route=%2Fwp%2Fv2%2Fcategories&post=14023"},{"taxonomy":"post_tag","embeddable":true,"href":"https:\/\/entrenotasyacordes.com\/index.php?rest_route=%2Fwp%2Fv2%2Ftags&post=14023"}],"curies":[{"name":"wp","href":"https:\/\/api.w.org\/{rel}","templated":true}]}}