{"id":14026,"date":"2025-02-20T14:25:54","date_gmt":"2025-02-20T14:25:54","guid":{"rendered":"https:\/\/entrenotasyacordes.com\/?p=14026"},"modified":"2025-02-20T14:25:55","modified_gmt":"2025-02-20T14:25:55","slug":"ana-mena-sera-la-presentadora-oficial-del-premio-lo-nuestro","status":"publish","type":"post","link":"https:\/\/entrenotasyacordes.com\/?p=14026","title":{"rendered":"ANA MENA SER\u00c1 LA PRESENTADORA OFICIAL DEL PREMIO LO NUESTRO"},"content":{"rendered":"\n<!--more-->\n\n\n<div class=\"wp-block-image\">\n<figure class=\"aligncenter size-full is-resized\"><img loading=\"lazy\" decoding=\"async\" width=\"1080\" height=\"1350\" src=\"https:\/\/entrenotasyacordes.com\/wp-content\/uploads\/2025\/02\/16dd.jpeg\" alt=\"\" class=\"wp-image-14027\" style=\"width:599px;height:auto\" srcset=\"https:\/\/entrenotasyacordes.com\/wp-content\/uploads\/2025\/02\/16dd.jpeg 1080w, https:\/\/entrenotasyacordes.com\/wp-content\/uploads\/2025\/02\/16dd-240x300.jpeg 240w, https:\/\/entrenotasyacordes.com\/wp-content\/uploads\/2025\/02\/16dd-819x1024.jpeg 819w, https:\/\/entrenotasyacordes.com\/wp-content\/uploads\/2025\/02\/16dd-768x960.jpeg 768w, https:\/\/entrenotasyacordes.com\/wp-content\/uploads\/2025\/02\/16dd-1024x1280.jpeg 1024w\" sizes=\"auto, (max-width: 1080px) 100vw, 1080px\" \/><\/figure>\n<\/div>\n\n\n<p class=\"has-text-align-left\">Tras finalizar el 2024 con una incre\u00edble gira y un\u00a0\u00a0<strong>WiZink Center en Madrid,<\/strong>\u00a0marc\u00f3 el final de una era que ha catapultado a la cantante malague\u00f1a a la fama internacional, consolid\u00e1ndose como una de las artistas m\u00e1s destacadas de la escena musical actual. Con un total de 60 discos de Platino, 5 de Oro y 1 Diamante. La cantante malague\u00f1a no solo ha alcanzado cifras r\u00e9cord, sino que tambi\u00e9n ha dejado su huella en algunos de los escenarios m\u00e1s prestigiosos del mundo.<\/p>\n\n\n\n<p>El siguiente<strong>\u00a020 de Febrero<\/strong>\u00a0se estar\u00e1 presentando en\u00a0<strong>Premio Lo Nuestro<\/strong>\u00a0como presentadora oficial en una ceremonia de entrega a la excelencia en la m\u00fasica latina a elecci\u00f3n del p\u00fablico. Ana Mena, ratificando su gran momento personal, esta tambien nominada en la Categor\u00eda\u00a0<strong>\u00abMejor Eurosong\u00bb<\/strong>\u00a0con su canci\u00f3n\u00a0<strong>\u00abMadrid City\u00bb<\/strong>, compitiendo junto a Lola Indigo, Aitana, Quevedo y Bad Gyal.<\/p>\n\n\n\n<p>De cara al 2025, Ana Mena formar\u00e1 parte del legendario Lollapalooza Argentina 2025, donde se presentar\u00e1 el viernes 21 de marzo, compartiendo escenario con artistas de la talla de Justin Timberlake, Alanis Morissette y Foster The People. Este hito representa un nuevo paso en su consolidaci\u00f3n como figura clave en la m\u00fasica internacional.<\/p>\n","protected":false},"excerpt":{"rendered":"","protected":false},"author":5,"featured_media":14027,"comment_status":"open","ping_status":"open","sticky":false,"template":"","format":"standard","meta":{"om_disable_all_campaigns":false,"_uf_show_specific_survey":0,"_uf_disable_surveys":false,"footnotes":""},"categories":[4,34],"tags":[],"class_list":["post-14026","post","type-post","status-publish","format-standard","has-post-thumbnail","hentry","category-musica","category-ultimas-noticias"],"_links":{"self":[{"href":"https:\/\/entrenotasyacordes.com\/index.php?rest_route=\/wp\/v2\/posts\/14026","targetHints":{"allow":["GET"]}}],"collection":[{"href":"https:\/\/entrenotasyacordes.com\/index.php?rest_route=\/wp\/v2\/posts"}],"about":[{"href":"https:\/\/entrenotasyacordes.com\/index.php?rest_route=\/wp\/v2\/types\/post"}],"author":[{"embeddable":true,"href":"https:\/\/entrenotasyacordes.com\/index.php?rest_route=\/wp\/v2\/users\/5"}],"replies":[{"embeddable":true,"href":"https:\/\/entrenotasyacordes.com\/index.php?rest_route=%2Fwp%2Fv2%2Fcomments&post=14026"}],"version-history":[{"count":1,"href":"https:\/\/entrenotasyacordes.com\/index.php?rest_route=\/wp\/v2\/posts\/14026\/revisions"}],"predecessor-version":[{"id":14028,"href":"https:\/\/entrenotasyacordes.com\/index.php?rest_route=\/wp\/v2\/posts\/14026\/revisions\/14028"}],"wp:featuredmedia":[{"embeddable":true,"href":"https:\/\/entrenotasyacordes.com\/index.php?rest_route=\/wp\/v2\/media\/14027"}],"wp:attachment":[{"href":"https:\/\/entrenotasyacordes.com\/index.php?rest_route=%2Fwp%2Fv2%2Fmedia&parent=14026"}],"wp:term":[{"taxonomy":"category","embeddable":true,"href":"https:\/\/entrenotasyacordes.com\/index.php?rest_route=%2Fwp%2Fv2%2Fcategories&post=14026"},{"taxonomy":"post_tag","embeddable":true,"href":"https:\/\/entrenotasyacordes.com\/index.php?rest_route=%2Fwp%2Fv2%2Ftags&post=14026"}],"curies":[{"name":"wp","href":"https:\/\/api.w.org\/{rel}","templated":true}]}}