{"id":14029,"date":"2025-02-20T14:33:42","date_gmt":"2025-02-20T14:33:42","guid":{"rendered":"https:\/\/entrenotasyacordes.com\/?p=14029"},"modified":"2025-02-20T14:33:43","modified_gmt":"2025-02-20T14:33:43","slug":"pedro-capo-regresa-a-argentina-con-una-mega-gira-nacional","status":"publish","type":"post","link":"https:\/\/entrenotasyacordes.com\/?p=14029","title":{"rendered":"PEDRO CAP\u00d3 REGRESA A ARGENTINA CON UNA MEGA GIRA NACIONAL"},"content":{"rendered":"\n<!--more-->\n\n\n\n<p class=\"has-text-align-left\">Con paradas en Buenos Aires, Mendoza, C\u00f3rdoba, Rosario, Santa Fe, San Juan y Tucum\u00e1n, el artista puertorrique\u00f1o m\u00e1s feliz de Latinoam\u00e9rica aterriza en nuestro pa\u00eds para presentar \u201cLa carretera\u201d, su nuevo trabajo discogr\u00e1fico.<\/p>\n\n\n\n<p class=\"has-text-align-center\"><strong>13 DE SEPTIEMBRE | TEATRO GRAN REX | BUENOS AIRES<\/strong><br><strong>TICKETS DISPONIBLES PARA \u201cLA CARRETERA TOUR\u201d EN ARGENTINA<\/strong><br><strong>A PARTIR DEL 18 DE FEBRERO A LAS 12:00HS<\/strong><\/p>\n\n\n<div class=\"wp-block-image\">\n<figure class=\"aligncenter size-full is-resized\"><img loading=\"lazy\" decoding=\"async\" width=\"794\" height=\"790\" src=\"https:\/\/entrenotasyacordes.com\/wp-content\/uploads\/2025\/02\/16ddd.jpeg\" alt=\"\" class=\"wp-image-14030\" style=\"width:599px;height:auto\" srcset=\"https:\/\/entrenotasyacordes.com\/wp-content\/uploads\/2025\/02\/16ddd.jpeg 794w, https:\/\/entrenotasyacordes.com\/wp-content\/uploads\/2025\/02\/16ddd-300x298.jpeg 300w, https:\/\/entrenotasyacordes.com\/wp-content\/uploads\/2025\/02\/16ddd-150x150.jpeg 150w, https:\/\/entrenotasyacordes.com\/wp-content\/uploads\/2025\/02\/16ddd-768x764.jpeg 768w, https:\/\/entrenotasyacordes.com\/wp-content\/uploads\/2025\/02\/16ddd-50x50.jpeg 50w\" sizes=\"auto, (max-width: 794px) 100vw, 794px\" \/><\/figure>\n<\/div>\n\n\n<p><strong>La Pedroneta<\/strong>&nbsp;ya es un cl\u00e1sico nacional. As\u00ed denominaron el furor de&nbsp;<strong><a target=\"_blank\" href=\"https:\/\/instagramc.tr.pemsv30.net\/c\/eyJhIjoiaW5zdGFncmFtYyIsIm0iOiJtYWlsX2NtNzk2eTZkanVvdHMwODYxYnJzbjRyNXciLCJsIjoibGlua18xNjYyYTMzMTE4Y2FlMDY2OWM5ZThjYWRhMmIxOTgzNzU0MDU1MTg0X2JmOTkwNSIsImkiOltdLCJ1IjoiaHR0cHM6Ly93d3cuaW5zdGFncmFtLmNvbS9wZWRyb2NhcG8vP2hsPWVzJnV0bV9zb3VyY2U9cGVyZml0JnV0bV9tZWRpdW09ZW1haWwmdXRtX2NhbXBhaWduPVBFRFJPJTIwQ0FQJUMzJTkzJTIwJTdDJTIwQU5VTkNJTyUyMFNIT1ciLCJjIjoiIiwiaCI6IjU3ZGE0NSJ9\" rel=\"noreferrer noopener\">Pedro Cap\u00f3<\/a><\/strong>, una de las voces m\u00e1s destacadas de la m\u00fasica latina, tras su furor cada vez que pisa suelo argentino. Es que para \u00e9l, el pa\u00eds Campe\u00f3n del Mundo es un infaltable a la hora de compartir su obra.<\/p>\n\n\n\n<p>Esta vez, el boricua regresa a la Argentina con su nueva gira que le da el nombre a su m\u00e1s reciente trabajo discogr\u00e1fico: La Carretera. Con colaboraciones de&nbsp;<a target=\"_blank\" href=\"https:\/\/instagramc.tr.pemsv30.net\/c\/eyJhIjoiaW5zdGFncmFtYyIsIm0iOiJtYWlsX2NtNzk2eTZkanVvdHMwODYxYnJzbjRyNXciLCJsIjoibGlua182ZTJiNDA1NmVkNjc3NTBkOGNhNDExZTMyYjk4YWY0ZDEwNTg0ZmIzXzczOWFlMyIsImkiOltdLCJ1IjoiaHR0cHM6Ly9vcGVuLnNwb3RpZnkuY29tL2ludGwtZXMvdHJhY2svM3FLaUlqdjVPU0g2T2ZnY01jZ2J6aT9zaT1hYmUwY2I0OTRiZGE0MzczJnV0bV9zb3VyY2U9cGVyZml0JnV0bV9tZWRpdW09ZW1haWwmdXRtX2NhbXBhaWduPVBFRFJPJTIwQ0FQJUMzJTkzJTIwJTdDJTIwQU5VTkNJTyUyMFNIT1ciLCJjIjoiIiwiaCI6ImUzMjE5MyJ9\" rel=\"noreferrer noopener\">Jorge Drexler<\/a>,&nbsp;<a target=\"_blank\" href=\"https:\/\/instagramc.tr.pemsv30.net\/c\/eyJhIjoiaW5zdGFncmFtYyIsIm0iOiJtYWlsX2NtNzk2eTZkanVvdHMwODYxYnJzbjRyNXciLCJsIjoibGlua182ZTJiNDA1NmVkNjc3NTBkOGNhNDExZTMyYjk4YWY0ZDEwNTg0ZmIzXzc2MGY1YyIsImkiOltdLCJ1IjoiaHR0cHM6Ly9vcGVuLnNwb3RpZnkuY29tL2ludGwtZXMvdHJhY2svM3FLaUlqdjVPU0g2T2ZnY01jZ2J6aT9zaT1hYmUwY2I0OTRiZGE0MzczJnV0bV9zb3VyY2U9cGVyZml0JnV0bV9tZWRpdW09ZW1haWwmdXRtX2NhbXBhaWduPVBFRFJPJTIwQ0FQJUMzJTkzJTIwJTdDJTIwQU5VTkNJTyUyMFNIT1ciLCJjIjoiIiwiaCI6IjhlNDVmMiJ9\" rel=\"noreferrer noopener\">Chambao<\/a>&nbsp;y&nbsp;<a target=\"_blank\" href=\"https:\/\/instagramc.tr.pemsv30.net\/c\/eyJhIjoiaW5zdGFncmFtYyIsIm0iOiJtYWlsX2NtNzk2eTZkanVvdHMwODYxYnJzbjRyNXciLCJsIjoibGlua19kZjJhMGYxZmUwZmZjM2YxMzIyYmQ1ZmRkZTJiOGFmMmE1MWEzZTgwXzY4MDJmZCIsImkiOltdLCJ1IjoiaHR0cHM6Ly9vcGVuLnNwb3RpZnkuY29tL2ludGwtZXMvdHJhY2svMmQ4emwwNExQZllkaDI0WjlQcmZzdT9zaT1lY2UzZTNmM2YxYjA0ZWEwJnV0bV9zb3VyY2U9cGVyZml0JnV0bV9tZWRpdW09ZW1haWwmdXRtX2NhbXBhaWduPVBFRFJPJTIwQ0FQJUMzJTkzJTIwJTdDJTIwQU5VTkNJTyUyMFNIT1ciLCJjIjoiIiwiaCI6ImU4Mjc2NiJ9\" rel=\"noreferrer noopener\">Carin Le\u00f3n<\/a>, el \u00e1lbum incluye 14 canciones, tres de las cuales ya han sido lanzadas:&nbsp;<a target=\"_blank\" href=\"https:\/\/instagramc.tr.pemsv30.net\/c\/eyJhIjoiaW5zdGFncmFtYyIsIm0iOiJtYWlsX2NtNzk2eTZkanVvdHMwODYxYnJzbjRyNXciLCJsIjoibGlua182OWE3MGI0Mjc4ZWU1YzEzZDYwNTczMGM1NTJjZjQ5MGJlNjgzNGZjXzIzZDI4NyIsImkiOltdLCJ1IjoiaHR0cHM6Ly93d3cueW91dHViZS5jb20vd2F0Y2g_dj1CRDdETGhYeHRUNCZ1dG1fc291cmNlPXBlcmZpdCZ1dG1fbWVkaXVtPWVtYWlsJnV0bV9jYW1wYWlnbj1QRURSTyUyMENBUCVDMyU5MyUyMCU3QyUyMEFOVU5DSU8lMjBTSE9XIiwiYyI6IiIsImgiOiJkZTk4MTIifQ\" rel=\"noreferrer noopener\">Sabe Bien<\/a>,&nbsp;<a target=\"_blank\" href=\"https:\/\/instagramc.tr.pemsv30.net\/c\/eyJhIjoiaW5zdGFncmFtYyIsIm0iOiJtYWlsX2NtNzk2eTZkanVvdHMwODYxYnJzbjRyNXciLCJsIjoibGlua19iOTI1OThlZGQwYWVlNTI3NWUxMzIwMDVhNTZkZjUxOTg1Mzc4OTY3XzZiY2U4MCIsImkiOltdLCJ1IjoiaHR0cHM6Ly93d3cueW91dHViZS5jb20vd2F0Y2g_dj1VRTZBejB0bU9TTSZ1dG1fc291cmNlPXBlcmZpdCZ1dG1fbWVkaXVtPWVtYWlsJnV0bV9jYW1wYWlnbj1QRURSTyUyMENBUCVDMyU5MyUyMCU3QyUyMEFOVU5DSU8lMjBTSE9XIiwiYyI6IiIsImgiOiI0NTJjZjIifQ\" rel=\"noreferrer noopener\">Esto Se Jodi\u00f3<\/a>&nbsp;y&nbsp;<a target=\"_blank\" href=\"https:\/\/instagramc.tr.pemsv30.net\/c\/eyJhIjoiaW5zdGFncmFtYyIsIm0iOiJtYWlsX2NtNzk2eTZkanVvdHMwODYxYnJzbjRyNXciLCJsIjoibGlua19kZjJhMGYxZmUwZmZjM2YxMzIyYmQ1ZmRkZTJiOGFmMmE1MWEzZTgwX2Y4YmNlZCIsImkiOltdLCJ1IjoiaHR0cHM6Ly9vcGVuLnNwb3RpZnkuY29tL2ludGwtZXMvdHJhY2svMmQ4emwwNExQZllkaDI0WjlQcmZzdT9zaT1lY2UzZTNmM2YxYjA0ZWEwJnV0bV9zb3VyY2U9cGVyZml0JnV0bV9tZWRpdW09ZW1haWwmdXRtX2NhbXBhaWduPVBFRFJPJTIwQ0FQJUMzJTkzJTIwJTdDJTIwQU5VTkNJTyUyMFNIT1ciLCJjIjoiIiwiaCI6IjZjZmFhZCJ9\" rel=\"noreferrer noopener\">Existo<\/a>.<\/p>\n\n\n<div class=\"wp-block-image\">\n<figure class=\"aligncenter size-full is-resized\"><img loading=\"lazy\" decoding=\"async\" width=\"822\" height=\"823\" src=\"https:\/\/entrenotasyacordes.com\/wp-content\/uploads\/2025\/02\/16dddd.jpeg\" alt=\"\" class=\"wp-image-14031\" style=\"width:599px;height:auto\" srcset=\"https:\/\/entrenotasyacordes.com\/wp-content\/uploads\/2025\/02\/16dddd.jpeg 822w, https:\/\/entrenotasyacordes.com\/wp-content\/uploads\/2025\/02\/16dddd-300x300.jpeg 300w, https:\/\/entrenotasyacordes.com\/wp-content\/uploads\/2025\/02\/16dddd-150x150.jpeg 150w, https:\/\/entrenotasyacordes.com\/wp-content\/uploads\/2025\/02\/16dddd-768x769.jpeg 768w, https:\/\/entrenotasyacordes.com\/wp-content\/uploads\/2025\/02\/16dddd-50x50.jpeg 50w\" sizes=\"auto, (max-width: 822px) 100vw, 822px\" \/><figcaption class=\"wp-element-caption\"><em>\u201cLa Carretera\u201d, el nuevo \u00e1lbum de Pedro Cap\u00f3, lanzado en enero de 2025.<\/em><\/figcaption><\/figure>\n<\/div>\n\n\n<p class=\"has-text-align-left\">&nbsp;La banda festej\u00f3&nbsp;sus 35 a\u00f1os de carrera en noviembre de 2023 ante un Luna Park repleto&nbsp;y con Billy Gibbons (ZZ top) como invitado especial, este show&nbsp;qued\u00f3 plasmado en el&nbsp;\u00e1lbum \u00bb Siete hombres&nbsp; &#8211; Una noche\u00bb el cual vio la luz en 2024.<\/p>\n\n\n\n<p>\u00ab<em>Este es el disco m\u00e1s honesto y c\u00f3modo que he creado. Es una versi\u00f3n muy real de mi arte y de lo que quiero compartir con el mundo.<\/em>\u00ab, expres\u00f3 Cap\u00f3. \u201c<em>La vida es un viaje, y como cualquier carretera, tiene sus giros, subidas, bajadas, buenos y malos momentos. La Carretera nos recuerda que no se trata del destino, sino del camino que recorremos. Cada experiencia, cada paso, nos define \u00a1As\u00ed que, a disfrutar del viaje!<\/em>\u201d, concluy\u00f3.<\/p>\n\n\n\n<p>Luego de un arranque explosivo en Puerto Rico con un show completamente agotado,&nbsp;<em>La Carretera Tour<\/em>&nbsp;seguir\u00e1 por Ecuador para aterrizar con la gira m\u00e1s grande que dio en Argentina hasta el momento, y finalizar en Uruguay con un show el 18 de septiembre en Montevideo.<\/p>\n\n\n\n<p class=\"has-text-align-center\"><strong>FECHAS DE LA GIRA<\/strong><br>28 AGO | Teatro San Gabriel | Quito<br>5 de septiembre | Teatro Mercedes Sosa | Tucum\u00e1n<br>6 de septiembre | Quality Espacio | C\u00f3rdoba<br>7 de septiembre | HUB | Santa Fe<br>10 de septiembre | Teatro Sarmiento | San Juan<br>11 de septiembre | Teatro Mendoza | Mendoza<br>13 de septiembre | Teatro Gran Rex | Buenos Aires<br>14 de septiembre | Bioceres Arena | Rosario<br>18 de septiembre | MMBOX | Montevideo<\/p>\n\n\n\n<p>Con su inconfundible estilo y letras cargadas de \u201cganas de vivir la vida\u201d, como sus fans lo han confesado, Cap\u00f3 sigue consolid\u00e1ndose como uno de los artistas m\u00e1s relevantes de la m\u00fasica latina actual.<\/p>\n","protected":false},"excerpt":{"rendered":"","protected":false},"author":5,"featured_media":14032,"comment_status":"open","ping_status":"open","sticky":false,"template":"","format":"standard","meta":{"om_disable_all_campaigns":false,"_uf_show_specific_survey":0,"_uf_disable_surveys":false,"footnotes":""},"categories":[36],"tags":[],"class_list":["post-14029","post","type-post","status-publish","format-standard","has-post-thumbnail","hentry","category-conciertos"],"_links":{"self":[{"href":"https:\/\/entrenotasyacordes.com\/index.php?rest_route=\/wp\/v2\/posts\/14029","targetHints":{"allow":["GET"]}}],"collection":[{"href":"https:\/\/entrenotasyacordes.com\/index.php?rest_route=\/wp\/v2\/posts"}],"about":[{"href":"https:\/\/entrenotasyacordes.com\/index.php?rest_route=\/wp\/v2\/types\/post"}],"author":[{"embeddable":true,"href":"https:\/\/entrenotasyacordes.com\/index.php?rest_route=\/wp\/v2\/users\/5"}],"replies":[{"embeddable":true,"href":"https:\/\/entrenotasyacordes.com\/index.php?rest_route=%2Fwp%2Fv2%2Fcomments&post=14029"}],"version-history":[{"count":1,"href":"https:\/\/entrenotasyacordes.com\/index.php?rest_route=\/wp\/v2\/posts\/14029\/revisions"}],"predecessor-version":[{"id":14033,"href":"https:\/\/entrenotasyacordes.com\/index.php?rest_route=\/wp\/v2\/posts\/14029\/revisions\/14033"}],"wp:featuredmedia":[{"embeddable":true,"href":"https:\/\/entrenotasyacordes.com\/index.php?rest_route=\/wp\/v2\/media\/14032"}],"wp:attachment":[{"href":"https:\/\/entrenotasyacordes.com\/index.php?rest_route=%2Fwp%2Fv2%2Fmedia&parent=14029"}],"wp:term":[{"taxonomy":"category","embeddable":true,"href":"https:\/\/entrenotasyacordes.com\/index.php?rest_route=%2Fwp%2Fv2%2Fcategories&post=14029"},{"taxonomy":"post_tag","embeddable":true,"href":"https:\/\/entrenotasyacordes.com\/index.php?rest_route=%2Fwp%2Fv2%2Ftags&post=14029"}],"curies":[{"name":"wp","href":"https:\/\/api.w.org\/{rel}","templated":true}]}}