{"id":14034,"date":"2025-02-20T14:40:06","date_gmt":"2025-02-20T14:40:06","guid":{"rendered":"https:\/\/entrenotasyacordes.com\/?p=14034"},"modified":"2025-02-20T14:40:08","modified_gmt":"2025-02-20T14:40:08","slug":"la-maquina-de-hacer-pajaros-xfmsv-se-presenta-en-niceto-el-28-03","status":"publish","type":"post","link":"https:\/\/entrenotasyacordes.com\/?p=14034","title":{"rendered":"La M\u00e1quina de Hacer P\u00e1jaros xFMSV se presenta en Niceto el 28\/03!"},"content":{"rendered":"\n<!--more-->\n\n\n\n<p class=\"has-text-align-center\"><strong><em>La hist\u00f3rica banda de rock de los 70\u00b4 vuelve a los escenarios en 2025 con uno de sus miembros originales<\/em><\/strong><\/p>\n\n\n<div class=\"wp-block-image\">\n<figure class=\"aligncenter size-full is-resized\"><img loading=\"lazy\" decoding=\"async\" width=\"1080\" height=\"1080\" src=\"https:\/\/entrenotasyacordes.com\/wp-content\/uploads\/2025\/02\/16dddddd-1.png\" alt=\"\" class=\"wp-image-14036\" style=\"width:599px;height:auto\" srcset=\"https:\/\/entrenotasyacordes.com\/wp-content\/uploads\/2025\/02\/16dddddd-1.png 1080w, https:\/\/entrenotasyacordes.com\/wp-content\/uploads\/2025\/02\/16dddddd-1-300x300.png 300w, https:\/\/entrenotasyacordes.com\/wp-content\/uploads\/2025\/02\/16dddddd-1-1024x1024.png 1024w, https:\/\/entrenotasyacordes.com\/wp-content\/uploads\/2025\/02\/16dddddd-1-150x150.png 150w, https:\/\/entrenotasyacordes.com\/wp-content\/uploads\/2025\/02\/16dddddd-1-768x768.png 768w, https:\/\/entrenotasyacordes.com\/wp-content\/uploads\/2025\/02\/16dddddd-1-50x50.png 50w\" sizes=\"auto, (max-width: 1080px) 100vw, 1080px\" \/><\/figure>\n<\/div>\n\n\n<p><strong>La M\u00e1quina de Hacer P\u00e1jaros x FMSV<\/strong>\u00a0regresa con toda su fuerza a los escenarios en 2025 y lo har\u00e1 en el m\u00edtico\u00a0<strong>Niceto Club<\/strong>, en el coraz\u00f3n de Palermo Hollywood ubicado sobre la calle Niceto Vega 5510, el pr\u00f3ximo\u00a0<strong>28 de marzo a las 20 hs<\/strong>. Un show esperado por los seguidores del rock progresivo, que promete revivir la magia de una de las bandas m\u00e1s emblem\u00e1ticas de los a\u00f1os 70.<\/p>\n\n\n\n<p>En 2024, Jos\u00e9 Luis\u00a0<strong>Fern\u00e1ndez, miembro original de hist\u00f3rica banda<\/strong>, junto con Juanito Moro, hijo de Oscar Moro &#8211; baterista original-, Guido Spina y Matias Vega decidieron reactivar La M\u00e1quina de Hacer P\u00e1jaros x FMSV,\u00a0<strong>con la misi\u00f3n de volver a poner en valor y darles vida a las quince piezas fundamentales de sus dos discos<\/strong>, un legado musical que contin\u00faa vibrando con fuerza y emoci\u00f3n a trav\u00e9s de las d\u00e9cadas.<\/p>\n\n\n\n<p>El regreso de La M\u00e1quina de Hacer P\u00e1jaros ser\u00e1 una experiencia \u00fanica e inolvidable para los fan\u00e1ticos del rock progresivo. Despu\u00e9s de 50 a\u00f1os, la banda se reencuentra con nuevos integrantes, pero fiel a su esencia, para ofrecer un show que revivir\u00e1 el legado musical que marc\u00f3 a toda una generaci\u00f3n. Con un repertorio cl\u00e1sico, el concierto apelar\u00e1 a la nostalgia y a los sentimientos profundos de quienes vivieron esa \u00e9poca dorada. Ver a\u00a0<strong>m\u00fasicos de vasta trayectoria interpretando con maestr\u00eda esas complejas composiciones, ser\u00e1 un fest\u00edn sonoro, con una calidad esc\u00e9nica que har\u00e1 justicia a la magnitud de su historia.<\/strong>\u00a0Un espect\u00e1culo que promete no solo emocionar, sino tambi\u00e9n rendir homenaje a una de las bandas m\u00e1s ic\u00f3nicas de la historia del rock argentino.<\/p>\n\n\n\n<p><strong>LA M\u00c1QUINA DE HACER P\u00c1JAROS<\/strong><br><strong>Por Fern\u00e1ndez, Moro, Spina y Vega<\/strong><br><br><strong>PRIMER SHOW DEL 2025<\/strong><br>NICETO CLUB | Niceto Vega 5510, CABA | 20 hs<br><br><strong>Entradas a la venta por sistema Passline<\/strong><br><a href=\"https:\/\/gmail.us20.list-manage.com\/track\/click?u=5f18006da3ec7d99a89534e62&amp;id=f10bc7612b&amp;e=bdcecc51d8\" target=\"_blank\" rel=\"noreferrer noopener\"><strong>https:\/\/www.passline.com\/eventos\/la-maquina-de-hacer-pajaros-x-fmsv-en-niceto-club<\/strong><\/a><\/p>\n\n\n<div class=\"wp-block-image\">\n<figure class=\"aligncenter size-full is-resized\"><img loading=\"lazy\" decoding=\"async\" width=\"2500\" height=\"1847\" src=\"https:\/\/entrenotasyacordes.com\/wp-content\/uploads\/2025\/02\/16ddddddd.jpg\" alt=\"\" class=\"wp-image-14037\" style=\"width:599px;height:auto\" srcset=\"https:\/\/entrenotasyacordes.com\/wp-content\/uploads\/2025\/02\/16ddddddd.jpg 2500w, https:\/\/entrenotasyacordes.com\/wp-content\/uploads\/2025\/02\/16ddddddd-300x222.jpg 300w, https:\/\/entrenotasyacordes.com\/wp-content\/uploads\/2025\/02\/16ddddddd-1024x757.jpg 1024w, https:\/\/entrenotasyacordes.com\/wp-content\/uploads\/2025\/02\/16ddddddd-768x567.jpg 768w, https:\/\/entrenotasyacordes.com\/wp-content\/uploads\/2025\/02\/16ddddddd-1536x1135.jpg 1536w, https:\/\/entrenotasyacordes.com\/wp-content\/uploads\/2025\/02\/16ddddddd-2048x1513.jpg 2048w\" sizes=\"auto, (max-width: 2500px) 100vw, 2500px\" \/><figcaption class=\"wp-element-caption\">Foto por Val Furman<br>Fern\u00e1ndez, Moro, Spina, Vega +\u00a0Demi\u00e1n Sielecki (tecladista invitado en los shows en vivo)<\/figcaption><\/figure>\n<\/div>\n\n\n<p class=\"has-text-align-left\"><strong>FERN\u00c1NDEZ<\/strong><br>Jos\u00e9 Luis Fern\u00e1ndez (Ciudad de Buenos Aires, Argentina, 13 de julio de 1959) es un bajista, guitarrista, cantante, profesor y compositor de rock argentino. Se destac\u00f3 como integrante Crucis en el a\u00f1o 1974 y La M\u00e1quina de Hacer P\u00e1jaros al a\u00f1o siguiente. Hoy en d\u00eda lidera la vuelta de \u201cLa M\u00e1quina de hacer p\u00e1jaros x FMSV\u201d.<\/p>\n\n\n\n<p class=\"has-text-align-left\"><strong>MORO<\/strong><br>Juan Santiago Moro (Ciudad de Buenos Aires, Argentina, 28 de abril de 1978) es un baterista con m\u00e1s de 20 a\u00f1os de trayectoria en el rock argentino. Se destac\u00f3 acompa\u00f1ando a grandes artistas como Charly Garc\u00eda, Fabiana Cantilo, Luis Salinas, Botafogo, Celeste Carballo, Willy Crook y Funky Torinos, RIFF y JAF, entre otros artistas de renombre. Actualmente es el baterista de \u201cLa M\u00e1quina de Hacer P\u00e1jaros x FMSV\u201d.<\/p>\n\n\n\n<p class=\"has-text-align-left\"><strong>SPINA<\/strong><br>Guido Spina (Ciudad de Buenos Aires, Argentina, 29 de diciembre de 1982) es un pianista con m\u00e1s de 15 a\u00f1os de trayectoria.&nbsp; Se destac\u00f3 acompa\u00f1ando a grandes artistas como Charly Garc\u00eda en 2021, y particip\u00f3 como m\u00fasico en grandes espect\u00e1culos como This Is Michael, Canterville (Sui, Ser\u00fa, La M\u00e1quina, Charly solista), Lennon Symphonic Fantasy y The Shouts Beatles entre otros. Actualmente es el tecladista de \u201cLa M\u00e1quina de Hacer P\u00e1jaros x FMSV\u201d.<\/p>\n\n\n\n<p class=\"has-text-align-left\"><strong>VEGA<\/strong><br>Mat\u00edas Vega es un bajista y contrabajista con m\u00e1s de 15 a\u00f1os de trayectoria. \u00a0Se destac\u00f3 en sus trabajos en La Orquesta Filarm\u00f3nica de Buenos Aires; y en el Tango acompa\u00f1ando a m\u00fasicos como Federico Pereiro, Erica Di Salvo, Carlos Corrales, Amelita Baltar. En la actualidad forma parte del quinteto de Pablo Mainetti, se desempe\u00f1a como compositor y director musical en el cuarteto de Cecilia L\u00f3pez Ruiz, y toca el bajo en \u201cLa M\u00e1quina de Hacer P\u00e1jaros x FMSV\u201d.<\/p>\n\n\n\n<p class=\"has-text-align-left\"><\/p>\n\n\n\n<p class=\"has-text-align-left\"><\/p>\n","protected":false},"excerpt":{"rendered":"","protected":false},"author":5,"featured_media":14035,"comment_status":"open","ping_status":"open","sticky":false,"template":"","format":"standard","meta":{"om_disable_all_campaigns":false,"_uf_show_specific_survey":0,"_uf_disable_surveys":false,"footnotes":""},"categories":[36],"tags":[],"class_list":["post-14034","post","type-post","status-publish","format-standard","has-post-thumbnail","hentry","category-conciertos"],"_links":{"self":[{"href":"https:\/\/entrenotasyacordes.com\/index.php?rest_route=\/wp\/v2\/posts\/14034","targetHints":{"allow":["GET"]}}],"collection":[{"href":"https:\/\/entrenotasyacordes.com\/index.php?rest_route=\/wp\/v2\/posts"}],"about":[{"href":"https:\/\/entrenotasyacordes.com\/index.php?rest_route=\/wp\/v2\/types\/post"}],"author":[{"embeddable":true,"href":"https:\/\/entrenotasyacordes.com\/index.php?rest_route=\/wp\/v2\/users\/5"}],"replies":[{"embeddable":true,"href":"https:\/\/entrenotasyacordes.com\/index.php?rest_route=%2Fwp%2Fv2%2Fcomments&post=14034"}],"version-history":[{"count":1,"href":"https:\/\/entrenotasyacordes.com\/index.php?rest_route=\/wp\/v2\/posts\/14034\/revisions"}],"predecessor-version":[{"id":14038,"href":"https:\/\/entrenotasyacordes.com\/index.php?rest_route=\/wp\/v2\/posts\/14034\/revisions\/14038"}],"wp:featuredmedia":[{"embeddable":true,"href":"https:\/\/entrenotasyacordes.com\/index.php?rest_route=\/wp\/v2\/media\/14035"}],"wp:attachment":[{"href":"https:\/\/entrenotasyacordes.com\/index.php?rest_route=%2Fwp%2Fv2%2Fmedia&parent=14034"}],"wp:term":[{"taxonomy":"category","embeddable":true,"href":"https:\/\/entrenotasyacordes.com\/index.php?rest_route=%2Fwp%2Fv2%2Fcategories&post=14034"},{"taxonomy":"post_tag","embeddable":true,"href":"https:\/\/entrenotasyacordes.com\/index.php?rest_route=%2Fwp%2Fv2%2Ftags&post=14034"}],"curies":[{"name":"wp","href":"https:\/\/api.w.org\/{rel}","templated":true}]}}