{"id":14039,"date":"2025-02-20T14:46:59","date_gmt":"2025-02-20T14:46:59","guid":{"rendered":"https:\/\/entrenotasyacordes.com\/?p=14039"},"modified":"2025-02-20T14:47:28","modified_gmt":"2025-02-20T14:47:28","slug":"el-inesperado-dueto-de-lucia-de-pimpinela-y-su-hija-rocio-en-miami","status":"publish","type":"post","link":"https:\/\/entrenotasyacordes.com\/?p=14039","title":{"rendered":"EL INESPERADO DUETO DE LUC\u00cdA DE PIMPINELA Y SU HIJA ROC\u00cdO EN MIAMI"},"content":{"rendered":"\n<!--more-->\n\n\n\n<p>Dicen que la pasi\u00f3n y el talento pueden heredarse, y el \u00faltimo concierto de\u00a0<strong>Pimpinela\u00a0<\/strong>en el\u00a0<strong>James L. Knight Center<\/strong>\u00a0de Miami es una prueba de ello. En un auditorio\u00a0<strong>SOLD OUT,<\/strong>\u00a0<strong>Luc\u00eda Gal\u00e1n<\/strong>\u00a0vivi\u00f3 una sorpresa de lo m\u00e1s emotiva cuando su hija,\u00a0<strong>Roc\u00edo Haz\u00e1n Gal\u00e1n<\/strong>, subi\u00f3 al escenario para cantar juntas \u201c<strong>Someone Like You\u201d<\/strong>, de\u00a0<strong>Adele.<\/strong>\u00a0<\/p>\n\n\n\n<figure class=\"wp-block-embed is-type-video is-provider-youtube wp-block-embed-youtube wp-embed-aspect-16-9 wp-has-aspect-ratio\"><div class=\"wp-block-embed__wrapper\">\n<div class=\"epyt-video-wrapper\"><iframe loading=\"lazy\"  id=\"_ytid_47970\"  width=\"640\" height=\"360\"  data-origwidth=\"640\" data-origheight=\"360\" src=\"https:\/\/www.youtube.com\/embed\/ViX1rzaqqhg?enablejsapi=1&#038;autoplay=0&#038;cc_load_policy=0&#038;cc_lang_pref=&#038;iv_load_policy=1&#038;loop=0&#038;rel=1&#038;fs=1&#038;playsinline=0&#038;autohide=2&#038;theme=dark&#038;color=white&#038;controls=1&#038;\" class=\"__youtube_prefs__  epyt-is-override  no-lazyload\" data-vol=\"50\"  title=\"YouTube player\"  allow=\"fullscreen; accelerometer; autoplay; clipboard-write; encrypted-media; gyroscope; picture-in-picture; web-share\" referrerpolicy=\"strict-origin-when-cross-origin\" allowfullscreen data-no-lazy=\"1\" data-skipgform_ajax_framebjll=\"\"><\/iframe><\/div>\n<\/div><\/figure>\n\n\n\n<p>El p\u00fablico ovacion\u00f3 el momento mientras Luc\u00eda, visiblemente emocionada, compart\u00eda con su hija una interpretaci\u00f3n impecable que no tard\u00f3 en viralizarse. \u201cLuc\u00eda mostrando la experiencia vocal que tiene y su hija demostrando que el fruto cay\u00f3 cerquita del \u00e1rbol\u201d, coment\u00f3 una seguidora en redes, reflejando el sentimiento general del p\u00fablico. \u201cEsa es una artista verdadera\u2026 cuando se supera a s\u00ed misma\u201d, agreg\u00f3 otro espectador.<\/p>\n\n\n\n<p>El video de ambas r\u00e1pidamente se viraliz\u00f3 en las redes y los seguidores de Pimpinela ya sue\u00f1an con volver a verlas juntas. \u201cLuc\u00eda, ten\u00e9s que cantar con tu hija m\u00e1s seguido. \u00a1Voces de \u00e1ngeles!\u201d, escribi\u00f3 una fan, mientras otra resumi\u00f3 el sentir de todos: \u201cPiel de gallina. Qu\u00e9 lindo cantan\u201d<\/p>\n\n\n\n<figure class=\"wp-block-image size-full\"><img loading=\"lazy\" decoding=\"async\" width=\"2250\" height=\"1248\" src=\"https:\/\/entrenotasyacordes.com\/wp-content\/uploads\/2025\/02\/16e.png\" alt=\"\" class=\"wp-image-14040\" srcset=\"https:\/\/entrenotasyacordes.com\/wp-content\/uploads\/2025\/02\/16e.png 2250w, https:\/\/entrenotasyacordes.com\/wp-content\/uploads\/2025\/02\/16e-300x166.png 300w, https:\/\/entrenotasyacordes.com\/wp-content\/uploads\/2025\/02\/16e-1024x568.png 1024w, https:\/\/entrenotasyacordes.com\/wp-content\/uploads\/2025\/02\/16e-768x426.png 768w, https:\/\/entrenotasyacordes.com\/wp-content\/uploads\/2025\/02\/16e-1536x852.png 1536w, https:\/\/entrenotasyacordes.com\/wp-content\/uploads\/2025\/02\/16e-2048x1136.png 2048w\" sizes=\"auto, (max-width: 2250px) 100vw, 2250px\" \/><\/figure>\n\n\n\n<p><strong>NUEVO CONCIERTO Y CANCI\u00d3N<\/strong><br>Este emotivo encuentro se dio en el marco de \u201dNoticias del Amor\u201d, el nuevo espect\u00e1culo de Pimpinela que, m\u00e1s que un recital, es una experiencia teatral y visual. En \u00e9l, Luc\u00eda y\u00a0<strong>Joaqu\u00edn Gal\u00e1n<\/strong>\u00a0no solo interpretan sus cl\u00e1sicos, sino que se convierten en conductores de un noticiero especial que recorre la evoluci\u00f3n del amor a trav\u00e9s de las d\u00e9cadas, desde los a\u00f1os 60 hasta hoy. Con un repertorio que combina \u00e9xitos propios con canciones ic\u00f3nicas de cada \u00e9poca (la de Adele representa el nuevo milenio), el show logra una conexi\u00f3n \u00fanica con el p\u00fablico, abordando con m\u00fasica y puesta en escena temas actuales como la inteligencia artificial.<\/p>\n\n\n<div class=\"wp-block-image\">\n<figure class=\"aligncenter size-full\"><img loading=\"lazy\" decoding=\"async\" width=\"676\" height=\"678\" src=\"https:\/\/entrenotasyacordes.com\/wp-content\/uploads\/2025\/02\/16ee.png\" alt=\"\" class=\"wp-image-14041\" srcset=\"https:\/\/entrenotasyacordes.com\/wp-content\/uploads\/2025\/02\/16ee.png 676w, https:\/\/entrenotasyacordes.com\/wp-content\/uploads\/2025\/02\/16ee-300x300.png 300w, https:\/\/entrenotasyacordes.com\/wp-content\/uploads\/2025\/02\/16ee-150x150.png 150w, https:\/\/entrenotasyacordes.com\/wp-content\/uploads\/2025\/02\/16ee-50x50.png 50w\" sizes=\"auto, (max-width: 676px) 100vw, 676px\" \/><\/figure>\n<\/div>\n\n\n<p>Este gran momento madre-hija llega en medio del \u00e9xito de La Trampa, el m\u00e1s reciente lanzamiento de Pimpinela, que en pocos d\u00edas super\u00f3 los 3 millones de reproducciones y que se convirti\u00f3 en el video m\u00e1s visto en Youtube Argentina. La canci\u00f3n, con su impactante videoclip protagonizado por\u00a0<strong>Eugenia Tobal<\/strong>\u00a0y\u00a0<strong>Osvaldo Laport,<\/strong>\u00a0reafirma la capacidad del d\u00fao para contar historias intensas y conmovedoras, manteni\u00e9ndose vigentes tras m\u00e1s de cuatro d\u00e9cadas de trayectoria.<\/p>\n\n\n\n<p><strong>LA GIRA SIGUE<\/strong><br><strong>\u201dNoticias del Amor\u201d<\/strong>\u00a0contin\u00faa su recorrido por Estados Unidos con presentaciones en ciudades como\u00a0<strong>Dallas, Houston, Phoenix, Los \u00c1ngeles<\/strong>\u00a0<strong>y\u00a0Las Vegas<\/strong>, llevando su innovador espect\u00e1culo a miles de personas. En marzo, el tour llegar\u00e1 a\u00a0<strong>M\u00e9xico<\/strong>\u00a0con 11 conciertos en distintas ciudades, incluyendo destacadas fechas en el\u00a0<strong>Auditorio Nacional de la Ciudad de M\u00e9xico<\/strong>, as\u00ed como en\u00a0<strong>Monterrey, Guadalajara y Acapulco<\/strong>, reafirmando una vez m\u00e1s la vigencia y el impacto de Pimpinela en el p\u00fablico latinoamericano.<\/p>\n\n\n\n<p><\/p>\n","protected":false},"excerpt":{"rendered":"","protected":false},"author":5,"featured_media":14040,"comment_status":"open","ping_status":"open","sticky":false,"template":"","format":"standard","meta":{"om_disable_all_campaigns":false,"_uf_show_specific_survey":0,"_uf_disable_surveys":false,"footnotes":""},"categories":[4],"tags":[],"class_list":["post-14039","post","type-post","status-publish","format-standard","has-post-thumbnail","hentry","category-musica"],"_links":{"self":[{"href":"https:\/\/entrenotasyacordes.com\/index.php?rest_route=\/wp\/v2\/posts\/14039","targetHints":{"allow":["GET"]}}],"collection":[{"href":"https:\/\/entrenotasyacordes.com\/index.php?rest_route=\/wp\/v2\/posts"}],"about":[{"href":"https:\/\/entrenotasyacordes.com\/index.php?rest_route=\/wp\/v2\/types\/post"}],"author":[{"embeddable":true,"href":"https:\/\/entrenotasyacordes.com\/index.php?rest_route=\/wp\/v2\/users\/5"}],"replies":[{"embeddable":true,"href":"https:\/\/entrenotasyacordes.com\/index.php?rest_route=%2Fwp%2Fv2%2Fcomments&post=14039"}],"version-history":[{"count":1,"href":"https:\/\/entrenotasyacordes.com\/index.php?rest_route=\/wp\/v2\/posts\/14039\/revisions"}],"predecessor-version":[{"id":14042,"href":"https:\/\/entrenotasyacordes.com\/index.php?rest_route=\/wp\/v2\/posts\/14039\/revisions\/14042"}],"wp:featuredmedia":[{"embeddable":true,"href":"https:\/\/entrenotasyacordes.com\/index.php?rest_route=\/wp\/v2\/media\/14040"}],"wp:attachment":[{"href":"https:\/\/entrenotasyacordes.com\/index.php?rest_route=%2Fwp%2Fv2%2Fmedia&parent=14039"}],"wp:term":[{"taxonomy":"category","embeddable":true,"href":"https:\/\/entrenotasyacordes.com\/index.php?rest_route=%2Fwp%2Fv2%2Fcategories&post=14039"},{"taxonomy":"post_tag","embeddable":true,"href":"https:\/\/entrenotasyacordes.com\/index.php?rest_route=%2Fwp%2Fv2%2Ftags&post=14039"}],"curies":[{"name":"wp","href":"https:\/\/api.w.org\/{rel}","templated":true}]}}