{"id":14043,"date":"2025-02-20T15:19:33","date_gmt":"2025-02-20T15:19:33","guid":{"rendered":"https:\/\/entrenotasyacordes.com\/?p=14043"},"modified":"2025-02-21T14:21:29","modified_gmt":"2025-02-21T14:21:29","slug":"lago-en-el-cielo-festival-solidario-por-el-sur-argentino","status":"publish","type":"post","link":"https:\/\/entrenotasyacordes.com\/?p=14043","title":{"rendered":"LAGO EN EL CIELO: FESTIVAL SOLIDARIO POR EL SUR ARGENTINO"},"content":{"rendered":"\n<!--more-->\n\n\n<div class=\"wp-block-image\">\n<figure class=\"aligncenter size-full\"><img loading=\"lazy\" decoding=\"async\" width=\"1081\" height=\"1351\" src=\"https:\/\/entrenotasyacordes.com\/wp-content\/uploads\/2025\/02\/Attachment-636747-761840334.547381.jpg\" alt=\"\" class=\"wp-image-14053\" srcset=\"https:\/\/entrenotasyacordes.com\/wp-content\/uploads\/2025\/02\/Attachment-636747-761840334.547381.jpg 1081w, https:\/\/entrenotasyacordes.com\/wp-content\/uploads\/2025\/02\/Attachment-636747-761840334.547381-240x300.jpg 240w, https:\/\/entrenotasyacordes.com\/wp-content\/uploads\/2025\/02\/Attachment-636747-761840334.547381-819x1024.jpg 819w, https:\/\/entrenotasyacordes.com\/wp-content\/uploads\/2025\/02\/Attachment-636747-761840334.547381-768x960.jpg 768w, https:\/\/entrenotasyacordes.com\/wp-content\/uploads\/2025\/02\/Attachment-636747-761840334.547381-1024x1280.jpg 1024w\" sizes=\"auto, (max-width: 1081px) 100vw, 1081px\" \/><\/figure>\n<\/div>\n\n\n<p class=\"has-text-align-left\">El  28 de febrero, Groove ser\u00e1 la sede de\u00a0<em><strong>Lago en el Cielo<\/strong><\/em>, un festival solidario que reunir\u00e1 a reconocidos artistas con la intenci\u00f3n de acompa\u00f1ar a las personas y comunidades que sufren el impacto de los incendios en el sur argentino.<\/p>\n\n\n\n<p class=\"has-text-align-left\">El festival contar\u00e1 con la participaci\u00f3n de&nbsp;<em><strong>Coti, Las Ligas Menores, Lito Vitale, Hilda Lizarazu, Juan Carlos Baglietto, La Bomba de Tiempo, Hipn\u00f3tica, Potra, Mery Granados, A.I.N.D.A, Franco Rizzaro, Joaqu\u00edn Vitola<\/strong><\/em>&nbsp;y m\u00e1s artistas por anunciar.<\/p>\n\n\n\n<p>Las entradas ya se encuentran a la venta y la totalidad de lo recaudado ser\u00e1 destinado a<em><strong>&nbsp;Fondo Solidario UNRN<\/strong><\/em>&nbsp;(<strong><em>@fondosolidario.unrn @unrionegro<\/em><\/strong>), que trabaja en la contenci\u00f3n y reconstrucci\u00f3n de las zonas afectadas, y por otro lado,&nbsp;<strong>@fundacion.planetavivo.arg<\/strong>&nbsp;liderada por&nbsp;<strong>@fer_pieroni<\/strong>&nbsp;que realiza relevamientos en la zona, gestiona la compra de alimentos y brinda asistencia veterinaria, entre otras tareas necesarias.<\/p>\n","protected":false},"excerpt":{"rendered":"","protected":false},"author":5,"featured_media":14053,"comment_status":"open","ping_status":"open","sticky":false,"template":"","format":"standard","meta":{"om_disable_all_campaigns":false,"_uf_show_specific_survey":0,"_uf_disable_surveys":false,"footnotes":""},"categories":[36],"tags":[],"class_list":["post-14043","post","type-post","status-publish","format-standard","has-post-thumbnail","hentry","category-conciertos"],"_links":{"self":[{"href":"https:\/\/entrenotasyacordes.com\/index.php?rest_route=\/wp\/v2\/posts\/14043","targetHints":{"allow":["GET"]}}],"collection":[{"href":"https:\/\/entrenotasyacordes.com\/index.php?rest_route=\/wp\/v2\/posts"}],"about":[{"href":"https:\/\/entrenotasyacordes.com\/index.php?rest_route=\/wp\/v2\/types\/post"}],"author":[{"embeddable":true,"href":"https:\/\/entrenotasyacordes.com\/index.php?rest_route=\/wp\/v2\/users\/5"}],"replies":[{"embeddable":true,"href":"https:\/\/entrenotasyacordes.com\/index.php?rest_route=%2Fwp%2Fv2%2Fcomments&post=14043"}],"version-history":[{"count":2,"href":"https:\/\/entrenotasyacordes.com\/index.php?rest_route=\/wp\/v2\/posts\/14043\/revisions"}],"predecessor-version":[{"id":14055,"href":"https:\/\/entrenotasyacordes.com\/index.php?rest_route=\/wp\/v2\/posts\/14043\/revisions\/14055"}],"wp:featuredmedia":[{"embeddable":true,"href":"https:\/\/entrenotasyacordes.com\/index.php?rest_route=\/wp\/v2\/media\/14053"}],"wp:attachment":[{"href":"https:\/\/entrenotasyacordes.com\/index.php?rest_route=%2Fwp%2Fv2%2Fmedia&parent=14043"}],"wp:term":[{"taxonomy":"category","embeddable":true,"href":"https:\/\/entrenotasyacordes.com\/index.php?rest_route=%2Fwp%2Fv2%2Fcategories&post=14043"},{"taxonomy":"post_tag","embeddable":true,"href":"https:\/\/entrenotasyacordes.com\/index.php?rest_route=%2Fwp%2Fv2%2Ftags&post=14043"}],"curies":[{"name":"wp","href":"https:\/\/api.w.org\/{rel}","templated":true}]}}