{"id":14046,"date":"2025-02-20T15:27:21","date_gmt":"2025-02-20T15:27:21","guid":{"rendered":"https:\/\/entrenotasyacordes.com\/?p=14046"},"modified":"2025-02-20T15:27:22","modified_gmt":"2025-02-20T15:27:22","slug":"rei-se-presenta-en-el-teatro-opera-la-plata","status":"publish","type":"post","link":"https:\/\/entrenotasyacordes.com\/?p=14046","title":{"rendered":"REI se presenta en el Teatro \u00d3pera La Plata"},"content":{"rendered":"\n<!--more-->\n\n\n<div class=\"wp-block-image\">\n<figure class=\"aligncenter size-full is-resized\"><img loading=\"lazy\" decoding=\"async\" width=\"1350\" height=\"1350\" src=\"https:\/\/entrenotasyacordes.com\/wp-content\/uploads\/2025\/02\/16eeee.jpg\" alt=\"\" class=\"wp-image-14047\" style=\"width:599px;height:auto\" srcset=\"https:\/\/entrenotasyacordes.com\/wp-content\/uploads\/2025\/02\/16eeee.jpg 1350w, https:\/\/entrenotasyacordes.com\/wp-content\/uploads\/2025\/02\/16eeee-300x300.jpg 300w, https:\/\/entrenotasyacordes.com\/wp-content\/uploads\/2025\/02\/16eeee-1024x1024.jpg 1024w, https:\/\/entrenotasyacordes.com\/wp-content\/uploads\/2025\/02\/16eeee-150x150.jpg 150w, https:\/\/entrenotasyacordes.com\/wp-content\/uploads\/2025\/02\/16eeee-768x768.jpg 768w, https:\/\/entrenotasyacordes.com\/wp-content\/uploads\/2025\/02\/16eeee-50x50.jpg 50w\" sizes=\"auto, (max-width: 1350px) 100vw, 1350px\" \/><\/figure>\n<\/div>\n\n\n<p class=\"has-text-align-left\"><strong>Rei<\/strong>, una de las voces m\u00e1s aut\u00e9nticas y representativas del trap argentino, llega a la ciudad de La Plata en marco de &nbsp;su gira internacional CDM TOUR&nbsp; 2025.<\/p>\n\n\n\n<p>En este tour, presentar\u00e1 en vivo sus nuevos discos C.D.M. y C.D.M. Deluxe, con un show completamente renovado, cargado del mejor trap al m\u00e1s alto nivel, tal como ha acostumbrado a sus fans desde sus inicios.<\/p>\n\n\n\n<p>La cita ser\u00e1 en el<strong>&nbsp;Teatro \u00d3pera La Plata<\/strong>&nbsp; el&nbsp;<strong>s\u00e1bado 7 de junio<\/strong>, 20hs.<\/p>\n\n\n\n<p><strong>\u00a0Las entradas est\u00e1n a la venta\u00a0 por sistema\u00a0<a href=\"https:\/\/livepass.com.ar\/events\/j-rei-en-el-teatro-opera-lp?utm_source=perfit&amp;utm_medium=email\" target=\"_blank\" rel=\"noreferrer noopener\">Livepass\u00a0<\/a>y boleter\u00eda del teatro.<\/strong><br><strong>Comprando tus entradas con tarjetas Visa y MasterCard del Banco Provincia tenes 4 cuotas sin inter\u00e9s.<\/strong><\/p>\n\n\n<div class=\"wp-block-image\">\n<figure class=\"aligncenter size-full is-resized\"><img loading=\"lazy\" decoding=\"async\" width=\"1707\" height=\"2560\" src=\"https:\/\/entrenotasyacordes.com\/wp-content\/uploads\/2025\/02\/16eeeee-scaled.jpg\" alt=\"\" class=\"wp-image-14048\" style=\"width:599px;height:auto\" srcset=\"https:\/\/entrenotasyacordes.com\/wp-content\/uploads\/2025\/02\/16eeeee-scaled.jpg 1707w, https:\/\/entrenotasyacordes.com\/wp-content\/uploads\/2025\/02\/16eeeee-200x300.jpg 200w, https:\/\/entrenotasyacordes.com\/wp-content\/uploads\/2025\/02\/16eeeee-683x1024.jpg 683w, https:\/\/entrenotasyacordes.com\/wp-content\/uploads\/2025\/02\/16eeeee-768x1152.jpg 768w, https:\/\/entrenotasyacordes.com\/wp-content\/uploads\/2025\/02\/16eeeee-1024x1536.jpg 1024w, https:\/\/entrenotasyacordes.com\/wp-content\/uploads\/2025\/02\/16eeeee-1365x2048.jpg 1365w\" sizes=\"auto, (max-width: 1707px) 100vw, 1707px\" \/><\/figure>\n<\/div>\n\n\n<p class=\"has-text-align-left\">Esta serie de conciertos marcar\u00e1 un nuevo hito en su carrera, consolidando su posici\u00f3n como referente del g\u00e9nero urbano en habla hispana. Conocido por su estilo que fusiona la crudeza del hip hop de barrio con la frescura del trap pistero, Rei ha conquistado a una audiencia masiva con \u00e9xitos como Pininfarina, Un Mont\u00f3n y Sin Berret\u00edn, acumulando cientos de millones de reproducciones en plataformas digitales.<\/p>\n\n\n\n<p class=\"has-text-align-left\">Su \u00faltimo \u00e1lbum, C.D.M., y su versi\u00f3n extendida, C.D.M. Deluxe, incluyen colaboraciones con artistas como Duki, Neo Pistea, Milo J, Obie Wanshot y Lucho SSJ, reafirmando su identidad musical y su crecimiento en la escena internacional.<\/p>\n","protected":false},"excerpt":{"rendered":"","protected":false},"author":5,"featured_media":14047,"comment_status":"open","ping_status":"open","sticky":false,"template":"","format":"standard","meta":{"om_disable_all_campaigns":false,"_uf_show_specific_survey":0,"_uf_disable_surveys":false,"footnotes":""},"categories":[36],"tags":[],"class_list":["post-14046","post","type-post","status-publish","format-standard","has-post-thumbnail","hentry","category-conciertos"],"_links":{"self":[{"href":"https:\/\/entrenotasyacordes.com\/index.php?rest_route=\/wp\/v2\/posts\/14046","targetHints":{"allow":["GET"]}}],"collection":[{"href":"https:\/\/entrenotasyacordes.com\/index.php?rest_route=\/wp\/v2\/posts"}],"about":[{"href":"https:\/\/entrenotasyacordes.com\/index.php?rest_route=\/wp\/v2\/types\/post"}],"author":[{"embeddable":true,"href":"https:\/\/entrenotasyacordes.com\/index.php?rest_route=\/wp\/v2\/users\/5"}],"replies":[{"embeddable":true,"href":"https:\/\/entrenotasyacordes.com\/index.php?rest_route=%2Fwp%2Fv2%2Fcomments&post=14046"}],"version-history":[{"count":1,"href":"https:\/\/entrenotasyacordes.com\/index.php?rest_route=\/wp\/v2\/posts\/14046\/revisions"}],"predecessor-version":[{"id":14049,"href":"https:\/\/entrenotasyacordes.com\/index.php?rest_route=\/wp\/v2\/posts\/14046\/revisions\/14049"}],"wp:featuredmedia":[{"embeddable":true,"href":"https:\/\/entrenotasyacordes.com\/index.php?rest_route=\/wp\/v2\/media\/14047"}],"wp:attachment":[{"href":"https:\/\/entrenotasyacordes.com\/index.php?rest_route=%2Fwp%2Fv2%2Fmedia&parent=14046"}],"wp:term":[{"taxonomy":"category","embeddable":true,"href":"https:\/\/entrenotasyacordes.com\/index.php?rest_route=%2Fwp%2Fv2%2Fcategories&post=14046"},{"taxonomy":"post_tag","embeddable":true,"href":"https:\/\/entrenotasyacordes.com\/index.php?rest_route=%2Fwp%2Fv2%2Ftags&post=14046"}],"curies":[{"name":"wp","href":"https:\/\/api.w.org\/{rel}","templated":true}]}}