{"id":14056,"date":"2025-02-21T14:32:35","date_gmt":"2025-02-21T14:32:35","guid":{"rendered":"https:\/\/entrenotasyacordes.com\/?p=14056"},"modified":"2025-02-21T14:32:36","modified_gmt":"2025-02-21T14:32:36","slug":"eruca-sativa-presenta-su-nuevo-single-no-pasaran","status":"publish","type":"post","link":"https:\/\/entrenotasyacordes.com\/?p=14056","title":{"rendered":"Eruca Sativa presenta su nuevo single \u00abNo pasar\u00e1n\u00bb"},"content":{"rendered":"\n<!--more-->\n\n\n<div class=\"wp-block-image\">\n<figure class=\"aligncenter size-full is-resized\"><img loading=\"lazy\" decoding=\"async\" width=\"2560\" height=\"1706\" src=\"https:\/\/entrenotasyacordes.com\/wp-content\/uploads\/2025\/02\/Eruca_Prensa_-_Foto_Nora_Lezano-scaled.jpg\" alt=\"\" class=\"wp-image-14057\" style=\"width:599px;height:auto\" srcset=\"https:\/\/entrenotasyacordes.com\/wp-content\/uploads\/2025\/02\/Eruca_Prensa_-_Foto_Nora_Lezano-scaled.jpg 2560w, https:\/\/entrenotasyacordes.com\/wp-content\/uploads\/2025\/02\/Eruca_Prensa_-_Foto_Nora_Lezano-300x200.jpg 300w, https:\/\/entrenotasyacordes.com\/wp-content\/uploads\/2025\/02\/Eruca_Prensa_-_Foto_Nora_Lezano-1024x683.jpg 1024w, https:\/\/entrenotasyacordes.com\/wp-content\/uploads\/2025\/02\/Eruca_Prensa_-_Foto_Nora_Lezano-768x512.jpg 768w, https:\/\/entrenotasyacordes.com\/wp-content\/uploads\/2025\/02\/Eruca_Prensa_-_Foto_Nora_Lezano-1536x1024.jpg 1536w, https:\/\/entrenotasyacordes.com\/wp-content\/uploads\/2025\/02\/Eruca_Prensa_-_Foto_Nora_Lezano-2048x1365.jpg 2048w\" sizes=\"auto, (max-width: 2560px) 100vw, 2560px\" \/><\/figure>\n<\/div>\n\n\n<p class=\"has-text-align-left\">\u201cNo pasar\u00e1n\u201d, es el segundo adelanto del pr\u00f3ximo \u00e1lbum del tr\u00edo formado por Lula Bertoldi, Brenda Martin y Gabriel Pedernera, que saldr\u00e1 en el mes de Abril.<\/p>\n\n\n\n<p>Tanto esta canci\u00f3n como el disco fueron producidos por Afo Verde y grabados en Criteria Studios (Miami), donde se grabaron discos emblem\u00e1ticos como \u201cHighway to hell\u201d de AC\/DC, \u201c461 Ocean Boulevard\u201d de Eric Clapton, \u201cHotel California\u201d de Eagles, y \u201cCanci\u00f3n animal\u201d de Soda Stereo.<\/p>\n\n\n\n<p>Las voces fueron grabadas en Estudios 5020 (Miami) y en ambos estudios contaron con el ingeniero Facundo Rodr\u00edguez, quien tambi\u00e9n est\u00e1 mezclando este nuevo material y con Daniel Ovi\u00e9 a cargo del mastering.<\/p>\n\n\n\n<p><\/p>\n\n\n\n<p><em><strong>Lula Bertoldi acerca de \u201cNo pasar\u00e1n\u201d:<\/strong><br>\u201cNuestro segundo corte es lamentablemente muy actual\u2026 a pesar de haber escrito la letra en Diciembre del 2023, sigue reflejando una situaci\u00f3n cotidiana y que nos despierta mucha bronca, que es la distracci\u00f3n desde quienes tienen el poder hacia el pueblo para generarnos divisiones, para que nos sintamos desconocidos y opuestos y perdamos el tiempo en pelearnos entre nosotrxs\u2026 creemos mucho en la uni\u00f3n de las personas para lograr cambios incre\u00edbles, no solo en nuestro pa\u00eds sino en toda la humanidad\u201d.<\/em><\/p>\n\n\n\n<p class=\"has-text-align-left\"><\/p>\n\n\n\n<div style=\"height:53px\" aria-hidden=\"true\" class=\"wp-block-spacer\"><\/div>\n\n\n\n<figure class=\"wp-block-embed is-type-video is-provider-youtube wp-block-embed-youtube wp-embed-aspect-16-9 wp-has-aspect-ratio\"><div class=\"wp-block-embed__wrapper\">\n<div class=\"epyt-video-wrapper\"><iframe loading=\"lazy\"  id=\"_ytid_90699\"  width=\"640\" height=\"360\"  data-origwidth=\"640\" data-origheight=\"360\" src=\"https:\/\/www.youtube.com\/embed\/18kcvQxBYAE?enablejsapi=1&#038;autoplay=0&#038;cc_load_policy=0&#038;cc_lang_pref=&#038;iv_load_policy=1&#038;loop=0&#038;rel=1&#038;fs=1&#038;playsinline=0&#038;autohide=2&#038;theme=dark&#038;color=white&#038;controls=1&#038;\" class=\"__youtube_prefs__  epyt-is-override  no-lazyload\" data-vol=\"50\"  title=\"YouTube player\"  allow=\"fullscreen; accelerometer; autoplay; clipboard-write; encrypted-media; gyroscope; picture-in-picture; web-share\" referrerpolicy=\"strict-origin-when-cross-origin\" allowfullscreen data-no-lazy=\"1\" data-skipgform_ajax_framebjll=\"\"><\/iframe><\/div>\n<\/div><\/figure>\n\n\n\n<div style=\"height:100px\" aria-hidden=\"true\" class=\"wp-block-spacer\"><\/div>\n\n\n\n<p><\/p>\n","protected":false},"excerpt":{"rendered":"","protected":false},"author":5,"featured_media":14058,"comment_status":"open","ping_status":"open","sticky":false,"template":"","format":"standard","meta":{"om_disable_all_campaigns":false,"_uf_show_specific_survey":0,"_uf_disable_surveys":false,"footnotes":""},"categories":[4],"tags":[],"class_list":["post-14056","post","type-post","status-publish","format-standard","has-post-thumbnail","hentry","category-musica"],"_links":{"self":[{"href":"https:\/\/entrenotasyacordes.com\/index.php?rest_route=\/wp\/v2\/posts\/14056","targetHints":{"allow":["GET"]}}],"collection":[{"href":"https:\/\/entrenotasyacordes.com\/index.php?rest_route=\/wp\/v2\/posts"}],"about":[{"href":"https:\/\/entrenotasyacordes.com\/index.php?rest_route=\/wp\/v2\/types\/post"}],"author":[{"embeddable":true,"href":"https:\/\/entrenotasyacordes.com\/index.php?rest_route=\/wp\/v2\/users\/5"}],"replies":[{"embeddable":true,"href":"https:\/\/entrenotasyacordes.com\/index.php?rest_route=%2Fwp%2Fv2%2Fcomments&post=14056"}],"version-history":[{"count":1,"href":"https:\/\/entrenotasyacordes.com\/index.php?rest_route=\/wp\/v2\/posts\/14056\/revisions"}],"predecessor-version":[{"id":14059,"href":"https:\/\/entrenotasyacordes.com\/index.php?rest_route=\/wp\/v2\/posts\/14056\/revisions\/14059"}],"wp:featuredmedia":[{"embeddable":true,"href":"https:\/\/entrenotasyacordes.com\/index.php?rest_route=\/wp\/v2\/media\/14058"}],"wp:attachment":[{"href":"https:\/\/entrenotasyacordes.com\/index.php?rest_route=%2Fwp%2Fv2%2Fmedia&parent=14056"}],"wp:term":[{"taxonomy":"category","embeddable":true,"href":"https:\/\/entrenotasyacordes.com\/index.php?rest_route=%2Fwp%2Fv2%2Fcategories&post=14056"},{"taxonomy":"post_tag","embeddable":true,"href":"https:\/\/entrenotasyacordes.com\/index.php?rest_route=%2Fwp%2Fv2%2Ftags&post=14056"}],"curies":[{"name":"wp","href":"https:\/\/api.w.org\/{rel}","templated":true}]}}