{"id":14060,"date":"2025-02-21T14:38:57","date_gmt":"2025-02-21T14:38:57","guid":{"rendered":"https:\/\/entrenotasyacordes.com\/?p=14060"},"modified":"2025-02-21T14:38:58","modified_gmt":"2025-02-21T14:38:58","slug":"la-fiesta-fa-se-suma-al-quilmes-rock","status":"publish","type":"post","link":"https:\/\/entrenotasyacordes.com\/?p=14060","title":{"rendered":"LA FIESTA \u00a1FA! SE SUMA AL QUILMES ROCK"},"content":{"rendered":"\n<!--more-->\n\n\n<div class=\"wp-block-image\">\n<figure class=\"aligncenter size-full is-resized\"><img loading=\"lazy\" decoding=\"async\" width=\"1080\" height=\"1350\" src=\"https:\/\/entrenotasyacordes.com\/wp-content\/uploads\/2025\/02\/bonus-track-fiesta-fa-1080x1350-1.jpeg\" alt=\"\" class=\"wp-image-14061\" style=\"width:599px;height:auto\" srcset=\"https:\/\/entrenotasyacordes.com\/wp-content\/uploads\/2025\/02\/bonus-track-fiesta-fa-1080x1350-1.jpeg 1080w, https:\/\/entrenotasyacordes.com\/wp-content\/uploads\/2025\/02\/bonus-track-fiesta-fa-1080x1350-1-240x300.jpeg 240w, https:\/\/entrenotasyacordes.com\/wp-content\/uploads\/2025\/02\/bonus-track-fiesta-fa-1080x1350-1-819x1024.jpeg 819w, https:\/\/entrenotasyacordes.com\/wp-content\/uploads\/2025\/02\/bonus-track-fiesta-fa-1080x1350-1-768x960.jpeg 768w, https:\/\/entrenotasyacordes.com\/wp-content\/uploads\/2025\/02\/bonus-track-fiesta-fa-1080x1350-1-1024x1280.jpeg 1024w\" sizes=\"auto, (max-width: 1080px) 100vw, 1080px\" \/><\/figure>\n<\/div>\n\n\n<p class=\"has-text-align-left\"><strong>El reconocido ciclo musical que comanda Mex Urtizberea llega al Quilmes Rock repleto de novedades y sorpresas, en una jornada especial que tendr\u00e1 lugar el lunes 7 de abril.<\/strong><\/p>\n\n\n\n<p>La <strong>Fiesta \u00a1FA!<\/strong> sostiene su promesa de ser inolvidable: una variet\u00e9 m\u00e1gica con m\u00fasica en vivo a trav\u00e9s de la banda de \u00a1FA! comandada por <strong>Mex Urtizberea<\/strong>, a la que se suman invitados maravillosos, danza con el Pato Smink y muchas sorpresas\u2026 Porque <strong>\u00a1FA!<\/strong> es asombro y es abrazo. Es cantar. Es pensar. Es bailar.<\/p>\n\n\n\n<p><strong>\u00a1FA!<\/strong> arranc\u00f3 en abril de 2022 como un ciclo de tertulias desde la casa de Mex Urtizberea, con m\u00fasica en vivo, charlas y reflexiones compartidas con artistas notables. Sus ediciones en YouTube (que se pueden ver en el Canal ESTO ES FA) fueron creciendo en popularidad mes a mes hasta que en octubre de 2023 \u00a1FA! sali\u00f3 de la pantalla por primera vez al encuentro con su comunidad con el formato FIESTA y fue un \u00e9xito rotundo.<\/p>\n\n\n\n<p>As\u00ed fue que naci\u00f3 la <strong>FIESTA \u00a1FA!<\/strong> y desde entonces no para de girar: ya van once ediciones y ahora acaba de pasar por C\u00f3rdoba como fiesta inaugural del Cosqu\u00edn Rock 2025!<br>El deseo de sus seguidores por participar de manera presencial de estos encuentros impuls\u00f3 el formato \u201cFIESTA\u201d, transformando la tertulia de la pantalla en celebraci\u00f3n con m\u00fasica en vivo en diferentes locaciones y con excelente recepci\u00f3n. El pr\u00f3ximo encuentro es el <strong>7 <\/strong>de<strong> abril<\/strong> en el marco del <strong>QUILMES ROCK<\/strong> en <strong>Tecn\u00f3polis<\/strong>.<\/p>\n\n\n\n<p class=\"has-text-align-left\"><\/p>\n\n\n\n<div style=\"height:53px\" aria-hidden=\"true\" class=\"wp-block-spacer\"><\/div>\n\n\n\n<p class=\"has-text-align-center\"><strong>Entradas disponibles a trav\u00e9s de EnigmaTickets<\/strong><\/p>\n\n\n\n<p class=\"has-text-align-center\"><a href=\"http:\/\/www.enigmatickets.com\"><strong>www.enigmatickets.com<\/strong><\/a><\/p>\n\n\n\n<p class=\"has-text-align-center\"><\/p>\n\n\n\n<div style=\"height:100px\" aria-hidden=\"true\" class=\"wp-block-spacer\"><\/div>\n","protected":false},"excerpt":{"rendered":"","protected":false},"author":5,"featured_media":14061,"comment_status":"open","ping_status":"open","sticky":false,"template":"","format":"standard","meta":{"om_disable_all_campaigns":false,"_uf_show_specific_survey":0,"_uf_disable_surveys":false,"footnotes":""},"categories":[4],"tags":[],"class_list":["post-14060","post","type-post","status-publish","format-standard","has-post-thumbnail","hentry","category-musica"],"_links":{"self":[{"href":"https:\/\/entrenotasyacordes.com\/index.php?rest_route=\/wp\/v2\/posts\/14060","targetHints":{"allow":["GET"]}}],"collection":[{"href":"https:\/\/entrenotasyacordes.com\/index.php?rest_route=\/wp\/v2\/posts"}],"about":[{"href":"https:\/\/entrenotasyacordes.com\/index.php?rest_route=\/wp\/v2\/types\/post"}],"author":[{"embeddable":true,"href":"https:\/\/entrenotasyacordes.com\/index.php?rest_route=\/wp\/v2\/users\/5"}],"replies":[{"embeddable":true,"href":"https:\/\/entrenotasyacordes.com\/index.php?rest_route=%2Fwp%2Fv2%2Fcomments&post=14060"}],"version-history":[{"count":1,"href":"https:\/\/entrenotasyacordes.com\/index.php?rest_route=\/wp\/v2\/posts\/14060\/revisions"}],"predecessor-version":[{"id":14062,"href":"https:\/\/entrenotasyacordes.com\/index.php?rest_route=\/wp\/v2\/posts\/14060\/revisions\/14062"}],"wp:featuredmedia":[{"embeddable":true,"href":"https:\/\/entrenotasyacordes.com\/index.php?rest_route=\/wp\/v2\/media\/14061"}],"wp:attachment":[{"href":"https:\/\/entrenotasyacordes.com\/index.php?rest_route=%2Fwp%2Fv2%2Fmedia&parent=14060"}],"wp:term":[{"taxonomy":"category","embeddable":true,"href":"https:\/\/entrenotasyacordes.com\/index.php?rest_route=%2Fwp%2Fv2%2Fcategories&post=14060"},{"taxonomy":"post_tag","embeddable":true,"href":"https:\/\/entrenotasyacordes.com\/index.php?rest_route=%2Fwp%2Fv2%2Ftags&post=14060"}],"curies":[{"name":"wp","href":"https:\/\/api.w.org\/{rel}","templated":true}]}}