{"id":14150,"date":"2025-02-26T12:03:50","date_gmt":"2025-02-26T12:03:50","guid":{"rendered":"https:\/\/entrenotasyacordes.com\/?p=14150"},"modified":"2025-02-26T12:03:52","modified_gmt":"2025-02-26T12:03:52","slug":"estelares-presenta-las-aranas-segundo-adelanto-de-su-proximo-album-de-estudio","status":"publish","type":"post","link":"https:\/\/entrenotasyacordes.com\/?p=14150","title":{"rendered":"ESTELARES presenta LAS ARA\u00d1AS segundo adelanto de su pr\u00f3ximo \u00e1lbum de estudio"},"content":{"rendered":"\n<!--more-->\n\n\n<div class=\"wp-block-image\">\n<figure class=\"aligncenter size-full\"><img loading=\"lazy\" decoding=\"async\" width=\"2560\" height=\"2560\" src=\"https:\/\/entrenotasyacordes.com\/wp-content\/uploads\/2025\/02\/17bbb-scaled.jpg\" alt=\"\" class=\"wp-image-14151\" srcset=\"https:\/\/entrenotasyacordes.com\/wp-content\/uploads\/2025\/02\/17bbb-scaled.jpg 2560w, https:\/\/entrenotasyacordes.com\/wp-content\/uploads\/2025\/02\/17bbb-300x300.jpg 300w, https:\/\/entrenotasyacordes.com\/wp-content\/uploads\/2025\/02\/17bbb-1024x1024.jpg 1024w, https:\/\/entrenotasyacordes.com\/wp-content\/uploads\/2025\/02\/17bbb-150x150.jpg 150w, https:\/\/entrenotasyacordes.com\/wp-content\/uploads\/2025\/02\/17bbb-768x768.jpg 768w, https:\/\/entrenotasyacordes.com\/wp-content\/uploads\/2025\/02\/17bbb-1536x1536.jpg 1536w, https:\/\/entrenotasyacordes.com\/wp-content\/uploads\/2025\/02\/17bbb-2048x2048.jpg 2048w, https:\/\/entrenotasyacordes.com\/wp-content\/uploads\/2025\/02\/17bbb-50x50.jpg 50w\" sizes=\"auto, (max-width: 2560px) 100vw, 2560px\" \/><\/figure>\n<\/div>\n\n\n<p><strong>La banda se encuentra grabando su nuevo disco y tras su \u00faltimo lanzamiento \u201cElla\u201d, Estelares suma a su repertorio \u201cLas Ara\u00f1as\u201d el segundo adelanto de lo que ser\u00e1 su pr\u00f3ximo \u00e1lbum. \u201cTodo era un caos y lo \u00fanico que los sosten\u00eda era escribir y tocar canciones\u201d<\/strong><br><br>Algunas frases destacadas que pintan de cuerpo entero esas sensaciones:<br>\u201c<em>Vos te acordas de las ara\u00f1as en el techo? yo te recuerdo que cant\u00e1bamos deshechos\u2026\u201d<\/em>&nbsp; \/&nbsp;<em>\u00abY no lo pienses m\u00e1s, todo lo que dimos es \u00e9sta postal: una gran salina y \u00e9ste ventanal\u2026\u201d<\/em><\/p>\n\n\n\n<p>La Gran Salina que est\u00e1 entre C\u00f3rdoba y Santiago del Estero, que tambi\u00e9n es un poema de Ricardo Zelaray\u00e1n y la inevitable comparaci\u00f3n con la sensaci\u00f3n de \u201cdonde no hubo nada\u2026, s\u00f3lo las canciones para sostenernos\u2026\u201d<\/p>\n\n\n\n<p class=\"has-text-align-center\"><strong>PR\u00d3XIMAS FECHAS<\/strong><br>22 de FEBRERO &#8211; \u00a0La Trastienda<br>01 de MARZO &#8211;\u00a0 Esquel<br>15 de MARZO &#8211;\u00a0 Zarate<br>16 de MARZO &#8211; Jun\u00edn<br>05 de ABRIL &#8211; Quilmes Rock<br>06 de ABRIL Coronel Su\u00e1rez<br>18 de ABRIL &#8211;\u00a0 Paysandu, Uruguay<br>2 DE ABRIL &#8211; La Plata<br>09 de MAYO &#8211; Rosario<br>10 de MAYO &#8211; C\u00f3rdoba<br>23 de MAYO \u2013 Teatro Flores<\/p>\n\n\n<div class=\"wp-block-image\">\n<figure class=\"aligncenter size-full\"><img loading=\"lazy\" decoding=\"async\" width=\"2560\" height=\"1709\" src=\"https:\/\/entrenotasyacordes.com\/wp-content\/uploads\/2025\/02\/17bbbbb-scaled.jpg\" alt=\"\" class=\"wp-image-14152\" srcset=\"https:\/\/entrenotasyacordes.com\/wp-content\/uploads\/2025\/02\/17bbbbb-scaled.jpg 2560w, https:\/\/entrenotasyacordes.com\/wp-content\/uploads\/2025\/02\/17bbbbb-300x200.jpg 300w, https:\/\/entrenotasyacordes.com\/wp-content\/uploads\/2025\/02\/17bbbbb-1024x683.jpg 1024w, https:\/\/entrenotasyacordes.com\/wp-content\/uploads\/2025\/02\/17bbbbb-768x513.jpg 768w, https:\/\/entrenotasyacordes.com\/wp-content\/uploads\/2025\/02\/17bbbbb-1536x1025.jpg 1536w, https:\/\/entrenotasyacordes.com\/wp-content\/uploads\/2025\/02\/17bbbbb-2048x1367.jpg 2048w\" sizes=\"auto, (max-width: 2560px) 100vw, 2560px\" \/><\/figure>\n<\/div>\n\n\n<p><\/p>\n","protected":false},"excerpt":{"rendered":"","protected":false},"author":5,"featured_media":14151,"comment_status":"open","ping_status":"open","sticky":false,"template":"","format":"standard","meta":{"om_disable_all_campaigns":false,"_uf_show_specific_survey":0,"_uf_disable_surveys":false,"footnotes":""},"categories":[4],"tags":[],"class_list":["post-14150","post","type-post","status-publish","format-standard","has-post-thumbnail","hentry","category-musica"],"_links":{"self":[{"href":"https:\/\/entrenotasyacordes.com\/index.php?rest_route=\/wp\/v2\/posts\/14150","targetHints":{"allow":["GET"]}}],"collection":[{"href":"https:\/\/entrenotasyacordes.com\/index.php?rest_route=\/wp\/v2\/posts"}],"about":[{"href":"https:\/\/entrenotasyacordes.com\/index.php?rest_route=\/wp\/v2\/types\/post"}],"author":[{"embeddable":true,"href":"https:\/\/entrenotasyacordes.com\/index.php?rest_route=\/wp\/v2\/users\/5"}],"replies":[{"embeddable":true,"href":"https:\/\/entrenotasyacordes.com\/index.php?rest_route=%2Fwp%2Fv2%2Fcomments&post=14150"}],"version-history":[{"count":1,"href":"https:\/\/entrenotasyacordes.com\/index.php?rest_route=\/wp\/v2\/posts\/14150\/revisions"}],"predecessor-version":[{"id":14153,"href":"https:\/\/entrenotasyacordes.com\/index.php?rest_route=\/wp\/v2\/posts\/14150\/revisions\/14153"}],"wp:featuredmedia":[{"embeddable":true,"href":"https:\/\/entrenotasyacordes.com\/index.php?rest_route=\/wp\/v2\/media\/14151"}],"wp:attachment":[{"href":"https:\/\/entrenotasyacordes.com\/index.php?rest_route=%2Fwp%2Fv2%2Fmedia&parent=14150"}],"wp:term":[{"taxonomy":"category","embeddable":true,"href":"https:\/\/entrenotasyacordes.com\/index.php?rest_route=%2Fwp%2Fv2%2Fcategories&post=14150"},{"taxonomy":"post_tag","embeddable":true,"href":"https:\/\/entrenotasyacordes.com\/index.php?rest_route=%2Fwp%2Fv2%2Ftags&post=14150"}],"curies":[{"name":"wp","href":"https:\/\/api.w.org\/{rel}","templated":true}]}}