{"id":14154,"date":"2025-02-26T12:08:37","date_gmt":"2025-02-26T12:08:37","guid":{"rendered":"https:\/\/entrenotasyacordes.com\/?p=14154"},"modified":"2025-02-26T12:08:38","modified_gmt":"2025-02-26T12:08:38","slug":"cardellino-llega-al-movistar-arena-el-14-de-junio-para-un-show-consagratorio","status":"publish","type":"post","link":"https:\/\/entrenotasyacordes.com\/?p=14154","title":{"rendered":"\u00a1CARDELLINO llega al MOVISTAR ARENA el 14 DE JUNIO para un show consagratorio!"},"content":{"rendered":"\n<!--more-->\n\n\n\n<p class=\"has-text-align-center\"><strong>14 DE JUNIO &#8211; MOVISTAR ARENA<\/strong><\/p>\n\n\n<div class=\"wp-block-image\">\n<figure class=\"aligncenter size-full\"><img loading=\"lazy\" decoding=\"async\" width=\"1080\" height=\"1350\" src=\"https:\/\/entrenotasyacordes.com\/wp-content\/uploads\/2025\/02\/17bbbbbb.jpg\" alt=\"\" class=\"wp-image-14155\" srcset=\"https:\/\/entrenotasyacordes.com\/wp-content\/uploads\/2025\/02\/17bbbbbb.jpg 1080w, https:\/\/entrenotasyacordes.com\/wp-content\/uploads\/2025\/02\/17bbbbbb-240x300.jpg 240w, https:\/\/entrenotasyacordes.com\/wp-content\/uploads\/2025\/02\/17bbbbbb-819x1024.jpg 819w, https:\/\/entrenotasyacordes.com\/wp-content\/uploads\/2025\/02\/17bbbbbb-768x960.jpg 768w, https:\/\/entrenotasyacordes.com\/wp-content\/uploads\/2025\/02\/17bbbbbb-1024x1280.jpg 1024w\" sizes=\"auto, (max-width: 1080px) 100vw, 1080px\" \/><\/figure>\n<\/div>\n\n\n<p>\u00a0<strong>Tras haber agotado lugares emblem\u00e1ticos como el Teatro Gran Rex y el Estadio Luna Park,<\/strong>&nbsp;<strong>Cardellino&nbsp;<\/strong>est\u00e1 listo para llevar su carrera a nuevas alturas el pr\u00f3ximo<strong>&nbsp;14 de junio&nbsp;<\/strong>en el&nbsp;<strong>Movistar Arena<\/strong>&nbsp;de Buenos Aires.<\/p>\n\n\n\n<p>En este show&nbsp;<strong>consagratorio<\/strong>, el artista har\u00e1 un recorrido por todo su repertorio, celebrando los \u00e9xitos que lo han llevado a consolidarse como una de las figuras m\u00e1s destacadas de la m\u00fasica latina contempor\u00e1nea.<\/p>\n\n\n\n<p>Con una propuesta sonora \u00fanica que fusiona ritmos afro-latinos, electr\u00f3nicos y una profunda exploraci\u00f3n en el autoconocimiento,&nbsp;lo cual se refleja en su reciente video-\u00e1lbum&nbsp;<strong>SUKHA<\/strong>,&nbsp;<strong>Cardellino<\/strong>&nbsp;invita a sus seguidores a vivir el presente en un show tan ambicioso como cercano.<\/p>\n\n\n\n<p>Quienes han vivido m\u00e1s de una presentaci\u00f3n de\u00a0<strong>Cardellino\u00a0<\/strong>saben que cada espect\u00e1culo es un universo \u00fanico. Desde su serie Unplugged en el\u00a0<strong>Coliseo\u00a0<\/strong>hasta su innovador formato 360\u00b0 en\u00a0<strong>Artmedia<\/strong>, cada experiencia ha sido diferente. Y esta vez no ser\u00e1 la excepci\u00f3n.<\/p>\n\n\n\n<p><strong>\u00a8En este nuevo desaf\u00edo, me propuse llevar la experiencia en vivo a otro nivel, desde la puesta en escena, lo conceptual, las versiones de las canciones, los invitados, bailarines, visuales, incluso el merch y los detalles que hacen que esas noches sean irrepetibles\u00a8.<\/strong><\/p>\n\n\n\n<p>En esta \u00faltima etapa de su carrera,&nbsp;<strong>Cardellino&nbsp;<\/strong>ha contado con colaboraciones internacionales de gran renombre, como&nbsp;<strong>Charles Ans<\/strong>&nbsp;(Mexico),&nbsp;<strong>Mike Bah\u00eda<\/strong>&nbsp;(Colombia),&nbsp;<strong>Monsieur Perin\u00e9<\/strong>&nbsp;(Colombia),&nbsp;<strong>Elsa y Elmar<\/strong>&nbsp;(Colombia), tambi\u00e9n con m\u00fasicos argentinos y compatriotas como&nbsp;<strong>Emanero<\/strong>&nbsp;y&nbsp;<strong>Jorge Drexler<\/strong>.<\/p>\n\n\n\n<p>Igualmente no son las \u00fanicas sorpresas que se podr\u00edan esperar en el show, ya que tiene preparado nuevo material con varios invitados argentinos, los cuales se anunciar\u00e1n previo al show en el Arena.&nbsp;Con una selecci\u00f3n de m\u00fasicos de primer nivel, entre cuerdas de la filarm\u00f3nica, prestigiosos m\u00fasicos de jazz, arregladores y sesionistas de renombre internacional,&nbsp;<strong>Cardellino&nbsp;<\/strong>pretende volver a subir la vara y consolidarse como uno de los proyectos musicales m\u00e1s finos y prol\u00edficos de la escena actual.<\/p>\n\n\n\n<p><strong>\u201cEste show en el Movistar Arena no s\u00f3lo es un sue\u00f1o hecho realidad para m\u00ed, sino que es una celebraci\u00f3n a la resiliencia y al trabajo para llegar hasta aqu\u00ed, y quiero ofrecerle a mi p\u00fablico una experiencia indeleble\u201d.<\/strong><\/p>\n\n\n\n<p>Con un concepto art\u00edstico s\u00f3lido,&nbsp;<strong>Cardellino<\/strong>&nbsp;reafirma su lugar como uno de los artistas m\u00e1s completos de la escena latina contempor\u00e1nea.<\/p>\n\n\n\n<p><strong>Esta es sin dudas, una de las citas m\u00e1s esperadas del a\u00f1o, donde su m\u00fasica se fundir\u00e1 con una propuesta visual y emocional que dejar\u00e1 huella.<\/strong><\/p>\n\n\n<div class=\"wp-block-image\">\n<figure class=\"aligncenter size-full\"><img loading=\"lazy\" decoding=\"async\" width=\"1024\" height=\"683\" src=\"https:\/\/entrenotasyacordes.com\/wp-content\/uploads\/2025\/02\/17bbbbbbb.jpg\" alt=\"\" class=\"wp-image-14156\" srcset=\"https:\/\/entrenotasyacordes.com\/wp-content\/uploads\/2025\/02\/17bbbbbbb.jpg 1024w, https:\/\/entrenotasyacordes.com\/wp-content\/uploads\/2025\/02\/17bbbbbbb-300x200.jpg 300w, https:\/\/entrenotasyacordes.com\/wp-content\/uploads\/2025\/02\/17bbbbbbb-768x512.jpg 768w\" sizes=\"auto, (max-width: 1024px) 100vw, 1024px\" \/><\/figure>\n<\/div>","protected":false},"excerpt":{"rendered":"","protected":false},"author":5,"featured_media":14155,"comment_status":"open","ping_status":"open","sticky":false,"template":"","format":"standard","meta":{"om_disable_all_campaigns":false,"_uf_show_specific_survey":0,"_uf_disable_surveys":false,"footnotes":""},"categories":[36],"tags":[],"class_list":["post-14154","post","type-post","status-publish","format-standard","has-post-thumbnail","hentry","category-conciertos"],"_links":{"self":[{"href":"https:\/\/entrenotasyacordes.com\/index.php?rest_route=\/wp\/v2\/posts\/14154","targetHints":{"allow":["GET"]}}],"collection":[{"href":"https:\/\/entrenotasyacordes.com\/index.php?rest_route=\/wp\/v2\/posts"}],"about":[{"href":"https:\/\/entrenotasyacordes.com\/index.php?rest_route=\/wp\/v2\/types\/post"}],"author":[{"embeddable":true,"href":"https:\/\/entrenotasyacordes.com\/index.php?rest_route=\/wp\/v2\/users\/5"}],"replies":[{"embeddable":true,"href":"https:\/\/entrenotasyacordes.com\/index.php?rest_route=%2Fwp%2Fv2%2Fcomments&post=14154"}],"version-history":[{"count":1,"href":"https:\/\/entrenotasyacordes.com\/index.php?rest_route=\/wp\/v2\/posts\/14154\/revisions"}],"predecessor-version":[{"id":14157,"href":"https:\/\/entrenotasyacordes.com\/index.php?rest_route=\/wp\/v2\/posts\/14154\/revisions\/14157"}],"wp:featuredmedia":[{"embeddable":true,"href":"https:\/\/entrenotasyacordes.com\/index.php?rest_route=\/wp\/v2\/media\/14155"}],"wp:attachment":[{"href":"https:\/\/entrenotasyacordes.com\/index.php?rest_route=%2Fwp%2Fv2%2Fmedia&parent=14154"}],"wp:term":[{"taxonomy":"category","embeddable":true,"href":"https:\/\/entrenotasyacordes.com\/index.php?rest_route=%2Fwp%2Fv2%2Fcategories&post=14154"},{"taxonomy":"post_tag","embeddable":true,"href":"https:\/\/entrenotasyacordes.com\/index.php?rest_route=%2Fwp%2Fv2%2Ftags&post=14154"}],"curies":[{"name":"wp","href":"https:\/\/api.w.org\/{rel}","templated":true}]}}