{"id":14158,"date":"2025-02-26T12:13:57","date_gmt":"2025-02-26T12:13:57","guid":{"rendered":"https:\/\/entrenotasyacordes.com\/?p=14158"},"modified":"2025-02-26T12:13:58","modified_gmt":"2025-02-26T12:13:58","slug":"cindy-cats-anuncia-mega-show-360-en-el-mitico-estadio-obras","status":"publish","type":"post","link":"https:\/\/entrenotasyacordes.com\/?p=14158","title":{"rendered":"Cindy Cats anuncia mega show 360\u00b0 en el m\u00edtico Estadio Obras"},"content":{"rendered":"\n<!--more-->\n\n\n\n<p class=\"has-text-align-center\"><strong><strong>15 DE ABRIL | ESTADIO OBRAS<\/strong><\/strong><\/p>\n\n\n\n<p>La banda de multiinstrumentistas que redefini\u00f3 la manera de hacer m\u00fasica en vivo confirm\u00f3 arriba del escenario del Festival Buena Vibra un nuevo show en la meca del rock y la m\u00fasica nacional.<\/p>\n\n\n\n<p><strong>TICKETS A LA VENTA A PARTIR DEL LUNES 24 DE FEBRERO A LAS 12 HS A TRAV\u00c9S DE\u00a0<a href=\"https:\/\/instagramc.tr.pemsv30.net\/c\/eyJhIjoiaW5zdGFncmFtYyIsIm0iOiJtYWlsX2NtN2o1dGhkd3g2MmgwODE0MGtibmF3Y3QiLCJsIjoibGlua19hYzQ0ZjNlOWQ4M2NhYzFhNDcwMTZiN2MxZjM4NTY0ZDE0NGRjMjU4XzQwNTFkYSIsImkiOltdLCJ1IjoiaHR0cHM6Ly90aWNrZXRpbmcuY29vbGNvLmlvL3RpY2tldHMtYXIvZXMvbWFpbj91dG1fc291cmNlPXBlcmZpdCZ1dG1fbWVkaXVtPWVtYWlsJnV0bV9jYW1wYWlnbj1DSU5EWSUyMENBVFMlMjAlN0MlMjBBTlVOQ0lPJTIwU0hPVyIsImMiOiIiLCJoIjoiYzIwZWI2In0\" target=\"_blank\" rel=\"noreferrer noopener\">COOL.CO<\/a><\/strong><\/p>\n\n\n<div class=\"wp-block-image\">\n<figure class=\"aligncenter size-full\"><img loading=\"lazy\" decoding=\"async\" width=\"1080\" height=\"1080\" src=\"https:\/\/entrenotasyacordes.com\/wp-content\/uploads\/2025\/02\/17c.png\" alt=\"\" class=\"wp-image-14159\" srcset=\"https:\/\/entrenotasyacordes.com\/wp-content\/uploads\/2025\/02\/17c.png 1080w, https:\/\/entrenotasyacordes.com\/wp-content\/uploads\/2025\/02\/17c-300x300.png 300w, https:\/\/entrenotasyacordes.com\/wp-content\/uploads\/2025\/02\/17c-1024x1024.png 1024w, https:\/\/entrenotasyacordes.com\/wp-content\/uploads\/2025\/02\/17c-150x150.png 150w, https:\/\/entrenotasyacordes.com\/wp-content\/uploads\/2025\/02\/17c-768x768.png 768w, https:\/\/entrenotasyacordes.com\/wp-content\/uploads\/2025\/02\/17c-50x50.png 50w\" sizes=\"auto, (max-width: 1080px) 100vw, 1080px\" \/><\/figure>\n<\/div>\n\n\n<p>\u00a0<a href=\"https:\/\/instagramc.tr.pemsv30.net\/c\/eyJhIjoiaW5zdGFncmFtYyIsIm0iOiJtYWlsX2NtN2o1dGhkd3g2MmgwODE0MGtibmF3Y3QiLCJsIjoibGlua18yMDEwMmY1NjZhNzMzYWZiZjI5ODEyN2ZmZjRhYzM3ODI2MmY5OTIwX2NhYjRkOCIsImkiOltdLCJ1IjoiaHR0cHM6Ly93d3cuaW5zdGFncmFtLmNvbS9jaW5keWNhdHNqYW0vP3V0bV9zb3VyY2U9cGVyZml0JnV0bV9tZWRpdW09ZW1haWwmdXRtX2NhbXBhaWduPUNJTkRZJTIwQ0FUUyUyMCU3QyUyMEFOVU5DSU8lMjBTSE9XIiwiYyI6IiIsImgiOiJhNDgyOWQifQ\" target=\"_blank\" rel=\"noreferrer noopener\">Cindy Cats<\/a>, la banda que no deja de sorprender con su mezcla de sonidos, estilos y g\u00e9neros musicales, regresa al templo del rock nacional. Tremendo desaf\u00edo para el conjunto integrado por\u00a0<a href=\"https:\/\/instagramc.tr.pemsv30.net\/c\/eyJhIjoiaW5zdGFncmFtYyIsIm0iOiJtYWlsX2NtN2o1dGhkd3g2MmgwODE0MGtibmF3Y3QiLCJsIjoibGlua18yY2E3Zjc4MTlhNDIyODg5NDNhMjdjNDYyMDdiZDRmOTljMmQwMjA3X2Y5YjU5NCIsImkiOltdLCJ1IjoiaHR0cHM6Ly93d3cuaW5zdGFncmFtLmNvbS9mcmFuY2lzY29hbGR1bmNpbi8_dXRtX3NvdXJjZT1wZXJmaXQmdXRtX21lZGl1bT1lbWFpbCZ1dG1fY2FtcGFpZ249Q0lORFklMjBDQVRTJTIwJTdDJTIwQU5VTkNJTyUyMFNIT1ciLCJjIjoiIiwiaCI6IjNhZWRhNCJ9\" target=\"_blank\" rel=\"noreferrer noopener\">Francisco Alduncin<\/a>,\u00a0<a href=\"https:\/\/instagramc.tr.pemsv30.net\/c\/eyJhIjoiaW5zdGFncmFtYyIsIm0iOiJtYWlsX2NtN2o1dGhkd3g2MmgwODE0MGtibmF3Y3QiLCJsIjoibGlua180YmU2OGQ4MTRiMDQxZmQ2N2UwNTYxYjliMWMwZjQ4ZWM5NTRmYTE4XzdjNzQzZiIsImkiOltdLCJ1IjoiaHR0cHM6Ly93d3cuaW5zdGFncmFtLmNvbS9wZWRyaXRvLnBhc3F1YWxlLz91dG1fc291cmNlPXBlcmZpdCZ1dG1fbWVkaXVtPWVtYWlsJnV0bV9jYW1wYWlnbj1DSU5EWSUyMENBVFMlMjAlN0MlMjBBTlVOQ0lPJTIwU0hPVyIsImMiOiIiLCJoIjoiZmU2YmE1In0\" target=\"_blank\" rel=\"noreferrer noopener\">Pedro Pasquale<\/a>,\u00a0<a href=\"https:\/\/instagramc.tr.pemsv30.net\/c\/eyJhIjoiaW5zdGFncmFtYyIsIm0iOiJtYWlsX2NtN2o1dGhkd3g2MmgwODE0MGtibmF3Y3QiLCJsIjoibGlua18xOTI5ODJmZTFhZGJiMTMzNmVmY2ZhYWUwNzA4NGVmYzFjY2ViMmEyX2ZiOTZkNiIsImkiOltdLCJ1IjoiaHR0cHM6Ly93d3cuaW5zdGFncmFtLmNvbS9heGVsaW50cm8vP3V0bV9zb3VyY2U9cGVyZml0JnV0bV9tZWRpdW09ZW1haWwmdXRtX2NhbXBhaWduPUNJTkRZJTIwQ0FUUyUyMCU3QyUyMEFOVU5DSU8lMjBTSE9XIiwiYyI6IiIsImgiOiI1YzgwY2UifQ\" target=\"_blank\" rel=\"noreferrer noopener\">Axel Introini<\/a>,\u00a0<a href=\"https:\/\/instagramc.tr.pemsv30.net\/c\/eyJhIjoiaW5zdGFncmFtYyIsIm0iOiJtYWlsX2NtN2o1dGhkd3g2MmgwODE0MGtibmF3Y3QiLCJsIjoibGlua185Yjg5NzQzZTY1NjM0NzIxYTY5NWY3NTgyZDhjMmVhYzVlMzQwMDk4X2Q2OTNmMyIsImkiOltdLCJ1IjoiaHR0cHM6Ly93d3cuaW5zdGFncmFtLmNvbS9lbGZlbGlfcm5iLz91dG1fc291cmNlPXBlcmZpdCZ1dG1fbWVkaXVtPWVtYWlsJnV0bV9jYW1wYWlnbj1DSU5EWSUyMENBVFMlMjAlN0MlMjBBTlVOQ0lPJTIwU0hPVyIsImMiOiIiLCJoIjoiMGE4MjAxIn0\" target=\"_blank\" rel=\"noreferrer noopener\">Felipe Herrera<\/a>,\u00a0<a href=\"https:\/\/instagramc.tr.pemsv30.net\/c\/eyJhIjoiaW5zdGFncmFtYyIsIm0iOiJtYWlsX2NtN2o1dGhkd3g2MmgwODE0MGtibmF3Y3QiLCJsIjoibGlua19jODY2ODZkNDI4ZjJhYjQ5YTAyMDM0NTM1MWFhNGQ0ZDgwN2I0Yzg4Xzc2NDYzYyIsImkiOltdLCJ1IjoiaHR0cHM6Ly93d3cuaW5zdGFncmFtLmNvbS9qdWxpYW5nYXNoby8_dXRtX3NvdXJjZT1wZXJmaXQmdXRtX21lZGl1bT1lbWFpbCZ1dG1fY2FtcGFpZ249Q0lORFklMjBDQVRTJTIwJTdDJTIwQU5VTkNJTyUyMFNIT1ciLCJjIjoiIiwiaCI6IjMyYzc4MiJ9\" target=\"_blank\" rel=\"noreferrer noopener\">Juli\u00e1n Gallo<\/a>,\u00a0<a href=\"https:\/\/instagramc.tr.pemsv30.net\/c\/eyJhIjoiaW5zdGFncmFtYyIsIm0iOiJtYWlsX2NtN2o1dGhkd3g2MmgwODE0MGtibmF3Y3QiLCJsIjoibGlua19hYWJhZDIwOWM0MjNkZGU4ZWZkY2NhMTRkNzQxZDhkNWY4OWEwNTZkXzIyYjliMyIsImkiOltdLCJ1IjoiaHR0cHM6Ly93d3cuaW5zdGFncmFtLmNvbS9nb256YWFkcnVtcz9pZ3NoPWRXSTNjREpyT1ROd2VUTXcmdXRtX3NvdXJjZT1wZXJmaXQmdXRtX21lZGl1bT1lbWFpbCZ1dG1fY2FtcGFpZ249Q0lORFklMjBDQVRTJTIwJTdDJTIwQU5VTkNJTyUyMFNIT1ciLCJjIjoiIiwiaCI6IjRlNzc4NyJ9\" target=\"_blank\" rel=\"noreferrer noopener\">Gonzalo Isa\u00ed Palacios<\/a>\u00a0y\u00a0<a href=\"https:\/\/instagramc.tr.pemsv30.net\/c\/eyJhIjoiaW5zdGFncmFtYyIsIm0iOiJtYWlsX2NtN2o1dGhkd3g2MmgwODE0MGtibmF3Y3QiLCJsIjoibGlua18xYjM2M2U2ZjY1YmFhNWNhNTU5ODQwODA4NTg3NmZlMzkwNWNmYTM1Xzc2ZTBjNCIsImkiOltdLCJ1IjoiaHR0cHM6Ly93d3cuaW5zdGFncmFtLmNvbS9jYXJsb3Nfc2FsYXNwZXJjdXNpb24vP3V0bV9zb3VyY2U9cGVyZml0JnV0bV9tZWRpdW09ZW1haWwmdXRtX2NhbXBhaWduPUNJTkRZJTIwQ0FUUyUyMCU3QyUyMEFOVU5DSU8lMjBTSE9XIiwiYyI6IiIsImgiOiI4YjYzNTEifQ\" target=\"_blank\" rel=\"noreferrer noopener\">Carlos Salas<\/a>, los m\u00fasicos de los artistas mainstream del pa\u00eds, que despu\u00e9s de su primera edici\u00f3n XXL van por m\u00e1s: encargados de cerrar el\u00a0<a href=\"https:\/\/instagramc.tr.pemsv30.net\/c\/eyJhIjoiaW5zdGFncmFtYyIsIm0iOiJtYWlsX2NtN2o1dGhkd3g2MmgwODE0MGtibmF3Y3QiLCJsIjoibGlua182ODE3MjM1ZWNhOTcyMzkxNzMwN2UwZDExNGMyYmViOTBjYTIzMjc0X2NjYWRmMCIsImkiOltdLCJ1IjoiaHR0cHM6Ly9kcml2ZS5nb29nbGUuY29tL2RyaXZlL2ZvbGRlcnMvMWROQmpWRjN2Tndic0ZxTmxhZmZsRUo1RmZKTnVza2JwP3VzcD1kcml2ZV9saW5rJnV0bV9zb3VyY2U9cGVyZml0JnV0bV9tZWRpdW09ZW1haWwmdXRtX2NhbXBhaWduPUNJTkRZJTIwQ0FUUyUyMCU3QyUyMEFOVU5DSU8lMjBTSE9XIiwiYyI6IiIsImgiOiIzYWY2NjgifQ\" target=\"_blank\" rel=\"noreferrer noopener\">Festival Buena Vibra<\/a>\u00a0<strong>anunciaron su primer show 2025 en Argentina en el legendario Estadio Obras, a realizarse el 15 de abril.<\/strong>\u00a0Los tickets estar\u00e1n disponibles a la venta a partir del lunes 24 de febrero a las 12 horas a partir de\u00a0<a href=\"https:\/\/instagramc.tr.pemsv30.net\/c\/eyJhIjoiaW5zdGFncmFtYyIsIm0iOiJtYWlsX2NtN2o1dGhkd3g2MmgwODE0MGtibmF3Y3QiLCJsIjoibGlua19hYzQ0ZjNlOWQ4M2NhYzFhNDcwMTZiN2MxZjM4NTY0ZDE0NGRjMjU4XzY4YmI0NCIsImkiOltdLCJ1IjoiaHR0cHM6Ly90aWNrZXRpbmcuY29vbGNvLmlvL3RpY2tldHMtYXIvZXMvbWFpbj91dG1fc291cmNlPXBlcmZpdCZ1dG1fbWVkaXVtPWVtYWlsJnV0bV9jYW1wYWlnbj1DSU5EWSUyMENBVFMlMjAlN0MlMjBBTlVOQ0lPJTIwU0hPVyIsImMiOiIiLCJoIjoiYTA1Y2QzIn0\" target=\"_blank\" rel=\"noreferrer noopener\">cool.co<\/a>.<\/p>\n\n\n<div class=\"wp-block-image\">\n<figure class=\"aligncenter size-full\"><img loading=\"lazy\" decoding=\"async\" width=\"2560\" height=\"1707\" src=\"https:\/\/entrenotasyacordes.com\/wp-content\/uploads\/2025\/02\/17cc-scaled.jpg\" alt=\"\" class=\"wp-image-14160\" srcset=\"https:\/\/entrenotasyacordes.com\/wp-content\/uploads\/2025\/02\/17cc-scaled.jpg 2560w, https:\/\/entrenotasyacordes.com\/wp-content\/uploads\/2025\/02\/17cc-300x200.jpg 300w, https:\/\/entrenotasyacordes.com\/wp-content\/uploads\/2025\/02\/17cc-1024x683.jpg 1024w, https:\/\/entrenotasyacordes.com\/wp-content\/uploads\/2025\/02\/17cc-768x512.jpg 768w, https:\/\/entrenotasyacordes.com\/wp-content\/uploads\/2025\/02\/17cc-1536x1024.jpg 1536w, https:\/\/entrenotasyacordes.com\/wp-content\/uploads\/2025\/02\/17cc-2048x1365.jpg 2048w\" sizes=\"auto, (max-width: 2560px) 100vw, 2560px\" \/><figcaption class=\"wp-element-caption\"><em>Cr\u00e9ditos: @irishsuarez<\/em><\/figcaption><\/figure>\n<\/div>\n\n\n<p>Cindy Cats tuvo su primera\u00a0<a href=\"https:\/\/instagramc.tr.pemsv30.net\/c\/eyJhIjoiaW5zdGFncmFtYyIsIm0iOiJtYWlsX2NtN2o1dGhkd3g2MmgwODE0MGtibmF3Y3QiLCJsIjoibGlua18xYzcyZjg4NjVmZThiOTUyZjNlZGJmYmYzYTRmMzQ2ZTczMTYzMjRlXzJhNDA4MCIsImkiOltdLCJ1IjoiaHR0cHM6Ly9kcml2ZS5nb29nbGUuY29tL2RyaXZlL2ZvbGRlcnMvMW1jN0tHa05LY2VoM2xmMHpPd2Q2a3hWa2hZd3h1Y3hpP3VzcD1kcml2ZV9saW5rJnV0bV9zb3VyY2U9cGVyZml0JnV0bV9tZWRpdW09ZW1haWwmdXRtX2NhbXBhaWduPUNJTkRZJTIwQ0FUUyUyMCU3QyUyMEFOVU5DSU8lMjBTSE9XIiwiYyI6IiIsImgiOiJlNTg3MjcifQ\" target=\"_blank\" rel=\"noreferrer noopener\">edici\u00f3n XXL<\/a>\u00a0en Obras en diciembre pasado, donde dio una Masterclass con invitados realmente especiales: Trueno, Cazzu, Juanse, Nahuel Pennisi, La Bersuit, Lito Vitale, Hilda Lizarazu, Juan Carlos Baglietto, entre otros, se juntaron con\u00a0<a href=\"https:\/\/instagramc.tr.pemsv30.net\/c\/eyJhIjoiaW5zdGFncmFtYyIsIm0iOiJtYWlsX2NtN2o1dGhkd3g2MmgwODE0MGtibmF3Y3QiLCJsIjoibGlua183NWVjNTdkMjgwODRkMjliZTgyNDdkM2ZiZGU4ZWFhNjdmN2Q5OWYxX2QwMjNkNyIsImkiOltdLCJ1IjoiaHR0cHM6Ly93d3cuaW5zdGFncmFtLmNvbS9heGVsaW50cm8vP2hsPWVzJnV0bV9zb3VyY2U9cGVyZml0JnV0bV9tZWRpdW09ZW1haWwmdXRtX2NhbXBhaWduPUNJTkRZJTIwQ0FUUyUyMCU3QyUyMEFOVU5DSU8lMjBTSE9XIiwiYyI6IiIsImgiOiI4NTJlODYifQ\" target=\"_blank\" rel=\"noreferrer noopener\">Axel Introini<\/a>,\u00a0<a href=\"https:\/\/instagramc.tr.pemsv30.net\/c\/eyJhIjoiaW5zdGFncmFtYyIsIm0iOiJtYWlsX2NtN2o1dGhkd3g2MmgwODE0MGtibmF3Y3QiLCJsIjoibGlua19lM2VjN2JmMTExZWQwZWQ1YjJiYjNmMWUzYTRjOTNlNDMyMjNmMGNkX2FmZTY1YyIsImkiOltdLCJ1IjoiaHR0cHM6Ly93d3cuaW5zdGFncmFtLmNvbS9lbGZlbGlfcm5iP2lnc2g9TVdOM2VYbDJlR2hoYzJ3eGJRPT0mdXRtX3NvdXJjZT1wZXJmaXQmdXRtX21lZGl1bT1lbWFpbCZ1dG1fY2FtcGFpZ249Q0lORFklMjBDQVRTJTIwJTdDJTIwQU5VTkNJTyUyMFNIT1ciLCJjIjoiIiwiaCI6IjIxZGE2YyJ9\" target=\"_blank\" rel=\"noreferrer noopener\">Felipe Herrera<\/a>,\u00a0<a href=\"https:\/\/instagramc.tr.pemsv30.net\/c\/eyJhIjoiaW5zdGFncmFtYyIsIm0iOiJtYWlsX2NtN2o1dGhkd3g2MmgwODE0MGtibmF3Y3QiLCJsIjoibGlua184NWE2MDQ2NDljMTQxZGZhNGMwODBhZTMwNjVhYzdkZGE3YzE1OTllXzY0Zjk4MSIsImkiOltdLCJ1IjoiaHR0cHM6Ly93d3cuaW5zdGFncmFtLmNvbS9mcmFuY2lzY29hbGR1bmNpbi8_aGw9ZXMtbGEmdXRtX3NvdXJjZT1wZXJmaXQmdXRtX21lZGl1bT1lbWFpbCZ1dG1fY2FtcGFpZ249Q0lORFklMjBDQVRTJTIwJTdDJTIwQU5VTkNJTyUyMFNIT1ciLCJjIjoiIiwiaCI6IjVjY2ZjNCJ9\" target=\"_blank\" rel=\"noreferrer noopener\">Francisco Alduncin<\/a>,\u00a0<a href=\"https:\/\/instagramc.tr.pemsv30.net\/c\/eyJhIjoiaW5zdGFncmFtYyIsIm0iOiJtYWlsX2NtN2o1dGhkd3g2MmgwODE0MGtibmF3Y3QiLCJsIjoibGlua181YTdiZWM3NWQyZWM5YzYxMGE2ZjBmMmI3YjE4NWRkZWVhODFiYzRkX2UyZjAwOSIsImkiOltdLCJ1IjoiaHR0cHM6Ly93d3cuaW5zdGFncmFtLmNvbS9qdWxpYW5nYXNoby8_aGw9ZXMtbGEmdXRtX3NvdXJjZT1wZXJmaXQmdXRtX21lZGl1bT1lbWFpbCZ1dG1fY2FtcGFpZ249Q0lORFklMjBDQVRTJTIwJTdDJTIwQU5VTkNJTyUyMFNIT1ciLCJjIjoiIiwiaCI6IjY5MjkzZCJ9\" target=\"_blank\" rel=\"noreferrer noopener\">Julian Gallo<\/a>,\u00a0<a href=\"https:\/\/instagramc.tr.pemsv30.net\/c\/eyJhIjoiaW5zdGFncmFtYyIsIm0iOiJtYWlsX2NtN2o1dGhkd3g2MmgwODE0MGtibmF3Y3QiLCJsIjoibGlua184MjcyM2MxZmRmN2UwY2VkYzBlZGRhOWZlYjQzOTBkN2RmYzE3ODU2X2VmMDFlOCIsImkiOltdLCJ1IjoiaHR0cHM6Ly93d3cuaW5zdGFncmFtLmNvbS9wZWRyaXRvLnBhc3F1YWxlLz9obD1lcyZ1dG1fc291cmNlPXBlcmZpdCZ1dG1fbWVkaXVtPWVtYWlsJnV0bV9jYW1wYWlnbj1DSU5EWSUyMENBVFMlMjAlN0MlMjBBTlVOQ0lPJTIwU0hPVyIsImMiOiIiLCJoIjoiYjhjZDM4In0\" target=\"_blank\" rel=\"noreferrer noopener\">Pedro Pasquale<\/a>,\u00a0<a href=\"https:\/\/instagramc.tr.pemsv30.net\/c\/eyJhIjoiaW5zdGFncmFtYyIsIm0iOiJtYWlsX2NtN2o1dGhkd3g2MmgwODE0MGtibmF3Y3QiLCJsIjoibGlua19hYWJhZDIwOWM0MjNkZGU4ZWZkY2NhMTRkNzQxZDhkNWY4OWEwNTZkXzBiMzAyZSIsImkiOltdLCJ1IjoiaHR0cHM6Ly93d3cuaW5zdGFncmFtLmNvbS9nb256YWFkcnVtcz9pZ3NoPWRXSTNjREpyT1ROd2VUTXcmdXRtX3NvdXJjZT1wZXJmaXQmdXRtX21lZGl1bT1lbWFpbCZ1dG1fY2FtcGFpZ249Q0lORFklMjBDQVRTJTIwJTdDJTIwQU5VTkNJTyUyMFNIT1ciLCJjIjoiIiwiaCI6ImFmM2Y3MSJ9\" target=\"_blank\" rel=\"noreferrer noopener\">Gonzalo Isa\u00ed Palacios<\/a>\u00a0y\u00a0<a href=\"https:\/\/instagramc.tr.pemsv30.net\/c\/eyJhIjoiaW5zdGFncmFtYyIsIm0iOiJtYWlsX2NtN2o1dGhkd3g2MmgwODE0MGtibmF3Y3QiLCJsIjoibGlua18xZmQ0ZWQ2YzU2ODY0ODllY2I5ODhhNWYyODM2OWE2NDg4NDA0NzcwXzQ2MTcwMSIsImkiOltdLCJ1IjoiaHR0cHM6Ly93d3cuaW5zdGFncmFtLmNvbS9jYXJsb3Nfc2FsYXNwZXJjdXNpb24vP2hsPWVzJnV0bV9zb3VyY2U9cGVyZml0JnV0bV9tZWRpdW09ZW1haWwmdXRtX2NhbXBhaWduPUNJTkRZJTIwQ0FUUyUyMCU3QyUyMEFOVU5DSU8lMjBTSE9XIiwiYyI6IiIsImgiOiI1YjkyZWEifQ\" target=\"_blank\" rel=\"noreferrer noopener\">Carlos Salas<\/a>\u00a0para celebrar la mixtura perfecta entre lo Mainstream y el Under.<\/p>\n\n\n<div class=\"wp-block-image\">\n<figure class=\"aligncenter size-full\"><img loading=\"lazy\" decoding=\"async\" width=\"2560\" height=\"1707\" src=\"https:\/\/entrenotasyacordes.com\/wp-content\/uploads\/2025\/02\/17cccc-scaled.jpg\" alt=\"\" class=\"wp-image-14161\" srcset=\"https:\/\/entrenotasyacordes.com\/wp-content\/uploads\/2025\/02\/17cccc-scaled.jpg 2560w, https:\/\/entrenotasyacordes.com\/wp-content\/uploads\/2025\/02\/17cccc-300x200.jpg 300w, https:\/\/entrenotasyacordes.com\/wp-content\/uploads\/2025\/02\/17cccc-1024x683.jpg 1024w, https:\/\/entrenotasyacordes.com\/wp-content\/uploads\/2025\/02\/17cccc-768x512.jpg 768w, https:\/\/entrenotasyacordes.com\/wp-content\/uploads\/2025\/02\/17cccc-1536x1024.jpg 1536w, https:\/\/entrenotasyacordes.com\/wp-content\/uploads\/2025\/02\/17cccc-2048x1365.jpg 2048w\" sizes=\"auto, (max-width: 2560px) 100vw, 2560px\" \/><figcaption class=\"wp-element-caption\"><em>Cr\u00e9ditos: @irishsuarez<\/em><\/figcaption><\/figure>\n<\/div>\n\n\n<p>El p\u00fablico de\u00a0<strong>Cindy Cats<\/strong>\u00a0ya sabe lo que le espera en esta nueva edici\u00f3n: artistas de diferentes disciplinas, invitados sorpresa que nunca decepcionan, y reversiones de las canciones m\u00e1s significativas del pa\u00eds. \u00a0 \u00a0<\/p>\n","protected":false},"excerpt":{"rendered":"","protected":false},"author":5,"featured_media":14159,"comment_status":"open","ping_status":"open","sticky":false,"template":"","format":"standard","meta":{"om_disable_all_campaigns":false,"_uf_show_specific_survey":0,"_uf_disable_surveys":false,"footnotes":""},"categories":[36],"tags":[],"class_list":["post-14158","post","type-post","status-publish","format-standard","has-post-thumbnail","hentry","category-conciertos"],"_links":{"self":[{"href":"https:\/\/entrenotasyacordes.com\/index.php?rest_route=\/wp\/v2\/posts\/14158","targetHints":{"allow":["GET"]}}],"collection":[{"href":"https:\/\/entrenotasyacordes.com\/index.php?rest_route=\/wp\/v2\/posts"}],"about":[{"href":"https:\/\/entrenotasyacordes.com\/index.php?rest_route=\/wp\/v2\/types\/post"}],"author":[{"embeddable":true,"href":"https:\/\/entrenotasyacordes.com\/index.php?rest_route=\/wp\/v2\/users\/5"}],"replies":[{"embeddable":true,"href":"https:\/\/entrenotasyacordes.com\/index.php?rest_route=%2Fwp%2Fv2%2Fcomments&post=14158"}],"version-history":[{"count":1,"href":"https:\/\/entrenotasyacordes.com\/index.php?rest_route=\/wp\/v2\/posts\/14158\/revisions"}],"predecessor-version":[{"id":14162,"href":"https:\/\/entrenotasyacordes.com\/index.php?rest_route=\/wp\/v2\/posts\/14158\/revisions\/14162"}],"wp:featuredmedia":[{"embeddable":true,"href":"https:\/\/entrenotasyacordes.com\/index.php?rest_route=\/wp\/v2\/media\/14159"}],"wp:attachment":[{"href":"https:\/\/entrenotasyacordes.com\/index.php?rest_route=%2Fwp%2Fv2%2Fmedia&parent=14158"}],"wp:term":[{"taxonomy":"category","embeddable":true,"href":"https:\/\/entrenotasyacordes.com\/index.php?rest_route=%2Fwp%2Fv2%2Fcategories&post=14158"},{"taxonomy":"post_tag","embeddable":true,"href":"https:\/\/entrenotasyacordes.com\/index.php?rest_route=%2Fwp%2Fv2%2Ftags&post=14158"}],"curies":[{"name":"wp","href":"https:\/\/api.w.org\/{rel}","templated":true}]}}