{"id":14163,"date":"2025-02-26T12:19:43","date_gmt":"2025-02-26T12:19:43","guid":{"rendered":"https:\/\/entrenotasyacordes.com\/?p=14163"},"modified":"2025-02-26T12:19:44","modified_gmt":"2025-02-26T12:19:44","slug":"macaco-reprograma-sus-shows-en-argentina-y-uruguay","status":"publish","type":"post","link":"https:\/\/entrenotasyacordes.com\/?p=14163","title":{"rendered":"MACACO REPROGRAMA SUS SHOWS EN ARGENTINA Y URUGUAY"},"content":{"rendered":"\n<!--more-->\n\n\n<div class=\"wp-block-image\">\n<figure class=\"aligncenter size-full\"><img loading=\"lazy\" decoding=\"async\" width=\"1080\" height=\"1345\" src=\"https:\/\/entrenotasyacordes.com\/wp-content\/uploads\/2025\/02\/17ccccc.jpg\" alt=\"\" class=\"wp-image-14164\" srcset=\"https:\/\/entrenotasyacordes.com\/wp-content\/uploads\/2025\/02\/17ccccc.jpg 1080w, https:\/\/entrenotasyacordes.com\/wp-content\/uploads\/2025\/02\/17ccccc-241x300.jpg 241w, https:\/\/entrenotasyacordes.com\/wp-content\/uploads\/2025\/02\/17ccccc-822x1024.jpg 822w, https:\/\/entrenotasyacordes.com\/wp-content\/uploads\/2025\/02\/17ccccc-768x956.jpg 768w, https:\/\/entrenotasyacordes.com\/wp-content\/uploads\/2025\/02\/17ccccc-1024x1275.jpg 1024w\" sizes=\"auto, (max-width: 1080px) 100vw, 1080px\" \/><\/figure>\n<\/div>\n\n\n<p class=\"has-text-align-left\">Lamentamos informar que, debido a razones de salud, Macaco no podr\u00e1 realizar los shows programados en Argentina y Uruguay para el mes de marzo. El artista sufri\u00f3 un accidente mientras practicaba snowboard, lo que result\u00f3 en la fractura de seis costillas. Afortunadamente, se encuentra en buen estado, pero deber\u00e1 guardar reposo durante varias semanas antes de retomar su actividad en los escenarios.<\/p>\n\n\n\n<p>Los conciertos previstos en Rosario, Mendoza, C\u00f3rdoba, Buenos Aires y Montevideo han sido reprogramados para el mes de junio de este a\u00f1o y suma una nueva fecha en la ciudad de La Plata.<\/p>\n\n\n\n<p>Para quienes ya adquirieron sus entradas: los tickets previamente adquiridos son v\u00e1lidos para esta nueva fecha, quienes no puedan asistir tienen habilitados los canales correspondientes para la devoluci\u00f3n a trav\u00e9s de los puntos de venta oficiales.<\/p>\n\n\n\n<p>\u00a0Macaco los espera en junio para vivir juntos los shows tan esperados<\/p>\n\n\n\n<p class=\"has-text-align-center\"><strong>JUNIO<\/strong><br>Jueves 5\u00a0 &#8211;\u00a0\u00a0CC G\u00fcemes | Rosario |\u00a0<a href=\"https:\/\/entradaplay.com\/MACACO---SHOW-ACUSTICO---8-DE-MARZO-EN-CC-GUEMES\/?utm_source=perfit&amp;utm_medium=email\" target=\"_blank\" rel=\"noreferrer noopener\">TICKETS<\/a><br>Viernes 6 &#8211;\u00a0Teatro \u00d3pera\u00a0\u00a0| La Plata\u00a0|\u00a0<a href=\"https:\/\/livepass.com.ar\/events\/macaco-en-el-teatro-opera-lp?utm_source=perfit&amp;utm_medium=email\" target=\"_blank\" rel=\"noreferrer noopener\">TICKETS<\/a><br>Domingo 8 &#8211;\u00a0Teatro Plaza | Mendoza |\u00a0<a href=\"https:\/\/www.entradaweb.com.ar\/evento\/0abf194d\/step\/1?utm_source=perfit&amp;utm_medium=email\" target=\"_blank\" rel=\"noreferrer noopener\">TICKETS<\/a><br>Viernes 13 &#8211;\u00a0\u00a0Sala del Museo | Montevideo |\u00a0<a href=\"https:\/\/redtickets.uy\/evento\/MACACO\/18528\/?utm_source=perfit&amp;utm_medium=email\" target=\"_blank\" rel=\"noreferrer noopener\">TICKETS<\/a><br>S\u00e1bado\u00a014 &#8211;\u00a0Teatro Vorterix | Buenos Aires |\u00a0<a href=\"https:\/\/www.allaccess.com.ar\/event\/macaco-en-buenos-aires?utm_source=perfit&amp;utm_medium=email\" target=\"_blank\" rel=\"noreferrer noopener\">TICKETS<\/a><br>Domingo 15 &#8211;\u00a0Club Paraguay | C\u00f3rdoba |\u00a0<a href=\"https:\/\/alpogo.com\/evento\/macaco-1-17655?utm_source=perfit&amp;utm_medium=email\" target=\"_blank\" rel=\"noreferrer noopener\">TICKETS<\/a><\/p>\n\n\n<div class=\"wp-block-image\">\n<figure class=\"aligncenter size-full\"><img loading=\"lazy\" decoding=\"async\" width=\"2560\" height=\"2560\" src=\"https:\/\/entrenotasyacordes.com\/wp-content\/uploads\/2025\/02\/17cccccc-scaled.jpg\" alt=\"\" class=\"wp-image-14165\" srcset=\"https:\/\/entrenotasyacordes.com\/wp-content\/uploads\/2025\/02\/17cccccc-scaled.jpg 2560w, https:\/\/entrenotasyacordes.com\/wp-content\/uploads\/2025\/02\/17cccccc-300x300.jpg 300w, https:\/\/entrenotasyacordes.com\/wp-content\/uploads\/2025\/02\/17cccccc-1024x1024.jpg 1024w, https:\/\/entrenotasyacordes.com\/wp-content\/uploads\/2025\/02\/17cccccc-150x150.jpg 150w, https:\/\/entrenotasyacordes.com\/wp-content\/uploads\/2025\/02\/17cccccc-768x768.jpg 768w, https:\/\/entrenotasyacordes.com\/wp-content\/uploads\/2025\/02\/17cccccc-1536x1536.jpg 1536w, https:\/\/entrenotasyacordes.com\/wp-content\/uploads\/2025\/02\/17cccccc-2048x2048.jpg 2048w, https:\/\/entrenotasyacordes.com\/wp-content\/uploads\/2025\/02\/17cccccc-50x50.jpg 50w\" sizes=\"auto, (max-width: 2560px) 100vw, 2560px\" \/><\/figure>\n<\/div>\n\n\n<p>Macaco, el carism\u00e1tico artista, conocido por ser un emblema del mestizaje y fusionar rumba, reggae y funk, se embarcar\u00e1 en un tour donde presentar\u00e1 los adelantos que vaya publicando antes de que vea la luz su nuevo disco, en el marco de esta nueva gira llegar\u00e1 a la Argentina y Uruguay.<\/p>\n\n\n\n<p>Despu\u00e9s de un 2023 imparable, con una gira que lo llev\u00f3 a recorrer teatros por toda Espa\u00f1a, y los escenarios de festivales con su aclamado disco \u00abVu\u00e9lame el coraz\u00f3n\u00bb, Macaco decide tomarse un tiempo durante el 2024.<\/p>\n\n\n\n<p>Sin embargo, su incesante necesidad de creaci\u00f3n le llev\u00f3 a seguir componiendo canciones y a involucrarse en proyectos tan emotivos como el de La Fundaci\u00f3n Alzheimer Espa\u00f1a (FAE), una propuesta que nace con el objetivo de generar conciencia y sensibilizar a la sociedad sobre esta importante causa, y que al artista le toca muy directamente.<\/p>\n\n\n\n<p>Ahora, regresa para sorprendernos en 2025 presentando algunas de sus nuevas composiciones y sus grandes \u00e9xitos, en una gira explosiva que promete poner a bailar a Espa\u00f1a y Am\u00e9rica Latina en 2025.\u00a0<\/p>\n","protected":false},"excerpt":{"rendered":"","protected":false},"author":5,"featured_media":14164,"comment_status":"open","ping_status":"open","sticky":false,"template":"","format":"standard","meta":{"om_disable_all_campaigns":false,"_uf_show_specific_survey":0,"_uf_disable_surveys":false,"footnotes":""},"categories":[36],"tags":[],"class_list":["post-14163","post","type-post","status-publish","format-standard","has-post-thumbnail","hentry","category-conciertos"],"_links":{"self":[{"href":"https:\/\/entrenotasyacordes.com\/index.php?rest_route=\/wp\/v2\/posts\/14163","targetHints":{"allow":["GET"]}}],"collection":[{"href":"https:\/\/entrenotasyacordes.com\/index.php?rest_route=\/wp\/v2\/posts"}],"about":[{"href":"https:\/\/entrenotasyacordes.com\/index.php?rest_route=\/wp\/v2\/types\/post"}],"author":[{"embeddable":true,"href":"https:\/\/entrenotasyacordes.com\/index.php?rest_route=\/wp\/v2\/users\/5"}],"replies":[{"embeddable":true,"href":"https:\/\/entrenotasyacordes.com\/index.php?rest_route=%2Fwp%2Fv2%2Fcomments&post=14163"}],"version-history":[{"count":1,"href":"https:\/\/entrenotasyacordes.com\/index.php?rest_route=\/wp\/v2\/posts\/14163\/revisions"}],"predecessor-version":[{"id":14166,"href":"https:\/\/entrenotasyacordes.com\/index.php?rest_route=\/wp\/v2\/posts\/14163\/revisions\/14166"}],"wp:featuredmedia":[{"embeddable":true,"href":"https:\/\/entrenotasyacordes.com\/index.php?rest_route=\/wp\/v2\/media\/14164"}],"wp:attachment":[{"href":"https:\/\/entrenotasyacordes.com\/index.php?rest_route=%2Fwp%2Fv2%2Fmedia&parent=14163"}],"wp:term":[{"taxonomy":"category","embeddable":true,"href":"https:\/\/entrenotasyacordes.com\/index.php?rest_route=%2Fwp%2Fv2%2Fcategories&post=14163"},{"taxonomy":"post_tag","embeddable":true,"href":"https:\/\/entrenotasyacordes.com\/index.php?rest_route=%2Fwp%2Fv2%2Ftags&post=14163"}],"curies":[{"name":"wp","href":"https:\/\/api.w.org\/{rel}","templated":true}]}}