{"id":14167,"date":"2025-02-26T12:24:06","date_gmt":"2025-02-26T12:24:06","guid":{"rendered":"https:\/\/entrenotasyacordes.com\/?p=14167"},"modified":"2025-02-26T12:24:08","modified_gmt":"2025-02-26T12:24:08","slug":"militantes-del-climax-se-presenta-en-teatro-opera-la-plata","status":"publish","type":"post","link":"https:\/\/entrenotasyacordes.com\/?p=14167","title":{"rendered":"MILITANTES DEL CLIMAX SE PRESENTA EN TEATRO \u00d3PERA LA PLATA"},"content":{"rendered":"\n<!--more-->\n\n\n<div class=\"wp-block-image\">\n<figure class=\"aligncenter size-full\"><img loading=\"lazy\" decoding=\"async\" width=\"1080\" height=\"1080\" src=\"https:\/\/entrenotasyacordes.com\/wp-content\/uploads\/2025\/02\/17d.jpg\" alt=\"\" class=\"wp-image-14168\" srcset=\"https:\/\/entrenotasyacordes.com\/wp-content\/uploads\/2025\/02\/17d.jpg 1080w, https:\/\/entrenotasyacordes.com\/wp-content\/uploads\/2025\/02\/17d-300x300.jpg 300w, https:\/\/entrenotasyacordes.com\/wp-content\/uploads\/2025\/02\/17d-1024x1024.jpg 1024w, https:\/\/entrenotasyacordes.com\/wp-content\/uploads\/2025\/02\/17d-150x150.jpg 150w, https:\/\/entrenotasyacordes.com\/wp-content\/uploads\/2025\/02\/17d-768x768.jpg 768w, https:\/\/entrenotasyacordes.com\/wp-content\/uploads\/2025\/02\/17d-50x50.jpg 50w\" sizes=\"auto, (max-width: 1080px) 100vw, 1080px\" \/><\/figure>\n<\/div>\n\n\n<p class=\"has-text-align-left\">Despu\u00e9s de casi seis a\u00f1os sin publicar un \u00e1lbum de larga duraci\u00f3n,\u00a0<strong>Militantes del Cl\u00edmax<\/strong>\u00a0volvi\u00f3 a la escena con \u00abNueva Sangre\u00bb, el disco fue presentado en el Teatro de Flores con entradas agotadas en el mes de noviembre. Ahora, la banda anuncia su regreso a la ciudad de\u00a0<strong>La Plata<\/strong>\u00a0el\u00a0<strong>s\u00e1bado 29 de marzo<\/strong>, 20hs en el<strong>\u00a0Teatro \u00d3pera.<\/strong><\/p>\n\n\n\n<p class=\"has-text-align-left\"><strong>Entradas a la venta por sistema\u00a0<a href=\"https:\/\/livepass.com.ar\/events\/militantes-del-climax-en-el-teatro-opera-lp?utm_source=perfit&amp;utm_medium=email\" target=\"_blank\" rel=\"noreferrer noopener\">Livepass<\/a>\u00a0y boleter\u00eda del teatro.<\/strong><br><strong>Comprando con tus tarjetas Visa y MasterCard del Banco Provincia tenes 4 cuotas sin inter\u00e9s<\/strong><\/p>\n\n\n<div class=\"wp-block-image\">\n<figure class=\"aligncenter size-full\"><img loading=\"lazy\" decoding=\"async\" width=\"2560\" height=\"1440\" src=\"https:\/\/entrenotasyacordes.com\/wp-content\/uploads\/2025\/02\/17dd-scaled.jpg\" alt=\"\" class=\"wp-image-14169\" srcset=\"https:\/\/entrenotasyacordes.com\/wp-content\/uploads\/2025\/02\/17dd-scaled.jpg 2560w, https:\/\/entrenotasyacordes.com\/wp-content\/uploads\/2025\/02\/17dd-300x169.jpg 300w, https:\/\/entrenotasyacordes.com\/wp-content\/uploads\/2025\/02\/17dd-1024x576.jpg 1024w, https:\/\/entrenotasyacordes.com\/wp-content\/uploads\/2025\/02\/17dd-768x432.jpg 768w, https:\/\/entrenotasyacordes.com\/wp-content\/uploads\/2025\/02\/17dd-1536x864.jpg 1536w, https:\/\/entrenotasyacordes.com\/wp-content\/uploads\/2025\/02\/17dd-2048x1152.jpg 2048w\" sizes=\"auto, (max-width: 2560px) 100vw, 2560px\" \/><\/figure>\n<\/div>\n\n\n<p><strong>\u00a8Nueva Sangre\u00a8 reaviva la esencia de la banda argentina con un sonido renovado y vibrante.<\/strong>&nbsp;El fulgor del funk se apodera de cada track, mientras que las l\u00edricas, siempre comprometidas socialmente, contin\u00faan ancladas en las ra\u00edces del hip hop.<\/p>\n\n\n\n<p>El disco propone una fusi\u00f3n de sonidos frescos y una instrumentaci\u00f3n rica en percusi\u00f3n, acompa\u00f1ada por las caracter\u00edsticas l\u00edneas de viento que han hecho de Militantes del Cl\u00edmax la big band m\u00e1s representativa&nbsp;del groove en Argentina. Este retorno no s\u00f3lo marca un hito en la carrera de la banda, sino que tambi\u00e9n presenta una evoluci\u00f3n en su estilo sin perder su identidad.&nbsp;<\/p>\n\n\n\n<figure class=\"wp-block-embed is-type-video is-provider-youtube wp-block-embed-youtube wp-embed-aspect-16-9 wp-has-aspect-ratio\"><div class=\"wp-block-embed__wrapper\">\n<div class=\"epyt-video-wrapper\"><iframe loading=\"lazy\"  id=\"_ytid_99907\"  width=\"640\" height=\"360\"  data-origwidth=\"640\" data-origheight=\"360\" src=\"https:\/\/www.youtube.com\/embed\/wJ0wOhoXQEM?enablejsapi=1&#038;autoplay=0&#038;cc_load_policy=0&#038;cc_lang_pref=&#038;iv_load_policy=1&#038;loop=0&#038;rel=1&#038;fs=1&#038;playsinline=0&#038;autohide=2&#038;theme=dark&#038;color=white&#038;controls=1&#038;\" class=\"__youtube_prefs__  epyt-is-override  no-lazyload\" data-vol=\"50\"  title=\"YouTube player\"  allow=\"fullscreen; accelerometer; autoplay; clipboard-write; encrypted-media; gyroscope; picture-in-picture; web-share\" referrerpolicy=\"strict-origin-when-cross-origin\" allowfullscreen data-no-lazy=\"1\" data-skipgform_ajax_framebjll=\"\"><\/iframe><\/div>\n<\/div><\/figure>\n\n\n\n<p>Con m\u00e1s de 15 a\u00f1os de trayectoria, Militantes del Cl\u00edmax ha dejado su huella como pioneros del hip hop y rap con banda en Argentina. A lo largo de su carrera, han pasado por los escenarios m\u00e1s importantes del pa\u00eds, destacando hitos como la apertura de shows para Wiz Khalifa, WOS y Kase.O, y llenando lugares ic\u00f3nicos como el Estadio Obras.<\/p>\n\n\n\n<p>El ADN de la banda se mantiene intacto: m\u00fasica de alta calidad, l\u00edricas inteligentes que narran historias cotidianas y una puesta en escena explosiva que ha influenciado a toda una generaci\u00f3n de artistas. \u00abNueva Sangre\u00bb confirma que Militantes del Cl\u00edmax sigue siendo un referente indiscutido en una escena que a menudo tiende a lo superficial, y que su b\u00fasqueda siempre los llevar\u00e1 hacia el cl\u00edmax musical.&nbsp;<\/p>\n","protected":false},"excerpt":{"rendered":"","protected":false},"author":5,"featured_media":14168,"comment_status":"open","ping_status":"open","sticky":false,"template":"","format":"standard","meta":{"om_disable_all_campaigns":false,"_uf_show_specific_survey":0,"_uf_disable_surveys":false,"footnotes":""},"categories":[36],"tags":[],"class_list":["post-14167","post","type-post","status-publish","format-standard","has-post-thumbnail","hentry","category-conciertos"],"_links":{"self":[{"href":"https:\/\/entrenotasyacordes.com\/index.php?rest_route=\/wp\/v2\/posts\/14167","targetHints":{"allow":["GET"]}}],"collection":[{"href":"https:\/\/entrenotasyacordes.com\/index.php?rest_route=\/wp\/v2\/posts"}],"about":[{"href":"https:\/\/entrenotasyacordes.com\/index.php?rest_route=\/wp\/v2\/types\/post"}],"author":[{"embeddable":true,"href":"https:\/\/entrenotasyacordes.com\/index.php?rest_route=\/wp\/v2\/users\/5"}],"replies":[{"embeddable":true,"href":"https:\/\/entrenotasyacordes.com\/index.php?rest_route=%2Fwp%2Fv2%2Fcomments&post=14167"}],"version-history":[{"count":1,"href":"https:\/\/entrenotasyacordes.com\/index.php?rest_route=\/wp\/v2\/posts\/14167\/revisions"}],"predecessor-version":[{"id":14170,"href":"https:\/\/entrenotasyacordes.com\/index.php?rest_route=\/wp\/v2\/posts\/14167\/revisions\/14170"}],"wp:featuredmedia":[{"embeddable":true,"href":"https:\/\/entrenotasyacordes.com\/index.php?rest_route=\/wp\/v2\/media\/14168"}],"wp:attachment":[{"href":"https:\/\/entrenotasyacordes.com\/index.php?rest_route=%2Fwp%2Fv2%2Fmedia&parent=14167"}],"wp:term":[{"taxonomy":"category","embeddable":true,"href":"https:\/\/entrenotasyacordes.com\/index.php?rest_route=%2Fwp%2Fv2%2Fcategories&post=14167"},{"taxonomy":"post_tag","embeddable":true,"href":"https:\/\/entrenotasyacordes.com\/index.php?rest_route=%2Fwp%2Fv2%2Ftags&post=14167"}],"curies":[{"name":"wp","href":"https:\/\/api.w.org\/{rel}","templated":true}]}}