{"id":14171,"date":"2025-02-26T12:27:36","date_gmt":"2025-02-26T12:27:36","guid":{"rendered":"https:\/\/entrenotasyacordes.com\/?p=14171"},"modified":"2025-02-26T12:27:37","modified_gmt":"2025-02-26T12:27:37","slug":"gian-marco-reprograma-su-visita-a-la-argentina","status":"publish","type":"post","link":"https:\/\/entrenotasyacordes.com\/?p=14171","title":{"rendered":"Gian Marco reprograma su visita a la Argentina"},"content":{"rendered":"\n<!--more-->\n\n\n\n<p class=\"has-text-align-center\"><strong>\u00a1NUEVA FECHA!<\/strong><br><strong>5 DE JUNIO EN EL TEATRO OPERA<\/strong><\/p>\n\n\n<div class=\"wp-block-image\">\n<figure class=\"aligncenter size-full is-resized\"><img loading=\"lazy\" decoding=\"async\" width=\"642\" height=\"750\" src=\"https:\/\/entrenotasyacordes.com\/wp-content\/uploads\/2025\/02\/17ddd.jpg\" alt=\"\" class=\"wp-image-14172\" style=\"width:599px;height:auto\" srcset=\"https:\/\/entrenotasyacordes.com\/wp-content\/uploads\/2025\/02\/17ddd.jpg 642w, https:\/\/entrenotasyacordes.com\/wp-content\/uploads\/2025\/02\/17ddd-257x300.jpg 257w\" sizes=\"auto, (max-width: 642px) 100vw, 642px\" \/><\/figure>\n<\/div>\n\n\n<p>Por motivos de log\u00edstica ajenos al cantautor,&nbsp;<strong>Gian Marco&nbsp;<\/strong>se vio obligado a reprogramar el tan ansiado encuentro con su p\u00fablico argentino en el marco de su gira mundial para presentar su d\u00e9cimo s\u00e9ptimo \u00e1lbum&nbsp;<em>\u201cA\u00fan me sigo encontrando<\/em>\u201d. La fecha del show inicialmente programado para el 9 de marzo, pas\u00f3 al&nbsp;<strong>jueves 5 de junio en el Teatro Opera<\/strong>, respectivamente.<\/p>\n\n\n\n<p><strong>D\u00f3nde y cu\u00e1ndo comprar entradas<\/strong><br>Las entradas para la nueva cita ya se encuentran a la venta a trav\u00e9s del sistema Ticketek.<\/p>\n\n\n\n<p>Adem\u00e1s, la producci\u00f3n inform\u00f3 que todas las entradas adquiridas para el 9 de marzo ser\u00e1n v\u00e1lidas para el 05 de junio. Todos aquellos que no puedan asistir podr\u00e1n acceder al reembolso correspondiente a trav\u00e9s de la misma ticketera.<\/p>\n\n\n\n<p><strong>Su s\u00e9ptimo \u00e1lbum \u201cA\u00fan me sigo encontrando\u201d<\/strong><br>El cantautor peruano<strong>\u00a0Gian Marco<\/strong>, ganador en tres ocasiones del Latin Grammy, nos presenta\u00a0<em>\u201cA\u00fan me sigo encontrando\u201d<\/em>, un disco que ofrece una impresionante fusi\u00f3n de ritmos diversos como la salsa, el pop latino y la balada rom\u00e1ntica, con l\u00edricas profundas y nost\u00e1lgicas. Destacan temas como \u201cA\u00fan me sigo encontrando\u201d junto a Rub\u00e9n Blades, en el que habla de su renacer y la fusi\u00f3n tropical y alegre de \u201cContigo hasta el final\u201d junto a Mike Bah\u00eda. Tambi\u00e9n resalta la revoluci\u00f3n de la salsa de \u201cNo es amor\u201d junto a Daniela Darcourt.<\/p>\n\n\n\n<p><strong>Gian Marco<\/strong>&nbsp;tambi\u00e9n presenta&nbsp;<em>\u201cDicen en mi barrio\u201d<\/em>&nbsp;en compa\u00f1\u00eda del nicarag\u00fcense Luis Enrique y el m\u00fasico colombiano Gusi, quienes tambi\u00e9n fungieron de coautores en esta fusi\u00f3n salsa, as\u00ed como&nbsp;<em>\u201cT\u00fa\u201d<\/em>&nbsp;a d\u00fao con Catalina Garc\u00eda de la banda Monsieur Perin\u00e9 la balada&nbsp;<em>\u201cOjos que no ven\u201d,<\/em>&nbsp;con la participaci\u00f3n del mexicano Leonel Garc\u00eda de Sin Bandera, entre otros.<\/p>\n","protected":false},"excerpt":{"rendered":"","protected":false},"author":5,"featured_media":14172,"comment_status":"open","ping_status":"open","sticky":false,"template":"","format":"standard","meta":{"om_disable_all_campaigns":false,"_uf_show_specific_survey":0,"_uf_disable_surveys":false,"footnotes":""},"categories":[34],"tags":[],"class_list":["post-14171","post","type-post","status-publish","format-standard","has-post-thumbnail","hentry","category-ultimas-noticias"],"_links":{"self":[{"href":"https:\/\/entrenotasyacordes.com\/index.php?rest_route=\/wp\/v2\/posts\/14171","targetHints":{"allow":["GET"]}}],"collection":[{"href":"https:\/\/entrenotasyacordes.com\/index.php?rest_route=\/wp\/v2\/posts"}],"about":[{"href":"https:\/\/entrenotasyacordes.com\/index.php?rest_route=\/wp\/v2\/types\/post"}],"author":[{"embeddable":true,"href":"https:\/\/entrenotasyacordes.com\/index.php?rest_route=\/wp\/v2\/users\/5"}],"replies":[{"embeddable":true,"href":"https:\/\/entrenotasyacordes.com\/index.php?rest_route=%2Fwp%2Fv2%2Fcomments&post=14171"}],"version-history":[{"count":1,"href":"https:\/\/entrenotasyacordes.com\/index.php?rest_route=\/wp\/v2\/posts\/14171\/revisions"}],"predecessor-version":[{"id":14173,"href":"https:\/\/entrenotasyacordes.com\/index.php?rest_route=\/wp\/v2\/posts\/14171\/revisions\/14173"}],"wp:featuredmedia":[{"embeddable":true,"href":"https:\/\/entrenotasyacordes.com\/index.php?rest_route=\/wp\/v2\/media\/14172"}],"wp:attachment":[{"href":"https:\/\/entrenotasyacordes.com\/index.php?rest_route=%2Fwp%2Fv2%2Fmedia&parent=14171"}],"wp:term":[{"taxonomy":"category","embeddable":true,"href":"https:\/\/entrenotasyacordes.com\/index.php?rest_route=%2Fwp%2Fv2%2Fcategories&post=14171"},{"taxonomy":"post_tag","embeddable":true,"href":"https:\/\/entrenotasyacordes.com\/index.php?rest_route=%2Fwp%2Fv2%2Ftags&post=14171"}],"curies":[{"name":"wp","href":"https:\/\/api.w.org\/{rel}","templated":true}]}}