{"id":14174,"date":"2025-02-26T12:35:34","date_gmt":"2025-02-26T12:35:34","guid":{"rendered":"https:\/\/entrenotasyacordes.com\/?p=14174"},"modified":"2025-02-26T12:35:35","modified_gmt":"2025-02-26T12:35:35","slug":"faltan-solo-dos-meses-para-el-show-de-nonpalidece-en-el-movistar-arena","status":"publish","type":"post","link":"https:\/\/entrenotasyacordes.com\/?p=14174","title":{"rendered":"\u00a1FALTAN SOLO DOS MESES PARA EL SHOW DE NONPALIDECE EN EL MOVISTAR ARENA!"},"content":{"rendered":"\n<!--more-->\n\n\n\n<p class=\"has-text-align-center\"><strong>ENTRADAS EN VENTA EN\u00a0<a href=\"https:\/\/www.movistararena.com.ar\/?utm_source=perfit&amp;utm_medium=email\" target=\"_blank\" rel=\"noreferrer noopener\">WWW.MOVISTARARENA.COM.AR<\/a><br>4 CUOTAS SIN INTER\u00c9S CON BANCO PROVINCIA<\/strong><\/p>\n\n\n<div class=\"wp-block-image\">\n<figure class=\"aligncenter size-full is-resized\"><img loading=\"lazy\" decoding=\"async\" width=\"660\" height=\"825\" src=\"https:\/\/entrenotasyacordes.com\/wp-content\/uploads\/2024\/11\/1e.jpg\" alt=\"\" class=\"wp-image-12711\" style=\"width:503px;height:auto\" srcset=\"https:\/\/entrenotasyacordes.com\/wp-content\/uploads\/2024\/11\/1e.jpg 660w, https:\/\/entrenotasyacordes.com\/wp-content\/uploads\/2024\/11\/1e-240x300.jpg 240w\" sizes=\"auto, (max-width: 660px) 100vw, 660px\" \/><\/figure>\n<\/div>\n\n\n<p><strong>Nonpalidece\u00a0<\/strong>llega por primera vez al\u00a0<strong>Movistar Arena<\/strong>\u00a0para presentar su nuevo disco\u00a0<strong>\u00abHecho en Jamaica\u00bb.<\/strong> Con producci\u00f3n de<strong>\u00a0Fenix Entertainment,<\/strong>\u00a0la cita ser\u00e1 el\u00a0<strong>24 de abril de 2025<\/strong>; las entradas ya est\u00e1n a la venta a trav\u00e9s de\u00a0<a>www.movistararena.com.ar<\/a>\u00a0y hay 4 cuotas sin inter\u00e9s con Banco Provincia.<\/p>\n\n\n<div class=\"wp-block-image\">\n<figure class=\"aligncenter size-full is-resized\"><img loading=\"lazy\" decoding=\"async\" width=\"704\" height=\"467\" src=\"https:\/\/entrenotasyacordes.com\/wp-content\/uploads\/2025\/02\/17dddd.png\" alt=\"\" class=\"wp-image-14175\" style=\"width:694px;height:auto\" srcset=\"https:\/\/entrenotasyacordes.com\/wp-content\/uploads\/2025\/02\/17dddd.png 704w, https:\/\/entrenotasyacordes.com\/wp-content\/uploads\/2025\/02\/17dddd-300x200.png 300w\" sizes=\"auto, (max-width: 704px) 100vw, 704px\" \/><\/figure>\n<\/div>\n\n\n<p>Ya comienza la cuenta regresiva para lo que ser\u00e1 el show del a\u00f1o para Nonpalidece. Faltan s\u00f3lo dos meses para la esperada presentaci\u00f3n de su flamante \u00e1lbum y la banda acaba de anunciar algunos de los artistas invitados que estar\u00e1n acompa\u00f1\u00e1ndolos esa noche:\u00a0<em><strong>Rally Barrionuevo, Brinsley Forde, La Delio Valdez y Emanuel Noir (Ke Personajes)<\/strong><\/em>\u00a0ser\u00e1n parte del festejo.<\/p>\n\n\n\n<div class=\"wp-block-columns is-layout-flex wp-container-core-columns-is-layout-28f84493 wp-block-columns-is-layout-flex\">\n<div class=\"wp-block-column is-layout-flow wp-block-column-is-layout-flow\">\n<figure class=\"wp-block-image size-large\"><img loading=\"lazy\" decoding=\"async\" width=\"819\" height=\"1024\" src=\"https:\/\/entrenotasyacordes.com\/wp-content\/uploads\/2025\/02\/17ddddddddd-819x1024.jpg\" alt=\"\" class=\"wp-image-14177\" srcset=\"https:\/\/entrenotasyacordes.com\/wp-content\/uploads\/2025\/02\/17ddddddddd-819x1024.jpg 819w, https:\/\/entrenotasyacordes.com\/wp-content\/uploads\/2025\/02\/17ddddddddd-240x300.jpg 240w, https:\/\/entrenotasyacordes.com\/wp-content\/uploads\/2025\/02\/17ddddddddd-768x960.jpg 768w, https:\/\/entrenotasyacordes.com\/wp-content\/uploads\/2025\/02\/17ddddddddd-1229x1536.jpg 1229w, https:\/\/entrenotasyacordes.com\/wp-content\/uploads\/2025\/02\/17ddddddddd-1638x2048.jpg 1638w, https:\/\/entrenotasyacordes.com\/wp-content\/uploads\/2025\/02\/17ddddddddd-1024x1280.jpg 1024w, https:\/\/entrenotasyacordes.com\/wp-content\/uploads\/2025\/02\/17ddddddddd-scaled.jpg 2048w\" sizes=\"auto, (max-width: 819px) 100vw, 819px\" \/><\/figure>\n<\/div>\n\n\n\n<div class=\"wp-block-column is-layout-flow wp-block-column-is-layout-flow\">\n<figure class=\"wp-block-image size-large\"><img loading=\"lazy\" decoding=\"async\" width=\"819\" height=\"1024\" src=\"https:\/\/entrenotasyacordes.com\/wp-content\/uploads\/2025\/02\/17dddddddd-819x1024.jpg\" alt=\"\" class=\"wp-image-14178\" srcset=\"https:\/\/entrenotasyacordes.com\/wp-content\/uploads\/2025\/02\/17dddddddd-819x1024.jpg 819w, https:\/\/entrenotasyacordes.com\/wp-content\/uploads\/2025\/02\/17dddddddd-240x300.jpg 240w, https:\/\/entrenotasyacordes.com\/wp-content\/uploads\/2025\/02\/17dddddddd-768x960.jpg 768w, https:\/\/entrenotasyacordes.com\/wp-content\/uploads\/2025\/02\/17dddddddd-1229x1536.jpg 1229w, https:\/\/entrenotasyacordes.com\/wp-content\/uploads\/2025\/02\/17dddddddd-1638x2048.jpg 1638w, https:\/\/entrenotasyacordes.com\/wp-content\/uploads\/2025\/02\/17dddddddd-1024x1280.jpg 1024w, https:\/\/entrenotasyacordes.com\/wp-content\/uploads\/2025\/02\/17dddddddd-scaled.jpg 2048w\" sizes=\"auto, (max-width: 819px) 100vw, 819px\" \/><\/figure>\n<\/div>\n<\/div>\n\n\n\n<div class=\"wp-block-columns is-layout-flex wp-container-core-columns-is-layout-28f84493 wp-block-columns-is-layout-flex\">\n<div class=\"wp-block-column is-layout-flow wp-block-column-is-layout-flow\">\n<figure class=\"wp-block-image size-large\"><img loading=\"lazy\" decoding=\"async\" width=\"819\" height=\"1024\" src=\"https:\/\/entrenotasyacordes.com\/wp-content\/uploads\/2025\/02\/17ddddddd-819x1024.jpg\" alt=\"\" class=\"wp-image-14179\" srcset=\"https:\/\/entrenotasyacordes.com\/wp-content\/uploads\/2025\/02\/17ddddddd-819x1024.jpg 819w, https:\/\/entrenotasyacordes.com\/wp-content\/uploads\/2025\/02\/17ddddddd-240x300.jpg 240w, https:\/\/entrenotasyacordes.com\/wp-content\/uploads\/2025\/02\/17ddddddd-768x960.jpg 768w, https:\/\/entrenotasyacordes.com\/wp-content\/uploads\/2025\/02\/17ddddddd-1229x1536.jpg 1229w, https:\/\/entrenotasyacordes.com\/wp-content\/uploads\/2025\/02\/17ddddddd-1638x2048.jpg 1638w, https:\/\/entrenotasyacordes.com\/wp-content\/uploads\/2025\/02\/17ddddddd-1024x1280.jpg 1024w, https:\/\/entrenotasyacordes.com\/wp-content\/uploads\/2025\/02\/17ddddddd-scaled.jpg 2048w\" sizes=\"auto, (max-width: 819px) 100vw, 819px\" \/><\/figure>\n<\/div>\n\n\n\n<div class=\"wp-block-column is-layout-flow wp-block-column-is-layout-flow\">\n<figure class=\"wp-block-image size-large\"><img loading=\"lazy\" decoding=\"async\" width=\"819\" height=\"1024\" src=\"https:\/\/entrenotasyacordes.com\/wp-content\/uploads\/2025\/02\/17dddddd-819x1024.jpg\" alt=\"\" class=\"wp-image-14180\" srcset=\"https:\/\/entrenotasyacordes.com\/wp-content\/uploads\/2025\/02\/17dddddd-819x1024.jpg 819w, https:\/\/entrenotasyacordes.com\/wp-content\/uploads\/2025\/02\/17dddddd-240x300.jpg 240w, https:\/\/entrenotasyacordes.com\/wp-content\/uploads\/2025\/02\/17dddddd-768x960.jpg 768w, https:\/\/entrenotasyacordes.com\/wp-content\/uploads\/2025\/02\/17dddddd-1229x1536.jpg 1229w, https:\/\/entrenotasyacordes.com\/wp-content\/uploads\/2025\/02\/17dddddd-1638x2048.jpg 1638w, https:\/\/entrenotasyacordes.com\/wp-content\/uploads\/2025\/02\/17dddddd-1024x1280.jpg 1024w, https:\/\/entrenotasyacordes.com\/wp-content\/uploads\/2025\/02\/17dddddd-scaled.jpg 2048w\" sizes=\"auto, (max-width: 819px) 100vw, 819px\" \/><\/figure>\n<\/div>\n<\/div>\n\n\n\n<p>Con 28 a\u00f1os de carrera y el m\u00e9rito de ser una de las bandas m\u00e1s populares y convocantes de reggae en latinoam\u00e9rica, \u00a0<strong>Nonpalidece\u00a0<\/strong>estrena su disco de cl\u00e1sicos donde cumplieron uno de sus mayores sue\u00f1os: viajaron a Jamaica, la cuna del reggae, para grabar esta nueva producci\u00f3n, parte de su historia musical que se re versiona en un viaje a la isla donde todo comenz\u00f3. Pero esto no es todo, recientemente fueron invitados nada m\u00e1s ni nada menos que al cumplea\u00f1os n\u00famero 80 de Bob Marley y tocaron en vivo en el Emancipation Park de Kingston Jamaica, convirti\u00e9ndose en la primera banda argentina en lograr este hito.<\/p>\n\n\n<div class=\"wp-block-image\">\n<figure class=\"aligncenter size-full is-resized\"><img loading=\"lazy\" decoding=\"async\" width=\"2560\" height=\"1707\" src=\"https:\/\/entrenotasyacordes.com\/wp-content\/uploads\/2025\/02\/17ddddd-scaled.jpg\" alt=\"\" class=\"wp-image-14176\" style=\"width:694px;height:auto\" srcset=\"https:\/\/entrenotasyacordes.com\/wp-content\/uploads\/2025\/02\/17ddddd-scaled.jpg 2560w, https:\/\/entrenotasyacordes.com\/wp-content\/uploads\/2025\/02\/17ddddd-300x200.jpg 300w, https:\/\/entrenotasyacordes.com\/wp-content\/uploads\/2025\/02\/17ddddd-1024x683.jpg 1024w, https:\/\/entrenotasyacordes.com\/wp-content\/uploads\/2025\/02\/17ddddd-768x512.jpg 768w, https:\/\/entrenotasyacordes.com\/wp-content\/uploads\/2025\/02\/17ddddd-1536x1024.jpg 1536w, https:\/\/entrenotasyacordes.com\/wp-content\/uploads\/2025\/02\/17ddddd-2048x1366.jpg 2048w\" sizes=\"auto, (max-width: 2560px) 100vw, 2560px\" \/><\/figure>\n<\/div>\n\n\n<p>Las canciones m\u00e1s queridas por su p\u00fablico, las m\u00e1s emblem\u00e1ticas, las que marcaron un antes y un despu\u00e9s son reinterpretadas en este \u00e1lbum, en un tracklist sin igual: La Flor, Reggae en el Universo, Love Song, En El Aire, Dame Luz, Mi Fortaleza y muchos m\u00e1s.<\/p>\n\n\n\n<p>Con la participaci\u00f3n de celebridades de la m\u00fasica como invitados de lujo, el \u00e1lbum cuenta con colaboraciones de alto nivel como\u00a0<strong>Fito Paez, Fabiana Cantilo, Mykal Rose, No Te Va Gustar, Ke Personajes, Alborosie, Natiruts, La Delio Valdez y Juanse,<\/strong>\u00a0entre otros artistas consagrados internacionalmente.<\/p>\n\n\n\n<p><strong>El 24 de abril en el Movistar Arena<\/strong>\u00a0ser\u00e1 la oportunidad para escuchar en vivo los cl\u00e1sicos de\u00a0<strong>Nonpalidece<\/strong>, estas nuevas versiones donde los acompa\u00f1ar\u00e1n ese d\u00eda algunos de los invitados que grabaron junto a ellos, ser\u00e1 un nuevo encuentro de festejo y celebraci\u00f3n, sin lugar a dudas imperdible.<\/p>\n\n\n\n<p class=\"has-text-align-center\"><strong>Pr\u00f3ximos shows:<\/strong><br>27\/02\/25 Sargento Pimienta de Barranco, Lima, Per\u00fa.<br>1\/03\/2025 Koanna, Punta Hermosa, Per\u00fa<br>8\/03\/25 Santa F\u00e9, Argentina.<br>4\/04\/25 Sala Es Gremi, Mallorca, Espa\u00f1a.<br>5\/04\/25 Sala Rocka Rock Voodoo, M\u00e1laga, Espa\u00f1a.<br>6\/04\/25 Sala Madison, Valencia, Espa\u00f1a.<br>9\/04\/25 Sala Razzmatazz, Barcelona, Espa\u00f1a.<br>11\/04\/25 Es Paradis, Ibiza, Espa\u00f1a.<br>12\/04\/25 Sala Chango, Madrid, Espa\u00f1a.<br>24\/04\/25 Movistar Arena, Buenos Aires<\/p>\n","protected":false},"excerpt":{"rendered":"","protected":false},"author":5,"featured_media":12711,"comment_status":"open","ping_status":"open","sticky":false,"template":"","format":"standard","meta":{"om_disable_all_campaigns":false,"_uf_show_specific_survey":0,"_uf_disable_surveys":false,"footnotes":""},"categories":[36],"tags":[],"class_list":["post-14174","post","type-post","status-publish","format-standard","has-post-thumbnail","hentry","category-conciertos"],"_links":{"self":[{"href":"https:\/\/entrenotasyacordes.com\/index.php?rest_route=\/wp\/v2\/posts\/14174","targetHints":{"allow":["GET"]}}],"collection":[{"href":"https:\/\/entrenotasyacordes.com\/index.php?rest_route=\/wp\/v2\/posts"}],"about":[{"href":"https:\/\/entrenotasyacordes.com\/index.php?rest_route=\/wp\/v2\/types\/post"}],"author":[{"embeddable":true,"href":"https:\/\/entrenotasyacordes.com\/index.php?rest_route=\/wp\/v2\/users\/5"}],"replies":[{"embeddable":true,"href":"https:\/\/entrenotasyacordes.com\/index.php?rest_route=%2Fwp%2Fv2%2Fcomments&post=14174"}],"version-history":[{"count":1,"href":"https:\/\/entrenotasyacordes.com\/index.php?rest_route=\/wp\/v2\/posts\/14174\/revisions"}],"predecessor-version":[{"id":14181,"href":"https:\/\/entrenotasyacordes.com\/index.php?rest_route=\/wp\/v2\/posts\/14174\/revisions\/14181"}],"wp:featuredmedia":[{"embeddable":true,"href":"https:\/\/entrenotasyacordes.com\/index.php?rest_route=\/wp\/v2\/media\/12711"}],"wp:attachment":[{"href":"https:\/\/entrenotasyacordes.com\/index.php?rest_route=%2Fwp%2Fv2%2Fmedia&parent=14174"}],"wp:term":[{"taxonomy":"category","embeddable":true,"href":"https:\/\/entrenotasyacordes.com\/index.php?rest_route=%2Fwp%2Fv2%2Fcategories&post=14174"},{"taxonomy":"post_tag","embeddable":true,"href":"https:\/\/entrenotasyacordes.com\/index.php?rest_route=%2Fwp%2Fv2%2Ftags&post=14174"}],"curies":[{"name":"wp","href":"https:\/\/api.w.org\/{rel}","templated":true}]}}