{"id":14182,"date":"2025-02-26T12:41:07","date_gmt":"2025-02-26T12:41:07","guid":{"rendered":"https:\/\/entrenotasyacordes.com\/?p=14182"},"modified":"2025-02-26T12:41:09","modified_gmt":"2025-02-26T12:41:09","slug":"cami-regresa-a-argentina-24-de-abril-en-crobar","status":"publish","type":"post","link":"https:\/\/entrenotasyacordes.com\/?p=14182","title":{"rendered":"CAMI REGRESA A ARGENTINA: 24 DE ABRIL EN CROBAR"},"content":{"rendered":"\n<!--more-->\n\n\n\n<p class=\"has-text-align-center\">CAMI ANUNCIA SU SHOW M\u00c1S ESPERADO:<br>\u201cCAMI ES ANNA\u201d<br>24 DE ABRIL | CROBAR<\/p>\n\n\n<div class=\"wp-block-image\">\n<figure class=\"aligncenter size-full is-resized\"><img loading=\"lazy\" decoding=\"async\" width=\"2023\" height=\"2560\" src=\"https:\/\/entrenotasyacordes.com\/wp-content\/uploads\/2025\/02\/17e-scaled.jpg\" alt=\"\" class=\"wp-image-14183\" style=\"width:503px;height:auto\" srcset=\"https:\/\/entrenotasyacordes.com\/wp-content\/uploads\/2025\/02\/17e-scaled.jpg 2023w, https:\/\/entrenotasyacordes.com\/wp-content\/uploads\/2025\/02\/17e-237x300.jpg 237w, https:\/\/entrenotasyacordes.com\/wp-content\/uploads\/2025\/02\/17e-809x1024.jpg 809w, https:\/\/entrenotasyacordes.com\/wp-content\/uploads\/2025\/02\/17e-768x972.jpg 768w, https:\/\/entrenotasyacordes.com\/wp-content\/uploads\/2025\/02\/17e-1214x1536.jpg 1214w, https:\/\/entrenotasyacordes.com\/wp-content\/uploads\/2025\/02\/17e-1619x2048.jpg 1619w, https:\/\/entrenotasyacordes.com\/wp-content\/uploads\/2025\/02\/17e-1024x1296.jpg 1024w\" sizes=\"auto, (max-width: 2023px) 100vw, 2023px\" \/><\/figure>\n<\/div>\n\n\n<p>Luego de su exitosa visita en 2024, la destacada artista chilena vuelve a Buenos Aires con un show \u00fanico.<\/p>\n\n\n\n<p>CAMI, una de las artistas m\u00e1s influyentes de la m\u00fasica latina, est\u00e1 lista para deslumbrar a su p\u00fablico, esta vez con su nuevo show \u201cCAMI ES ANNA\u201d, un espect\u00e1culo que promete ser un viaje musical inolvidable, lleno de emoci\u00f3n, fuerza y las poderosas interpretaciones que la han convertido en un \u00edcono a nivel mundial.<\/p>\n\n\n\n<p>El show ser\u00e1 el pr\u00f3ximo 24 de abril en Crobar, un \u00edcono de la m\u00fasica electr\u00f3nica en la ciudad, en d\u00f3nde el p\u00fablico podr\u00e1 vivir de cerca la esencia de esta nueva etapa de CAMI. Las entradas ya se encuentran disponibles a trav\u00e9s de Bombo.<\/p>\n\n\n\n<p>\u201cCAMI ES ANNA\u201d no ser\u00e1 solo un concierto, sino una inmersi\u00f3n total en un concepto art\u00edstico renovado, rupturista y s\u00f3lido. La puesta en escena presentar\u00e1 elementos in\u00e9ditos, revelando una nueva faceta de Cami como artista. Ser\u00e1 un espect\u00e1culo que sorprender\u00e1 al p\u00fablico con una propuesta innovadora y llena de energ\u00eda.<\/p>\n\n\n\n<p>Esta experiencia multisensorial promete llevar a los asistentes por un viaje emocional y energ\u00e9tico, con el talento y la versatilidad que solo Cami tiene en el escenario. Este show contar\u00e1 con un potente setlist que incluye las canciones m\u00e1s emblem\u00e1ticas de su carrera, adem\u00e1s de temas de su m\u00e1s reciente producci\u00f3n \u201cANNA Vol.1\u201d, Los Amantes y su \u00faltimo single \u201cQUIERO TODA MI VIDA DE VUELTA\u201d un adelanto de su esperado EP \u201cANNA Vol.2\u201d.<\/p>\n\n\n<div class=\"wp-block-image\">\n<figure class=\"aligncenter size-full is-resized\"><img loading=\"lazy\" decoding=\"async\" width=\"1528\" height=\"1222\" src=\"https:\/\/entrenotasyacordes.com\/wp-content\/uploads\/2025\/02\/17ee.jpg\" alt=\"\" class=\"wp-image-14184\" style=\"width:694px;height:auto\" srcset=\"https:\/\/entrenotasyacordes.com\/wp-content\/uploads\/2025\/02\/17ee.jpg 1528w, https:\/\/entrenotasyacordes.com\/wp-content\/uploads\/2025\/02\/17ee-300x240.jpg 300w, https:\/\/entrenotasyacordes.com\/wp-content\/uploads\/2025\/02\/17ee-1024x819.jpg 1024w, https:\/\/entrenotasyacordes.com\/wp-content\/uploads\/2025\/02\/17ee-768x614.jpg 768w\" sizes=\"auto, (max-width: 1528px) 100vw, 1528px\" \/><\/figure>\n<\/div>\n\n\n<p>El 2024 fue un a\u00f1o de hitos para la artista nacional, consolidando su carrera en Latinoam\u00e9rica con presentaciones aclamadas en Argentina, M\u00e9xico y Chile, adem\u00e1s del lanzamiento en vinilo de ANNA EL SHOW, que recopila reversiones de sus mayores \u00e9xitos en vivo. Ahora, con \u201cCAMI ES ANNA\u201d, la artista vuelve a demostrar por qu\u00e9 es una de las voces m\u00e1s potentes y aut\u00e9nticas de Latinoam\u00e9rica.<\/p>\n\n\n\n<p>Recordemos que en 2024, Cami se present\u00f3 en la Ciudad de Buenos Aires con su tour \u201cAnna est\u00e1 alucinada\u201d, fascinando al p\u00fablico local con su nueva propuesta musical y esc\u00e9nica.<\/p>\n\n\n<div class=\"wp-block-image\">\n<figure class=\"aligncenter size-full is-resized\"><img loading=\"lazy\" decoding=\"async\" width=\"2065\" height=\"2560\" src=\"https:\/\/entrenotasyacordes.com\/wp-content\/uploads\/2025\/02\/17eee-scaled.jpg\" alt=\"\" class=\"wp-image-14185\" style=\"width:694px;height:auto\" srcset=\"https:\/\/entrenotasyacordes.com\/wp-content\/uploads\/2025\/02\/17eee-scaled.jpg 2065w, https:\/\/entrenotasyacordes.com\/wp-content\/uploads\/2025\/02\/17eee-242x300.jpg 242w, https:\/\/entrenotasyacordes.com\/wp-content\/uploads\/2025\/02\/17eee-826x1024.jpg 826w, https:\/\/entrenotasyacordes.com\/wp-content\/uploads\/2025\/02\/17eee-768x952.jpg 768w, https:\/\/entrenotasyacordes.com\/wp-content\/uploads\/2025\/02\/17eee-1239x1536.jpg 1239w, https:\/\/entrenotasyacordes.com\/wp-content\/uploads\/2025\/02\/17eee-1652x2048.jpg 1652w, https:\/\/entrenotasyacordes.com\/wp-content\/uploads\/2025\/02\/17eee-1024x1270.jpg 1024w\" sizes=\"auto, (max-width: 2065px) 100vw, 2065px\" \/><\/figure>\n<\/div>","protected":false},"excerpt":{"rendered":"","protected":false},"author":5,"featured_media":14183,"comment_status":"open","ping_status":"open","sticky":false,"template":"","format":"standard","meta":{"om_disable_all_campaigns":false,"_uf_show_specific_survey":0,"_uf_disable_surveys":false,"footnotes":""},"categories":[36],"tags":[],"class_list":["post-14182","post","type-post","status-publish","format-standard","has-post-thumbnail","hentry","category-conciertos"],"_links":{"self":[{"href":"https:\/\/entrenotasyacordes.com\/index.php?rest_route=\/wp\/v2\/posts\/14182","targetHints":{"allow":["GET"]}}],"collection":[{"href":"https:\/\/entrenotasyacordes.com\/index.php?rest_route=\/wp\/v2\/posts"}],"about":[{"href":"https:\/\/entrenotasyacordes.com\/index.php?rest_route=\/wp\/v2\/types\/post"}],"author":[{"embeddable":true,"href":"https:\/\/entrenotasyacordes.com\/index.php?rest_route=\/wp\/v2\/users\/5"}],"replies":[{"embeddable":true,"href":"https:\/\/entrenotasyacordes.com\/index.php?rest_route=%2Fwp%2Fv2%2Fcomments&post=14182"}],"version-history":[{"count":1,"href":"https:\/\/entrenotasyacordes.com\/index.php?rest_route=\/wp\/v2\/posts\/14182\/revisions"}],"predecessor-version":[{"id":14186,"href":"https:\/\/entrenotasyacordes.com\/index.php?rest_route=\/wp\/v2\/posts\/14182\/revisions\/14186"}],"wp:featuredmedia":[{"embeddable":true,"href":"https:\/\/entrenotasyacordes.com\/index.php?rest_route=\/wp\/v2\/media\/14183"}],"wp:attachment":[{"href":"https:\/\/entrenotasyacordes.com\/index.php?rest_route=%2Fwp%2Fv2%2Fmedia&parent=14182"}],"wp:term":[{"taxonomy":"category","embeddable":true,"href":"https:\/\/entrenotasyacordes.com\/index.php?rest_route=%2Fwp%2Fv2%2Fcategories&post=14182"},{"taxonomy":"post_tag","embeddable":true,"href":"https:\/\/entrenotasyacordes.com\/index.php?rest_route=%2Fwp%2Fv2%2Ftags&post=14182"}],"curies":[{"name":"wp","href":"https:\/\/api.w.org\/{rel}","templated":true}]}}