{"id":14258,"date":"2025-02-28T15:25:58","date_gmt":"2025-02-28T15:25:58","guid":{"rendered":"https:\/\/entrenotasyacordes.com\/?p=14258"},"modified":"2025-02-28T15:25:59","modified_gmt":"2025-02-28T15:25:59","slug":"dante-spinetta-is-back","status":"publish","type":"post","link":"https:\/\/entrenotasyacordes.com\/?p=14258","title":{"rendered":"\u00a1DANTE SPINETTA IS BACK!"},"content":{"rendered":"\n<!--more-->\n\n\n\n<p>Tras su esperad\u00edsimo regreso \u00a8POR UNA NOCHE\u00a8 de<strong> Illya Kuryaki &amp; Valderramas<\/strong>, la banda que marc\u00f3 el ADN del rap y la m\u00fasica urbana en Argentina, el mega artista pisa fuerte este 2025 con <strong>STARLIGHT<\/strong>, su primer lanzamiento del a\u00f1o.<\/p>\n\n\n<div class=\"wp-block-image\">\n<figure class=\"aligncenter size-full\"><img loading=\"lazy\" decoding=\"async\" width=\"1920\" height=\"2560\" src=\"https:\/\/entrenotasyacordes.com\/wp-content\/uploads\/2025\/02\/DANTEXORCO_0326-scaled.jpg\" alt=\"\" class=\"wp-image-14259\" srcset=\"https:\/\/entrenotasyacordes.com\/wp-content\/uploads\/2025\/02\/DANTEXORCO_0326-scaled.jpg 1920w, https:\/\/entrenotasyacordes.com\/wp-content\/uploads\/2025\/02\/DANTEXORCO_0326-225x300.jpg 225w, https:\/\/entrenotasyacordes.com\/wp-content\/uploads\/2025\/02\/DANTEXORCO_0326-768x1024.jpg 768w, https:\/\/entrenotasyacordes.com\/wp-content\/uploads\/2025\/02\/DANTEXORCO_0326-1152x1536.jpg 1152w, https:\/\/entrenotasyacordes.com\/wp-content\/uploads\/2025\/02\/DANTEXORCO_0326-1536x2048.jpg 1536w, https:\/\/entrenotasyacordes.com\/wp-content\/uploads\/2025\/02\/DANTEXORCO_0326-1024x1365.jpg 1024w\" sizes=\"auto, (max-width: 1920px) 100vw, 1920px\" \/><\/figure>\n<\/div>\n\n\n<p>Hace tiempo que el sello <em>Spinetta<\/em> deja su huella en la contemporaneidad de la obra art\u00edstica de Dante. Y no hace falta m\u00e1s que revisar los m\u00e1s de 30 a\u00f1os de carrera de un artista que comenz\u00f3 a los \u00a114 a\u00f1os! con <strong>Illya Kuryaki &amp; The Valderramas <\/strong>-con un regreso explosivo solo \u00a8POR UNA NOCHE\u00a8 el 22 de febrero en Ciudad Universitaria- y que, recientemente, se coron\u00f3 con un Latin Grammy por \u201c<a href=\"https:\/\/open.spotify.com\/intl-es\/album\/4pURI2UciLMYnod643ypjC\">Mesa Dulce<\/a>\u201d como \u201cMejor Canci\u00f3n Alternativa\u201d, y con\u00a0 cuatro <strong>Premios Gardel <\/strong>a las categor\u00edas de \u201cProductor del a\u00f1o\u201d (Dante Spinetta), \u201cMejor Canci\u00f3n de Rock\u201d (\u201cEl Lado Oscuro del Coraz\u00f3n\u201d), \u201cIngenier\u00eda de Grabaci\u00f3n\u201d (Oscar Herrera, Mariano L\u00f3pez y Randy Merril) y \u201cMejor Colaboraci\u00f3n de M\u00fasica Urbana\u201d (\u201cSudaka\u201d, junto a Trueno).<\/p>\n\n\n\n<p>Con semejante a\u00f1o,<strong> 2025 no se pod\u00eda quedar atr\u00e1s. <\/strong>La vara qued\u00f3 alt\u00edsima y Dante decidi\u00f3 redoblar la apuesta con <strong>STARLIGHT, <\/strong>el primer adelanto de su nuevo material y el anticipo que empieza a darle forma a su sexto \u00e1lbum de estudio.<\/p>\n\n\n<div class=\"wp-block-image\">\n<figure class=\"aligncenter size-full\"><img loading=\"lazy\" decoding=\"async\" width=\"640\" height=\"640\" src=\"https:\/\/entrenotasyacordes.com\/wp-content\/uploads\/2025\/02\/17j.jpeg\" alt=\"\" class=\"wp-image-14260\" srcset=\"https:\/\/entrenotasyacordes.com\/wp-content\/uploads\/2025\/02\/17j.jpeg 640w, https:\/\/entrenotasyacordes.com\/wp-content\/uploads\/2025\/02\/17j-300x300.jpeg 300w, https:\/\/entrenotasyacordes.com\/wp-content\/uploads\/2025\/02\/17j-150x150.jpeg 150w, https:\/\/entrenotasyacordes.com\/wp-content\/uploads\/2025\/02\/17j-50x50.jpeg 50w\" sizes=\"auto, (max-width: 640px) 100vw, 640px\" \/><\/figure>\n<\/div>\n\n\n<p>Grabado en <strong>La Diosa Salvaje<\/strong> por <a href=\"https:\/\/www.instagram.com\/saga.herrera\/?hl=es-la\">Saga Herrera<\/a> y Bone 2B Wild Music Studio por <a href=\"https:\/\/www.instagram.com\/the_hornheads\/\">Michael B. Nelson<\/a> y con las colaboraciones de <a href=\"https:\/\/www.instagram.com\/matimendezbass\/?hl=es\">Mat\u00edas Mendez<\/a> en Bajo, <a href=\"https:\/\/www.instagram.com\/axelintro\/?hl=es\">Axel Introini<\/a> en la Bater\u00eda y The Hornheads dirigidos por Michael B. Nelson desde Minneapolis, <strong>STARLIGHT marca el camino de una nueva era en la obra de Dante Spinetta.<\/strong><\/p>\n\n\n\n<p><em>\u201cSTARLIGHT sali\u00f3 al otro d\u00eda de un show, me di cuenta que necesitaba este beat, este ritmo para los conciertos. Me met\u00ed al estudio, agarre las m\u00e1quinas y teclados para hacer la base de la canci\u00f3n, despu\u00e9s llam\u00e9 a la banda para grabar y sumamos a Michael B. Nelson desde Minneapolis para que haga los arreglos de vientos. La canci\u00f3n est\u00e1 super fresca y en vivo va a explotar \u201d<\/em>, dijo Dante, siempre acostumbr\u00e1ndonos a sorprendernos con beats explosivos y sensuales que no pasan desapercibidos.<\/p>\n","protected":false},"excerpt":{"rendered":"","protected":false},"author":5,"featured_media":14260,"comment_status":"open","ping_status":"open","sticky":false,"template":"","format":"standard","meta":{"om_disable_all_campaigns":false,"_uf_show_specific_survey":0,"_uf_disable_surveys":false,"footnotes":""},"categories":[4],"tags":[],"class_list":["post-14258","post","type-post","status-publish","format-standard","has-post-thumbnail","hentry","category-musica"],"_links":{"self":[{"href":"https:\/\/entrenotasyacordes.com\/index.php?rest_route=\/wp\/v2\/posts\/14258","targetHints":{"allow":["GET"]}}],"collection":[{"href":"https:\/\/entrenotasyacordes.com\/index.php?rest_route=\/wp\/v2\/posts"}],"about":[{"href":"https:\/\/entrenotasyacordes.com\/index.php?rest_route=\/wp\/v2\/types\/post"}],"author":[{"embeddable":true,"href":"https:\/\/entrenotasyacordes.com\/index.php?rest_route=\/wp\/v2\/users\/5"}],"replies":[{"embeddable":true,"href":"https:\/\/entrenotasyacordes.com\/index.php?rest_route=%2Fwp%2Fv2%2Fcomments&post=14258"}],"version-history":[{"count":1,"href":"https:\/\/entrenotasyacordes.com\/index.php?rest_route=\/wp\/v2\/posts\/14258\/revisions"}],"predecessor-version":[{"id":14261,"href":"https:\/\/entrenotasyacordes.com\/index.php?rest_route=\/wp\/v2\/posts\/14258\/revisions\/14261"}],"wp:featuredmedia":[{"embeddable":true,"href":"https:\/\/entrenotasyacordes.com\/index.php?rest_route=\/wp\/v2\/media\/14260"}],"wp:attachment":[{"href":"https:\/\/entrenotasyacordes.com\/index.php?rest_route=%2Fwp%2Fv2%2Fmedia&parent=14258"}],"wp:term":[{"taxonomy":"category","embeddable":true,"href":"https:\/\/entrenotasyacordes.com\/index.php?rest_route=%2Fwp%2Fv2%2Fcategories&post=14258"},{"taxonomy":"post_tag","embeddable":true,"href":"https:\/\/entrenotasyacordes.com\/index.php?rest_route=%2Fwp%2Fv2%2Ftags&post=14258"}],"curies":[{"name":"wp","href":"https:\/\/api.w.org\/{rel}","templated":true}]}}