{"id":14262,"date":"2025-02-28T15:41:35","date_gmt":"2025-02-28T15:41:35","guid":{"rendered":"https:\/\/entrenotasyacordes.com\/?p=14262"},"modified":"2025-02-28T15:41:40","modified_gmt":"2025-02-28T15:41:40","slug":"fito-paez-presenta-superextrano","status":"publish","type":"post","link":"https:\/\/entrenotasyacordes.com\/?p=14262","title":{"rendered":"FITO PAEZ PRESENTA SUPEREXTRA\u00d1O"},"content":{"rendered":"\n<!--more-->\n\n\n<div class=\"wp-block-image\">\n<figure class=\"aligncenter size-full\"><img loading=\"lazy\" decoding=\"async\" width=\"2560\" height=\"2560\" src=\"https:\/\/entrenotasyacordes.com\/wp-content\/uploads\/2025\/02\/NOVELA-Single-Superextrano-Cover-scaled.jpg\" alt=\"\" class=\"wp-image-14263\" srcset=\"https:\/\/entrenotasyacordes.com\/wp-content\/uploads\/2025\/02\/NOVELA-Single-Superextrano-Cover-scaled.jpg 2560w, https:\/\/entrenotasyacordes.com\/wp-content\/uploads\/2025\/02\/NOVELA-Single-Superextrano-Cover-300x300.jpg 300w, https:\/\/entrenotasyacordes.com\/wp-content\/uploads\/2025\/02\/NOVELA-Single-Superextrano-Cover-1024x1024.jpg 1024w, https:\/\/entrenotasyacordes.com\/wp-content\/uploads\/2025\/02\/NOVELA-Single-Superextrano-Cover-150x150.jpg 150w, https:\/\/entrenotasyacordes.com\/wp-content\/uploads\/2025\/02\/NOVELA-Single-Superextrano-Cover-768x768.jpg 768w, https:\/\/entrenotasyacordes.com\/wp-content\/uploads\/2025\/02\/NOVELA-Single-Superextrano-Cover-1536x1536.jpg 1536w, https:\/\/entrenotasyacordes.com\/wp-content\/uploads\/2025\/02\/NOVELA-Single-Superextrano-Cover-2048x2048.jpg 2048w, https:\/\/entrenotasyacordes.com\/wp-content\/uploads\/2025\/02\/NOVELA-Single-Superextrano-Cover-50x50.jpg 50w\" sizes=\"auto, (max-width: 2560px) 100vw, 2560px\" \/><\/figure>\n<\/div>\n\n\n<p><strong>SEGUNDO ADELANTO DE SU PR\u00d3XIMO \u00c1LBUM<\/strong> <strong>NOVELA<\/strong><\/p>\n\n\n\n<p><strong>\u201cNOVELA\u201d<\/strong> es una gran obra musical que <strong>Fito Paez<\/strong> comenz\u00f3 a escribir en 1988 y que culmina en 2024, viendo la luz el 27 de marzo de 2025.<\/p>\n\n\n\n<p>Re\u00fane 25 canciones in\u00e9ditas que relatan una historia m\u00e1gica, con personajes originales de esp\u00edritu rebelde y apasionado. El escenario es un particular pueblo de Santa Fe, adonde llega un circo freak que revoluciona las vidas de sus habitantes.<\/p>\n\n\n\n<p><strong>\u201cSuperextra\u00f1o\u201d<\/strong>, es el segundo adelanto de\u00a0<strong>\u201cNOVELA\u201d.<\/strong>\u00a0El primer corte de difusi\u00f3n nos relataba un momento clave, justamente, <strong>\u201cCuando el circo llega al pueblo\u201d<\/strong>. En esa l\u00ednea de revelaciones, \u201cSuperextra\u00f1o\u201d irrumpe cuando algo enorme est\u00e1 por suceder: los protagonistas, Jimmy y Loka, se ven por primera vez.<\/p>\n\n\n<div class=\"wp-block-image\">\n<figure class=\"aligncenter size-full\"><img loading=\"lazy\" decoding=\"async\" width=\"450\" height=\"617\" src=\"https:\/\/entrenotasyacordes.com\/wp-content\/uploads\/2025\/02\/17jj.jpg\" alt=\"\" class=\"wp-image-14264\" srcset=\"https:\/\/entrenotasyacordes.com\/wp-content\/uploads\/2025\/02\/17jj.jpg 450w, https:\/\/entrenotasyacordes.com\/wp-content\/uploads\/2025\/02\/17jj-219x300.jpg 219w\" sizes=\"auto, (max-width: 450px) 100vw, 450px\" \/><\/figure>\n<\/div>\n\n\n<p>\u201cSuperextra\u00f1o\u201d es el track n\u00famero 12 del disco, y el nudo de \u201cNOVELA\u201d. Cuando la historia transcurre entre momentos de oscuridad y desarrollo de la galer\u00eda de personajes (todos saben algo que no dicen), potenciando la incertidumbre sobre los secretos de Jok, Julius, la mam\u00e1 de Loka y el deseo, Maldivina y Turbialuz concretan su primer objetivo que era que Jimmy y Loka se crucen. Y como es el momento donde el amor debiera despertar, con las dos brujas volando mientras rodean a Loka y a Jimmy, se avecinan otras escenas turbulentas, con dudas y desconfianza.<\/p>\n\n\n\n<p>Este nuevo single prepara el terreno para que se vivan los momentos m\u00e1s intensos del relato. Compuesto por Paez, viene acompa\u00f1ado por un original <strong>lyric video<\/strong> dise\u00f1ado y realizado por Corn\u00e1scavia Estudio y producido por Antiest\u00e1tico.<\/p>\n\n\n\n<p>\u201cNOVELA\u201d es una gran obra musical, que, en tiempos ca\u00f3ticos, complicados y desalentadores, nos lleva a conocer un mundo de ilusiones y de amor. Con la excusa de contar como afect\u00f3 a los j\u00f3venes \u2013y a su propia vida\u2013 aprender a vivir en un pueblo rec\u00f3ndito de la provincia de Santa Fe (Argentina), el artista rosarino cre\u00f3 un universo m\u00e1gico que se cuenta en formato cinematogr\u00e1fico y de \u00e1lbum. \u00a0<\/p>\n\n\n\n<p>Producida por el propio <strong>Fito Paez<\/strong>,\u00a0<strong>Gustavo Borner <\/strong>y\u00a0<strong>Diego Olivero<\/strong>, grabada entre\u00a0<strong>Abbey Road <\/strong>(Londres)\u00a0y los estudios de\u00a0Sony Music<strong> 5020 Madrid<\/strong>, \u201cNovela\u201d\u00a0es una obra de arte de infinitas dimensiones que no dejar\u00e1 a nadie indiferente.<\/p>\n\n\n\n<p><strong><u>La historia<\/u><\/strong><\/p>\n\n\n\n<p>La historia se inicia en la <strong>Universidad<\/strong> brujeril <strong>Prix<\/strong>, donde dos alumnas, <strong>Maldivina y Turbialuz <\/strong>-brillantes, aunque picarescas-, deben cumplir una misi\u00f3n a modo de prueba\/castigo, que dicta la rectora del lugar, la malvada<strong> Rectitud Martirius<\/strong>: encontrar el amor perfecto en <strong>Villa Constituci\u00f3n<\/strong>, el peque\u00f1o pueblo donde transita todo el imaginario del \u00e1lbum.<\/p>\n\n\n\n<p>All\u00ed se encuentran <strong>Loka<\/strong>, la hija del due\u00f1o de un circo pobre itinerante. Y <strong>Jimmy<\/strong>, un ni\u00f1o hu\u00e9rfano que tiene una banda de rock y que vive con su t\u00eda <strong>Charo<\/strong>. La historia concentra un desfile de personajes marginales encantadores, que transitan en paralelo a la exposici\u00f3n de los actos de Turbialuz y Maldivina, mientras buscan concretar el v\u00ednculo entre Loka y Jimmy.<\/p>\n\n\n<div class=\"wp-block-image\">\n<figure class=\"aligncenter size-full\"><img loading=\"lazy\" decoding=\"async\" width=\"1048\" height=\"636\" src=\"https:\/\/entrenotasyacordes.com\/wp-content\/uploads\/2025\/02\/17jjj.png\" alt=\"\" class=\"wp-image-14265\" srcset=\"https:\/\/entrenotasyacordes.com\/wp-content\/uploads\/2025\/02\/17jjj.png 1048w, https:\/\/entrenotasyacordes.com\/wp-content\/uploads\/2025\/02\/17jjj-300x182.png 300w, https:\/\/entrenotasyacordes.com\/wp-content\/uploads\/2025\/02\/17jjj-1024x621.png 1024w, https:\/\/entrenotasyacordes.com\/wp-content\/uploads\/2025\/02\/17jjj-768x466.png 768w\" sizes=\"auto, (max-width: 1048px) 100vw, 1048px\" \/><\/figure>\n<\/div>\n\n\n<p>Aventuras fant\u00e1sticas, cabar\u00e9s, turbas inquietantes. Vecinos darks y freaks. Personajes con angustias, tragedias, luces y sombras, que transitan sus d\u00edas en el l\u00edmite entre un pueblo y un circo pobre que define el antagonismo y la puesta en escena de la vida cotidiana, y su reacci\u00f3n ante hechos sobrenaturales que se suceden constantemente, entre ellos, la aparici\u00f3n del amor.<\/p>\n\n\n<div class=\"wp-block-image\">\n<figure class=\"aligncenter size-full\"><img loading=\"lazy\" decoding=\"async\" width=\"416\" height=\"626\" src=\"https:\/\/entrenotasyacordes.com\/wp-content\/uploads\/2025\/02\/17jjjj.png\" alt=\"\" class=\"wp-image-14266\" srcset=\"https:\/\/entrenotasyacordes.com\/wp-content\/uploads\/2025\/02\/17jjjj.png 416w, https:\/\/entrenotasyacordes.com\/wp-content\/uploads\/2025\/02\/17jjjj-199x300.png 199w\" sizes=\"auto, (max-width: 416px) 100vw, 416px\" \/><\/figure>\n<\/div>","protected":false},"excerpt":{"rendered":"","protected":false},"author":5,"featured_media":14263,"comment_status":"open","ping_status":"open","sticky":false,"template":"","format":"standard","meta":{"om_disable_all_campaigns":false,"_uf_show_specific_survey":0,"_uf_disable_surveys":false,"footnotes":""},"categories":[4],"tags":[],"class_list":["post-14262","post","type-post","status-publish","format-standard","has-post-thumbnail","hentry","category-musica"],"_links":{"self":[{"href":"https:\/\/entrenotasyacordes.com\/index.php?rest_route=\/wp\/v2\/posts\/14262","targetHints":{"allow":["GET"]}}],"collection":[{"href":"https:\/\/entrenotasyacordes.com\/index.php?rest_route=\/wp\/v2\/posts"}],"about":[{"href":"https:\/\/entrenotasyacordes.com\/index.php?rest_route=\/wp\/v2\/types\/post"}],"author":[{"embeddable":true,"href":"https:\/\/entrenotasyacordes.com\/index.php?rest_route=\/wp\/v2\/users\/5"}],"replies":[{"embeddable":true,"href":"https:\/\/entrenotasyacordes.com\/index.php?rest_route=%2Fwp%2Fv2%2Fcomments&post=14262"}],"version-history":[{"count":1,"href":"https:\/\/entrenotasyacordes.com\/index.php?rest_route=\/wp\/v2\/posts\/14262\/revisions"}],"predecessor-version":[{"id":14267,"href":"https:\/\/entrenotasyacordes.com\/index.php?rest_route=\/wp\/v2\/posts\/14262\/revisions\/14267"}],"wp:featuredmedia":[{"embeddable":true,"href":"https:\/\/entrenotasyacordes.com\/index.php?rest_route=\/wp\/v2\/media\/14263"}],"wp:attachment":[{"href":"https:\/\/entrenotasyacordes.com\/index.php?rest_route=%2Fwp%2Fv2%2Fmedia&parent=14262"}],"wp:term":[{"taxonomy":"category","embeddable":true,"href":"https:\/\/entrenotasyacordes.com\/index.php?rest_route=%2Fwp%2Fv2%2Fcategories&post=14262"},{"taxonomy":"post_tag","embeddable":true,"href":"https:\/\/entrenotasyacordes.com\/index.php?rest_route=%2Fwp%2Fv2%2Ftags&post=14262"}],"curies":[{"name":"wp","href":"https:\/\/api.w.org\/{rel}","templated":true}]}}