{"id":14268,"date":"2025-02-28T16:17:37","date_gmt":"2025-02-28T16:17:37","guid":{"rendered":"https:\/\/entrenotasyacordes.com\/?p=14268"},"modified":"2025-02-28T16:17:39","modified_gmt":"2025-02-28T16:17:39","slug":"1915-presenta-su-nuevo-ep-la-promesa-luego-de-su-espectacular-show-en-el-festival-buena-vibra","status":"publish","type":"post","link":"https:\/\/entrenotasyacordes.com\/?p=14268","title":{"rendered":"1915 PRESENTA SU NUEVO EP \u201cLA PROMESA\u201d LUEGO DE SU ESPECTACULAR SHOW EN EL FESTIVAL BUENA VIBRA"},"content":{"rendered":"\n<!--more-->\n\n\n<div class=\"wp-block-image\">\n<figure class=\"aligncenter size-full\"><img loading=\"lazy\" decoding=\"async\" width=\"2048\" height=\"2048\" src=\"https:\/\/entrenotasyacordes.com\/wp-content\/uploads\/2025\/02\/17k.jpg\" alt=\"\" class=\"wp-image-14269\" srcset=\"https:\/\/entrenotasyacordes.com\/wp-content\/uploads\/2025\/02\/17k.jpg 2048w, https:\/\/entrenotasyacordes.com\/wp-content\/uploads\/2025\/02\/17k-300x300.jpg 300w, https:\/\/entrenotasyacordes.com\/wp-content\/uploads\/2025\/02\/17k-1024x1024.jpg 1024w, https:\/\/entrenotasyacordes.com\/wp-content\/uploads\/2025\/02\/17k-150x150.jpg 150w, https:\/\/entrenotasyacordes.com\/wp-content\/uploads\/2025\/02\/17k-768x768.jpg 768w, https:\/\/entrenotasyacordes.com\/wp-content\/uploads\/2025\/02\/17k-1536x1536.jpg 1536w, https:\/\/entrenotasyacordes.com\/wp-content\/uploads\/2025\/02\/17k-50x50.jpg 50w\" sizes=\"auto, (max-width: 2048px) 100vw, 2048px\" \/><\/figure>\n<\/div>\n\n\n<p><strong>1915<\/strong> nos anticipa lo que ser\u00e1 un gran a\u00f1o musical con el lanzamiento de <strong>\u00a8La Promesa\u00a8 <\/strong>, su nuevo EP que engloba sus \u00faltimos lanzamientos y nos trae nuevas y pegadizas canciones. Con un tono fresco, que combina sintetizadores con guitarras y melod\u00edas \u00fanicas, el \u00e1lbum propone ser un nuevo \u00e9xito que conquiste coraz\u00f3n y o\u00eddos de sus seguidores.<\/p>\n\n\n\n<p>La banda viene de dar un gran show en el festival <strong>Buena Vibra<\/strong> en donde anunci\u00f3 la salida de su nuevo EP, compartiendo line up con grandes bandas como <strong>Indios<\/strong>, <strong>B\u00e1ndalos Chinos<\/strong> e <strong>Illya Kuryaki &amp; The Valderramas.<\/strong>\u00a0<\/p>\n\n\n<div class=\"wp-block-image\">\n<figure class=\"aligncenter size-full\"><img loading=\"lazy\" decoding=\"async\" width=\"2048\" height=\"1367\" src=\"https:\/\/entrenotasyacordes.com\/wp-content\/uploads\/2025\/02\/17kk.jpg\" alt=\"\" class=\"wp-image-14270\" srcset=\"https:\/\/entrenotasyacordes.com\/wp-content\/uploads\/2025\/02\/17kk.jpg 2048w, https:\/\/entrenotasyacordes.com\/wp-content\/uploads\/2025\/02\/17kk-300x200.jpg 300w, https:\/\/entrenotasyacordes.com\/wp-content\/uploads\/2025\/02\/17kk-1024x684.jpg 1024w, https:\/\/entrenotasyacordes.com\/wp-content\/uploads\/2025\/02\/17kk-768x513.jpg 768w, https:\/\/entrenotasyacordes.com\/wp-content\/uploads\/2025\/02\/17kk-1536x1025.jpg 1536w\" sizes=\"auto, (max-width: 2048px) 100vw, 2048px\" \/><\/figure>\n<\/div>\n\n\n<p>El lanzamiento cuenta con las siguientes canciones:<\/p>\n\n\n\n<p><strong>1. La Promesa<\/strong><br><strong>2. Me Haces Falta<\/strong><br><strong>3. Resaca ft. Joaquin Vitola<\/strong><br><strong>4. Los 90<\/strong><br><strong>5. Noches de la Luna<\/strong><\/p>\n\n\n<div class=\"wp-block-image\">\n<figure class=\"aligncenter size-full\"><img loading=\"lazy\" decoding=\"async\" width=\"1365\" height=\"2048\" src=\"https:\/\/entrenotasyacordes.com\/wp-content\/uploads\/2025\/02\/17kkk.jpg\" alt=\"\" class=\"wp-image-14271\" srcset=\"https:\/\/entrenotasyacordes.com\/wp-content\/uploads\/2025\/02\/17kkk.jpg 1365w, https:\/\/entrenotasyacordes.com\/wp-content\/uploads\/2025\/02\/17kkk-200x300.jpg 200w, https:\/\/entrenotasyacordes.com\/wp-content\/uploads\/2025\/02\/17kkk-683x1024.jpg 683w, https:\/\/entrenotasyacordes.com\/wp-content\/uploads\/2025\/02\/17kkk-768x1152.jpg 768w, https:\/\/entrenotasyacordes.com\/wp-content\/uploads\/2025\/02\/17kkk-1024x1536.jpg 1024w\" sizes=\"auto, (max-width: 1365px) 100vw, 1365px\" \/><\/figure>\n<\/div>\n\n\n<p><strong>Sobre 1915<\/strong><\/p>\n\n\n\n<p><strong>1915<\/strong> trae un sonido fresco y comprometido con la realidad social a la escena local. La banda oriunda de Zona Norte, conformada por Cruz Hunkeler (guitarra y voz), \u201cPenzo\u201d (teclados y synths), Jerem\u00edas Alegre (bater\u00eda) y Alejo Freixas (bajo), lleva cuatro discos editados: <strong><em>Dual <\/em><\/strong>(2016), <strong><em>Bandera<\/em><\/strong> (2018), <strong><em>Los A\u00f1os Futuros<\/em><\/strong> (2020) y <strong><em>Fuera de Lugar<\/em><\/strong> (2022).<\/p>\n\n\n\n<p>La banda ha girado a lo largo de su pa\u00eds y ha sido parte del lineup de los festivales m\u00e1s importantes de Argentina. Como el <strong>Lollapalooza<\/strong>, <strong>Cosqu\u00edn Rock<\/strong>, <strong>Quilmes Rock Festival Buena Vibra<\/strong>, entre otros.<\/p>\n\n\n\n<p>En 2023 llevaron a cabo una gira internacional que los tuvo por <strong>Uruguay<\/strong>, <strong>Chile<\/strong>, <strong>Per\u00fa<\/strong>, <strong>Mexico<\/strong> y <strong>Costa Rica<\/strong>.&nbsp;<\/p>\n\n\n\n<p>Su talento y originalidad los llevaron a ganarse el reconocimiento del ambiente musical, llegando a ser <strong>nominados en 2 ocasiones para los Premios Gardel.<\/strong><\/p>\n\n\n\n<p>En 2024, cerraron el a\u00f1o con el show m\u00e1s grande de su carrera: una presentaci\u00f3n en el <strong>C art Media <\/strong>con una imponente producci\u00f3n, invitados de lujo y un espect\u00e1culo siendo un \u00e9xito rotundo.<\/p>\n","protected":false},"excerpt":{"rendered":"","protected":false},"author":5,"featured_media":14269,"comment_status":"open","ping_status":"open","sticky":false,"template":"","format":"standard","meta":{"om_disable_all_campaigns":false,"_uf_show_specific_survey":0,"_uf_disable_surveys":false,"footnotes":""},"categories":[4],"tags":[],"class_list":["post-14268","post","type-post","status-publish","format-standard","has-post-thumbnail","hentry","category-musica"],"_links":{"self":[{"href":"https:\/\/entrenotasyacordes.com\/index.php?rest_route=\/wp\/v2\/posts\/14268","targetHints":{"allow":["GET"]}}],"collection":[{"href":"https:\/\/entrenotasyacordes.com\/index.php?rest_route=\/wp\/v2\/posts"}],"about":[{"href":"https:\/\/entrenotasyacordes.com\/index.php?rest_route=\/wp\/v2\/types\/post"}],"author":[{"embeddable":true,"href":"https:\/\/entrenotasyacordes.com\/index.php?rest_route=\/wp\/v2\/users\/5"}],"replies":[{"embeddable":true,"href":"https:\/\/entrenotasyacordes.com\/index.php?rest_route=%2Fwp%2Fv2%2Fcomments&post=14268"}],"version-history":[{"count":1,"href":"https:\/\/entrenotasyacordes.com\/index.php?rest_route=\/wp\/v2\/posts\/14268\/revisions"}],"predecessor-version":[{"id":14272,"href":"https:\/\/entrenotasyacordes.com\/index.php?rest_route=\/wp\/v2\/posts\/14268\/revisions\/14272"}],"wp:featuredmedia":[{"embeddable":true,"href":"https:\/\/entrenotasyacordes.com\/index.php?rest_route=\/wp\/v2\/media\/14269"}],"wp:attachment":[{"href":"https:\/\/entrenotasyacordes.com\/index.php?rest_route=%2Fwp%2Fv2%2Fmedia&parent=14268"}],"wp:term":[{"taxonomy":"category","embeddable":true,"href":"https:\/\/entrenotasyacordes.com\/index.php?rest_route=%2Fwp%2Fv2%2Fcategories&post=14268"},{"taxonomy":"post_tag","embeddable":true,"href":"https:\/\/entrenotasyacordes.com\/index.php?rest_route=%2Fwp%2Fv2%2Ftags&post=14268"}],"curies":[{"name":"wp","href":"https:\/\/api.w.org\/{rel}","templated":true}]}}