{"id":14273,"date":"2025-02-28T19:33:01","date_gmt":"2025-02-28T19:33:01","guid":{"rendered":"https:\/\/entrenotasyacordes.com\/?p=14273"},"modified":"2025-02-28T19:33:02","modified_gmt":"2025-02-28T19:33:02","slug":"a-n-i-m-a-l-lanza-single-y-video-legado-adelanto-de-su-nuevo-disco","status":"publish","type":"post","link":"https:\/\/entrenotasyacordes.com\/?p=14273","title":{"rendered":"A.N.I.M.A.L LANZA SINGLE Y VIDEO: \u201cLEGADO\u201d ADELANTO DE SU NUEVO DISCO"},"content":{"rendered":"\n<!--more-->\n\n\n<div class=\"wp-block-image\">\n<figure class=\"aligncenter size-full\"><img loading=\"lazy\" decoding=\"async\" width=\"1001\" height=\"668\" src=\"https:\/\/entrenotasyacordes.com\/wp-content\/uploads\/2025\/02\/17kkkk.jpg\" alt=\"\" class=\"wp-image-14276\" srcset=\"https:\/\/entrenotasyacordes.com\/wp-content\/uploads\/2025\/02\/17kkkk.jpg 1001w, https:\/\/entrenotasyacordes.com\/wp-content\/uploads\/2025\/02\/17kkkk-300x200.jpg 300w, https:\/\/entrenotasyacordes.com\/wp-content\/uploads\/2025\/02\/17kkkk-768x513.jpg 768w\" sizes=\"auto, (max-width: 1001px) 100vw, 1001px\" \/><\/figure>\n<\/div>\n\n\n<p><strong>DICE ANDR\u00c9S GIMENEZ: <\/strong>\u201cEst\u00e1 primera canci\u00f3n es una gran muestra de lo que es el nuevo\u00a0 disco de A.N.I.M.A.L, 100%100 vieja escuela , regresamos al sonido crudo y vivo sin ediciones de por medio , letras contundentes basadas en la realidad que vivimos sin olvidarnos de nuestra lucha de reivindicaci\u00f3n indigenista, nuestra memoria viva nuestro mensaje reflejado en sana ll locura , energ\u00eda , fraternidad , somos y seremos siempre parte de esta cultura que elegimos y estamos aqu\u00ed para seguir luchando y dejar nuestro Legado por los que est\u00e1n por los que ya nos est\u00e1n y por los que vendr\u00e1n\u201d.<\/p>\n\n\n\n<p>Grabado, mezclado y producido por Andr\u00e9s Gim\u00e9nez &amp; Osko Cariola en Romaphonic Studios en el mes de octubre 2024 (Bs. As. Argentina) y masterizado por Brendan Duffey Audio (Florida, Usa), \u201cLEGADO\u201d, (Sony Music Arg.) es el primer tema del nuevo disco a salir de A.N.I.M.A.L el jueves 27 de febrero. Acompa\u00f1a el lanzamiento gran video clip dirigido y editado por @penumbrart. Ambos lanzamientos estar\u00e1n disponibles en todas las plataformas.<\/p>\n\n\n\n<p><strong>\u00a0FICHA T\u00c9CNICA \u201cLEGADO\u201d<\/strong><br>Andr\u00e9s Gim\u00e9nez: Voz l\u00edder, composici\u00f3n y guitarras<br>Marcelo Castro: Bater\u00eda y percusiones<br>Cristian \u201cTiti\u201d Lapolla: Bajos y voz<\/p>\n\n\n\n<p><strong>La banda liderada por Andr\u00e9s Gim\u00e9nez, se presentar\u00e1 en Tecn\u00f3polis, el s\u00e1bado 12 de abril en el marco de uno de los festivales m\u00e1s importantes de argentina, el QUILMES ROCK y continuar\u00e1 durante todo el a\u00f1o con una serie de presentaciones por argentina y pa\u00edses de Latinoam\u00e9rica.<\/strong><\/p>\n\n\n\n<p><strong>A.N.I.M.A.L. <\/strong>Cuyas siglas significan \u201cAcosados Nuestros indios Murieron Al Luchar.\u201d Es un grupo argentino nacido en 1992 que interrumpe en la escena del rock latinoamericano con un mensaje claro sobre la defensa y valoraci\u00f3n de las etnias y razas de todo EL CONTINENTE. Con una trayectoria de 30 a\u00f1os, diez \u00e1lbumes de estudio y presentaciones en los M\u00c1S GRANDES festivales DE LATINOAM\u00c9RICA, USA Y EUROPA, sin duda A.N.I.M.A.L. ha dejado una huella imborrable EN EL CORAZ\u00d3N DE SUS FANS Y en la cultura del rock latinoamericano.<\/p>\n\n\n\n<p><\/p>\n","protected":false},"excerpt":{"rendered":"","protected":false},"author":5,"featured_media":14276,"comment_status":"open","ping_status":"open","sticky":false,"template":"","format":"standard","meta":{"om_disable_all_campaigns":false,"_uf_show_specific_survey":0,"_uf_disable_surveys":false,"footnotes":""},"categories":[4],"tags":[],"class_list":["post-14273","post","type-post","status-publish","format-standard","has-post-thumbnail","hentry","category-musica"],"_links":{"self":[{"href":"https:\/\/entrenotasyacordes.com\/index.php?rest_route=\/wp\/v2\/posts\/14273","targetHints":{"allow":["GET"]}}],"collection":[{"href":"https:\/\/entrenotasyacordes.com\/index.php?rest_route=\/wp\/v2\/posts"}],"about":[{"href":"https:\/\/entrenotasyacordes.com\/index.php?rest_route=\/wp\/v2\/types\/post"}],"author":[{"embeddable":true,"href":"https:\/\/entrenotasyacordes.com\/index.php?rest_route=\/wp\/v2\/users\/5"}],"replies":[{"embeddable":true,"href":"https:\/\/entrenotasyacordes.com\/index.php?rest_route=%2Fwp%2Fv2%2Fcomments&post=14273"}],"version-history":[{"count":1,"href":"https:\/\/entrenotasyacordes.com\/index.php?rest_route=\/wp\/v2\/posts\/14273\/revisions"}],"predecessor-version":[{"id":14277,"href":"https:\/\/entrenotasyacordes.com\/index.php?rest_route=\/wp\/v2\/posts\/14273\/revisions\/14277"}],"wp:featuredmedia":[{"embeddable":true,"href":"https:\/\/entrenotasyacordes.com\/index.php?rest_route=\/wp\/v2\/media\/14276"}],"wp:attachment":[{"href":"https:\/\/entrenotasyacordes.com\/index.php?rest_route=%2Fwp%2Fv2%2Fmedia&parent=14273"}],"wp:term":[{"taxonomy":"category","embeddable":true,"href":"https:\/\/entrenotasyacordes.com\/index.php?rest_route=%2Fwp%2Fv2%2Fcategories&post=14273"},{"taxonomy":"post_tag","embeddable":true,"href":"https:\/\/entrenotasyacordes.com\/index.php?rest_route=%2Fwp%2Fv2%2Ftags&post=14273"}],"curies":[{"name":"wp","href":"https:\/\/api.w.org\/{rel}","templated":true}]}}