{"id":14278,"date":"2025-02-28T19:41:36","date_gmt":"2025-02-28T19:41:36","guid":{"rendered":"https:\/\/entrenotasyacordes.com\/?p=14278"},"modified":"2025-02-28T19:41:38","modified_gmt":"2025-02-28T19:41:38","slug":"fonseca-lanza-su-nuevo-sencillo-venga-lo-que-venga-junto-al-grupo-venezolano-ganador-del-grammy-2025-rawayana","status":"publish","type":"post","link":"https:\/\/entrenotasyacordes.com\/?p=14278","title":{"rendered":"FONSECA LANZA SU NUEVO SENCILLO \u201cVENGA LO QUE VENGA\u201d JUNTO AL GRUPO VENEZOLANO, GANADOR DEL GRAMMY 2025, RAWAYANA"},"content":{"rendered":"\n<!--more-->\n\n\n\n<p><strong>UNA COLABORACI\u00d3N ORG\u00c1NICA QUE INVITA A LA ESPERANZA, EL AMOR Y LA RESISTENCIA ANTE LAS ADVERSIDADES<\/strong><\/p>\n\n\n<div class=\"wp-block-image\">\n<figure class=\"aligncenter size-full\"><img loading=\"lazy\" decoding=\"async\" width=\"1600\" height=\"1600\" src=\"https:\/\/entrenotasyacordes.com\/wp-content\/uploads\/2025\/02\/Album-Artwork-9.jpg\" alt=\"\" class=\"wp-image-14279\" srcset=\"https:\/\/entrenotasyacordes.com\/wp-content\/uploads\/2025\/02\/Album-Artwork-9.jpg 1600w, https:\/\/entrenotasyacordes.com\/wp-content\/uploads\/2025\/02\/Album-Artwork-9-300x300.jpg 300w, https:\/\/entrenotasyacordes.com\/wp-content\/uploads\/2025\/02\/Album-Artwork-9-1024x1024.jpg 1024w, https:\/\/entrenotasyacordes.com\/wp-content\/uploads\/2025\/02\/Album-Artwork-9-150x150.jpg 150w, https:\/\/entrenotasyacordes.com\/wp-content\/uploads\/2025\/02\/Album-Artwork-9-768x768.jpg 768w, https:\/\/entrenotasyacordes.com\/wp-content\/uploads\/2025\/02\/Album-Artwork-9-1536x1536.jpg 1536w, https:\/\/entrenotasyacordes.com\/wp-content\/uploads\/2025\/02\/Album-Artwork-9-50x50.jpg 50w\" sizes=\"auto, (max-width: 1600px) 100vw, 1600px\" \/><\/figure>\n<\/div>\n\n\n<p>El cantautor colombiano, 9 veces ganador del Latin Grammy, Fonseca, estrena su nuevo sencillo <strong>\u201cVenga lo que venga\u201d<\/strong> junto al grupo venezolano Rawayana, ganador del Grammy Anglo 2025 a Mejor \u00c1lbum de Rock Latino o Alternativo por su disco \u00bfQui\u00e9n trae las cornetas?.\u00a0<\/p>\n\n\n\n<p>Despu\u00e9s del \u00e9xito del lanzamiento del videoclip de \u201cQu\u00e9 Suerte Tenerte\u201d, una de las canciones m\u00e1s aclamadas del \u00e1lbum Tropicalia de Fonseca, llega <strong>\u201cVenga lo que venga\u201d<\/strong>, esta colaboraci\u00f3n que nace de lo org\u00e1nico y la curiosidad por ver el resultado de un encuentro incierto entre dos mundos diferentes. Sin ninguna expectativa m\u00e1s que juntarse a disfrutar del proceso musical, la canci\u00f3n se ha convertido en una gran sorpresa para los artistas y sus seguidores.<\/p>\n\n\n\n<p><em>\u201c&#8217;Venga lo que venga\u2019 se dio sin pretensiones, solo con la idea de pasarla bien, haciendo m\u00fasica juntos. Lo que surgi\u00f3 fue una canci\u00f3n llena de energ\u00eda, con un llamado al amor leal, a la esperanza y, por supuesto, un toque de conciencia ambiental. Todo eso envuelto en la resistencia y en la buena vibra ante todo lo que nos enfrenta el mundo diariamente. <\/em><strong>Fonseca<\/strong><\/p>\n\n\n\n<p>Una celebraci\u00f3n de la vida en su forma m\u00e1s pura, una invitaci\u00f3n a abrazar el presente y enfrentarse a los desaf\u00edos con una actitud resiliente y optimista, as\u00ed es <strong>\u201cVenga lo que venga\u201d<\/strong>. En la letra, Fonseca y Rawayana expresan c\u00f3mo el amor y la conexi\u00f3n entre dos personas pueden ser una fuerza poderosa frente a las adversidades del mundo, desde desastres naturales hasta problemas globales. La canci\u00f3n transmite un mensaje de esperanza y de c\u00f3mo, al estar juntos, se puede enfrentar cualquier incertidumbre.<\/p>\n\n\n\n<p class=\"has-text-align-center\"><em>\u201cSi se acaba el mundo,<\/em><br><em>que nos agarre juntos.<\/em><br><em>Que los arque\u00f3logos del futuro<\/em><br><em>no sepan si \u00e9ramos dos o uno.<\/em><\/p>\n\n\n\n<p class=\"has-text-align-center\"><em>Si se acaba el mundo,<\/em><br><em>confundimos la ciencia.<\/em><br><em>Contigo hasta el \u00faltimo segundo,<\/em><br><em>que as\u00ed termine nuestra existencia.\u201d<\/em><\/p>\n\n\n\n<p class=\"has-text-align-left\"><strong>\u201cVenga lo que venga\u201d<\/strong> es, sin duda, una invitaci\u00f3n a abrazar lo que la vida depara, con buena vibra y la certeza de que, juntos, se puede superar la adversidad.<\/p>\n\n\n\n<p class=\"has-text-align-left\">Entre tanto, Fonseca se prepara para aterrizar con su \u201cTropicalia Tour\u201d 2025 en varios pa\u00edses, incluyendo Colombia y Estados Unidos.<\/p>\n\n\n\n<p><strong>TROPICALIA TOUR 2025 POR COLOMBIA<\/strong><br>4 de abril del 2025 &#8211; Bogot\u00e1 &#8211; Movistar Arena (SOLD OUT)<br>5 de abril del 2025 &#8211; Bogot\u00e1 &#8211; Movistar Arena (SOLD OUT)<br>24 de abril del 2025 &#8211; Medell\u00edn &#8211; Diamante de B\u00e9isbol<br>25 de abril del 2025 &#8211; Cali &#8211; Arena Ca\u00f1averalejo<br>26 de abril del 2025 &#8211; Barranquilla &#8211; Puerta de Oro<br>30 de abril del 2025 &#8211; Bogot\u00e1 &#8211; Movistar Arena (NUEVA FECHA)<br>17 de mayo del 2025 &#8211; C\u00facuta<\/p>\n\n\n\n<p><strong>TROPICALIA TOUR 2025 POR ESTADOS UNIDOS:<\/strong><br>11 de junio del 2025 \u2013 Atlanta, GA \u2013 El Recinto<br>12 de junio del 2025 \u2013 Miami, FL \u2013 Kaseya Center<br>13 de junio del 2025 \u2013 Orlando, FL \u2013 Hard Rock Live<br>15 de junio del 2025 \u2013 Los Angeles, CA \u2013 Peacok Teatro\u00a0<br>18 de junio del 2025 \u2013 Fairfax, VA \u2013 Eaglebank Arena<br>19 de junio del 2025 \u2013 Nueva York, NY \u2013 Teatro de MSG\u00a0<br>22 de junio del 2025 \u2013 Houston, TX \u2013 Smart Financial Center\u00a0<\/p>\n\n\n\n<p><strong>TROPICALIA TOUR 2025 EN OTROS PA\u00cdSES<\/strong><br>7 de marzo del 2025 &#8211; Asunci\u00f3n &#8211; Paraguay<br>15 de mayo del 2025 &#8211; Ciudad de Panam\u00e1 &#8211; Panam\u00e1<br>19 de julio del 2025 &#8211; Gran Canarias &#8211; Espa\u00f1a<br>21 de julio del 2025 &#8211; Barcelona &#8211; Espa\u00f1a<br>23 de julio del 2025 &#8211; Madrid &#8211; Espa\u00f1a<\/p>\n","protected":false},"excerpt":{"rendered":"","protected":false},"author":5,"featured_media":14279,"comment_status":"open","ping_status":"open","sticky":false,"template":"","format":"standard","meta":{"om_disable_all_campaigns":false,"_uf_show_specific_survey":0,"_uf_disable_surveys":false,"footnotes":""},"categories":[4],"tags":[],"class_list":["post-14278","post","type-post","status-publish","format-standard","has-post-thumbnail","hentry","category-musica"],"_links":{"self":[{"href":"https:\/\/entrenotasyacordes.com\/index.php?rest_route=\/wp\/v2\/posts\/14278","targetHints":{"allow":["GET"]}}],"collection":[{"href":"https:\/\/entrenotasyacordes.com\/index.php?rest_route=\/wp\/v2\/posts"}],"about":[{"href":"https:\/\/entrenotasyacordes.com\/index.php?rest_route=\/wp\/v2\/types\/post"}],"author":[{"embeddable":true,"href":"https:\/\/entrenotasyacordes.com\/index.php?rest_route=\/wp\/v2\/users\/5"}],"replies":[{"embeddable":true,"href":"https:\/\/entrenotasyacordes.com\/index.php?rest_route=%2Fwp%2Fv2%2Fcomments&post=14278"}],"version-history":[{"count":1,"href":"https:\/\/entrenotasyacordes.com\/index.php?rest_route=\/wp\/v2\/posts\/14278\/revisions"}],"predecessor-version":[{"id":14280,"href":"https:\/\/entrenotasyacordes.com\/index.php?rest_route=\/wp\/v2\/posts\/14278\/revisions\/14280"}],"wp:featuredmedia":[{"embeddable":true,"href":"https:\/\/entrenotasyacordes.com\/index.php?rest_route=\/wp\/v2\/media\/14279"}],"wp:attachment":[{"href":"https:\/\/entrenotasyacordes.com\/index.php?rest_route=%2Fwp%2Fv2%2Fmedia&parent=14278"}],"wp:term":[{"taxonomy":"category","embeddable":true,"href":"https:\/\/entrenotasyacordes.com\/index.php?rest_route=%2Fwp%2Fv2%2Fcategories&post=14278"},{"taxonomy":"post_tag","embeddable":true,"href":"https:\/\/entrenotasyacordes.com\/index.php?rest_route=%2Fwp%2Fv2%2Ftags&post=14278"}],"curies":[{"name":"wp","href":"https:\/\/api.w.org\/{rel}","templated":true}]}}