{"id":14281,"date":"2025-02-28T19:46:44","date_gmt":"2025-02-28T19:46:44","guid":{"rendered":"https:\/\/entrenotasyacordes.com\/?p=14281"},"modified":"2025-02-28T19:46:46","modified_gmt":"2025-02-28T19:46:46","slug":"natalia-lafourcade-presenta-cancionera","status":"publish","type":"post","link":"https:\/\/entrenotasyacordes.com\/?p=14281","title":{"rendered":"NATALIA LAFOURCADE PRESENTA \u00abCANCIONERA\u00bb"},"content":{"rendered":"\n<!--more-->\n\n\n<div class=\"wp-block-image\">\n<figure class=\"aligncenter size-full\"><img loading=\"lazy\" decoding=\"async\" width=\"2048\" height=\"2048\" src=\"https:\/\/entrenotasyacordes.com\/wp-content\/uploads\/2025\/02\/17l.jpg\" alt=\"\" class=\"wp-image-14282\" srcset=\"https:\/\/entrenotasyacordes.com\/wp-content\/uploads\/2025\/02\/17l.jpg 2048w, https:\/\/entrenotasyacordes.com\/wp-content\/uploads\/2025\/02\/17l-300x300.jpg 300w, https:\/\/entrenotasyacordes.com\/wp-content\/uploads\/2025\/02\/17l-1024x1024.jpg 1024w, https:\/\/entrenotasyacordes.com\/wp-content\/uploads\/2025\/02\/17l-150x150.jpg 150w, https:\/\/entrenotasyacordes.com\/wp-content\/uploads\/2025\/02\/17l-768x768.jpg 768w, https:\/\/entrenotasyacordes.com\/wp-content\/uploads\/2025\/02\/17l-1536x1536.jpg 1536w, https:\/\/entrenotasyacordes.com\/wp-content\/uploads\/2025\/02\/17l-50x50.jpg 50w\" sizes=\"auto, (max-width: 2048px) 100vw, 2048px\" \/><\/figure>\n<\/div>\n\n\n<p><strong>Natalia Lafourcade<\/strong> presenta su nuevo single <strong><em>Cancionera<\/em><\/strong>, el cual representa el alter ego de la artista: una figura que encarna la esencia de la m\u00fasica como un puente entre lo \u00edntimo y lo universal. La <strong><em>Cancionera<\/em><\/strong> de Natalia Lafourcade no es solo una trovadora: es un esp\u00edritu errante, una voz que recorre la noche con un aire de misterio; habita el crep\u00fasculo, cantando para aquellos que encuentran en la m\u00fasica una forma de existir m\u00e1s all\u00e1 de lo convencional. Representa la dualidad: luz y sombra, tradici\u00f3n y transgresi\u00f3n, dulzura y rebeld\u00eda.<\/p>\n\n\n\n<p><em>\u201cEsta canci\u00f3n, tan bonita y tan especial, le canta a la infancia, al camino, a la vida, al por qu\u00e9 y para qu\u00e9, le canta a ese algo que nunca deber\u00edamos permitir que se apague dentro de nosotros. La canci\u00f3n lleg\u00f3 una ma\u00f1ana antes de mi cumplea\u00f1os n\u00famero 40 y vino a hablarme de la importancia de ser, de existir en este mundo y de existir en mi propio mundo, andando mi verdad, sin miedo, sin reprimir absolutamente nada. Expresar el sentimiento con el canto libre, con la danza libre o con lo que tenga a la mano, como un p\u00e1jaro rojo, como un colibr\u00ed sin miedo a vivir, sin miedo a mostrar lo que en verdad soy\u201d <\/em>cuenta la artista mexicana.<\/p>\n\n\n\n<p>En <strong><em>Cancionera<\/em><\/strong>, Natalia emprende un viaje sonoro donde la tradici\u00f3n y la innovaci\u00f3n se entrelazan en un di\u00e1logo que honra sus ra\u00edces mientras explora nuevas dimensiones de su arte. Esto marca un punto de inflexi\u00f3n en su carrera, se\u00f1alando un retorno a la intimidad de su voz y su guitarra, pero con una apertura a un universo sonoro que amplifica su mensaje.<\/p>\n\n\n\n<p><strong><em>Cancionera <\/em><\/strong>fue coproducida junto a Adan Jodorowsky y viene acompa\u00f1ada de un video oficial dirigido por Bruno Bancalari.<\/p>\n\n\n\n<p>El anterior lanzamiento fue <strong><em>Amor Clandestino<\/em><\/strong><em> (Ac\u00fastica)<\/em>, que cuenta con la colaboraci\u00f3n de los \u00edconos del flamenco <strong>Israel Fern\u00e1ndez<\/strong> (voz) y <strong>Diego del Morao<\/strong> (guitarra).<\/p>\n\n\n\n<p>Recientemente, <strong>Natalia <\/strong>anunci\u00f3 las fechas de su <strong><em>Cancionera Tour<\/em><\/strong>, que comenzar\u00e1 el 23 de abril en M\u00e9xico, el cual continuar\u00e1 por Estados Unidos y otros territorios por anunciar.<\/p>\n\n\n\n<p>En <strong><em>Cancionera Tour <\/em><\/strong>Natalia estrenar\u00e1 un nuevo espect\u00e1culo con arreglos \u00edntimos, reinterpretando sus \u00e9xitos cl\u00e1sicos e introduciendo nuevas canciones. \u00ab<em>Desde hace un tiempo he so\u00f1ado con volver al escenario de una manera diferente, quiz\u00e1s m\u00e1s \u00edntima, m\u00e1s cercana a mi p\u00fablico<\/em>\u00ab, dice. \u00ab<em>Mi deseo es compartir la intimidad que vivo con mis canciones en mi habitaci\u00f3n. En mi hogar, en mi universo personal o en mi propia imaginaci\u00f3n<\/em>\u00ab.<\/p>\n","protected":false},"excerpt":{"rendered":"","protected":false},"author":5,"featured_media":14282,"comment_status":"open","ping_status":"open","sticky":false,"template":"","format":"standard","meta":{"om_disable_all_campaigns":false,"_uf_show_specific_survey":0,"_uf_disable_surveys":false,"footnotes":""},"categories":[4],"tags":[],"class_list":["post-14281","post","type-post","status-publish","format-standard","has-post-thumbnail","hentry","category-musica"],"_links":{"self":[{"href":"https:\/\/entrenotasyacordes.com\/index.php?rest_route=\/wp\/v2\/posts\/14281","targetHints":{"allow":["GET"]}}],"collection":[{"href":"https:\/\/entrenotasyacordes.com\/index.php?rest_route=\/wp\/v2\/posts"}],"about":[{"href":"https:\/\/entrenotasyacordes.com\/index.php?rest_route=\/wp\/v2\/types\/post"}],"author":[{"embeddable":true,"href":"https:\/\/entrenotasyacordes.com\/index.php?rest_route=\/wp\/v2\/users\/5"}],"replies":[{"embeddable":true,"href":"https:\/\/entrenotasyacordes.com\/index.php?rest_route=%2Fwp%2Fv2%2Fcomments&post=14281"}],"version-history":[{"count":1,"href":"https:\/\/entrenotasyacordes.com\/index.php?rest_route=\/wp\/v2\/posts\/14281\/revisions"}],"predecessor-version":[{"id":14283,"href":"https:\/\/entrenotasyacordes.com\/index.php?rest_route=\/wp\/v2\/posts\/14281\/revisions\/14283"}],"wp:featuredmedia":[{"embeddable":true,"href":"https:\/\/entrenotasyacordes.com\/index.php?rest_route=\/wp\/v2\/media\/14282"}],"wp:attachment":[{"href":"https:\/\/entrenotasyacordes.com\/index.php?rest_route=%2Fwp%2Fv2%2Fmedia&parent=14281"}],"wp:term":[{"taxonomy":"category","embeddable":true,"href":"https:\/\/entrenotasyacordes.com\/index.php?rest_route=%2Fwp%2Fv2%2Fcategories&post=14281"},{"taxonomy":"post_tag","embeddable":true,"href":"https:\/\/entrenotasyacordes.com\/index.php?rest_route=%2Fwp%2Fv2%2Ftags&post=14281"}],"curies":[{"name":"wp","href":"https:\/\/api.w.org\/{rel}","templated":true}]}}