{"id":14291,"date":"2025-03-02T14:05:52","date_gmt":"2025-03-02T14:05:52","guid":{"rendered":"https:\/\/entrenotasyacordes.com\/?p=14291"},"modified":"2025-03-02T14:05:53","modified_gmt":"2025-03-02T14:05:53","slug":"nace-el-tadeus-film-music-festival","status":"publish","type":"post","link":"https:\/\/entrenotasyacordes.com\/?p=14291","title":{"rendered":"Nace el Tadeus Film &amp; Music Festival"},"content":{"rendered":"\n<p><\/p>\n\n\n\n<!--more-->\n\n\n<div class=\"wp-block-image\">\n<figure class=\"aligncenter size-full\"><img loading=\"lazy\" decoding=\"async\" width=\"1094\" height=\"1080\" src=\"https:\/\/entrenotasyacordes.com\/wp-content\/uploads\/2025\/03\/logo-Tadeus.jpg\" alt=\"\" class=\"wp-image-14292\" srcset=\"https:\/\/entrenotasyacordes.com\/wp-content\/uploads\/2025\/03\/logo-Tadeus.jpg 1094w, https:\/\/entrenotasyacordes.com\/wp-content\/uploads\/2025\/03\/logo-Tadeus-300x296.jpg 300w, https:\/\/entrenotasyacordes.com\/wp-content\/uploads\/2025\/03\/logo-Tadeus-1024x1011.jpg 1024w, https:\/\/entrenotasyacordes.com\/wp-content\/uploads\/2025\/03\/logo-Tadeus-768x758.jpg 768w, https:\/\/entrenotasyacordes.com\/wp-content\/uploads\/2025\/03\/logo-Tadeus-50x50.jpg 50w\" sizes=\"auto, (max-width: 1094px) 100vw, 1094px\" \/><\/figure>\n<\/div>\n\n\n<div style=\"height:59px\" aria-hidden=\"true\" class=\"wp-block-spacer\"><\/div>\n\n\n\n<p>El Tadeus Film &amp; Music International Festival abre sus puertas al mundo, convocando a cineastas y m\u00fasicos a participar en un evento que celebra la creatividad y la innovaci\u00f3n en el cine y el videoclip. Con un fuerte mensaje en contra del maltrato animal y una apertura a nuevas tecnolog\u00edas, este festival busca convertirse en un referente global del arte audiovisual.<\/p>\n\n\n\n<p>Un festival con prop\u00f3sito: El Tadeus Film &amp; Music International Festival no es s\u00f3lo un certamen, sino un espacio donde la m\u00fasica y el cine convergen para contar historias que trascienden. Con una mirada inclusiva y vanguardista, en el incorpora una categor\u00eda especial para obras creadas con herramientas de Inteligencia Artificial, explorando los l\u00edmites de la creatividad en la era digital.<\/p>\n\n\n\n<p><\/p>\n\n\n\n<div style=\"height:41px\" aria-hidden=\"true\" class=\"wp-block-spacer\"><\/div>\n\n\n\n<p>El festival esta con convocatoria abierta y en el invita a directores, m\u00fasicos y creadores a inscribir sus videoclips, cortometrajes y obras audiovisuales en la plataforma Film Freeway. Se premiar\u00e1n trabajos que destaquen por su originalidad, su impacto visual y narrativo, y su capacidad de transmitir emociones a trav\u00e9s del arte.<\/p>\n\n\n\n<div style=\"height:75px\" aria-hidden=\"true\" class=\"wp-block-spacer\"><\/div>\n\n\n\n<p>Detr\u00e1s y como creadora de este evento se encuentra Luzabril, cantante, compositora, productora y guionista argentina con una destacada trayectoria internacional. Desde su lanzamiento como solista en 2005 con su \u00e1lbum \u201cEcl\u00e9ctica\u201d, hasta su premiado cortometraje musical \u201cPerd\u00f3n\u201d, que obtuvo el Le\u00f3n de Oro en el Festival de Calcuta y m\u00faltiples reconocimientos en cert\u00e1menes como el New York Film &amp; Female Actress Award. Luzabril ha demostrado un compromiso inquebrantable con la fusi\u00f3n del arte y el mensaje social. Con este festival, reafirma su misi\u00f3n de apoyar y visibilizar a artistas de todo el mundo.<\/p>\n\n\n\n<div style=\"height:40px\" aria-hidden=\"true\" class=\"wp-block-spacer\"><\/div>\n\n\n\n<p>Para mas informacion de la convocatoria y categorias, visit\u00e1:  <a href=\"https:\/\/filmfreeway.com\/TadeusFestival?utm_campaign=Tadeus+Film+%26+Music+International+Festival&amp;utm_medium=External&amp;utm_source=Submission+Button\">Tadeus Film &amp; Music Internacional<\/a><\/p>\n\n\n\n<p><\/p>\n\n\n\n<div style=\"height:100px\" aria-hidden=\"true\" class=\"wp-block-spacer\"><\/div>\n","protected":false},"excerpt":{"rendered":"","protected":false},"author":5,"featured_media":14293,"comment_status":"open","ping_status":"open","sticky":false,"template":"","format":"standard","meta":{"om_disable_all_campaigns":false,"_uf_show_specific_survey":0,"_uf_disable_surveys":false,"footnotes":""},"categories":[34],"tags":[],"class_list":["post-14291","post","type-post","status-publish","format-standard","has-post-thumbnail","hentry","category-ultimas-noticias"],"_links":{"self":[{"href":"https:\/\/entrenotasyacordes.com\/index.php?rest_route=\/wp\/v2\/posts\/14291","targetHints":{"allow":["GET"]}}],"collection":[{"href":"https:\/\/entrenotasyacordes.com\/index.php?rest_route=\/wp\/v2\/posts"}],"about":[{"href":"https:\/\/entrenotasyacordes.com\/index.php?rest_route=\/wp\/v2\/types\/post"}],"author":[{"embeddable":true,"href":"https:\/\/entrenotasyacordes.com\/index.php?rest_route=\/wp\/v2\/users\/5"}],"replies":[{"embeddable":true,"href":"https:\/\/entrenotasyacordes.com\/index.php?rest_route=%2Fwp%2Fv2%2Fcomments&post=14291"}],"version-history":[{"count":1,"href":"https:\/\/entrenotasyacordes.com\/index.php?rest_route=\/wp\/v2\/posts\/14291\/revisions"}],"predecessor-version":[{"id":14294,"href":"https:\/\/entrenotasyacordes.com\/index.php?rest_route=\/wp\/v2\/posts\/14291\/revisions\/14294"}],"wp:featuredmedia":[{"embeddable":true,"href":"https:\/\/entrenotasyacordes.com\/index.php?rest_route=\/wp\/v2\/media\/14293"}],"wp:attachment":[{"href":"https:\/\/entrenotasyacordes.com\/index.php?rest_route=%2Fwp%2Fv2%2Fmedia&parent=14291"}],"wp:term":[{"taxonomy":"category","embeddable":true,"href":"https:\/\/entrenotasyacordes.com\/index.php?rest_route=%2Fwp%2Fv2%2Fcategories&post=14291"},{"taxonomy":"post_tag","embeddable":true,"href":"https:\/\/entrenotasyacordes.com\/index.php?rest_route=%2Fwp%2Fv2%2Ftags&post=14291"}],"curies":[{"name":"wp","href":"https:\/\/api.w.org\/{rel}","templated":true}]}}