{"id":14295,"date":"2025-03-02T14:22:30","date_gmt":"2025-03-02T14:22:30","guid":{"rendered":"https:\/\/entrenotasyacordes.com\/?p=14295"},"modified":"2025-03-02T14:45:06","modified_gmt":"2025-03-02T14:45:06","slug":"sergio-dalma-llega-a-la-argentina-con-su-nueva-gira","status":"publish","type":"post","link":"https:\/\/entrenotasyacordes.com\/?p=14295","title":{"rendered":"Fito P\u00e1ez presenta: \u201cSuperextra\u00f1o\u201d"},"content":{"rendered":"\n<p><\/p>\n\n\n\n<!--more-->\n\n\n<div class=\"wp-block-image\">\n<figure class=\"aligncenter size-full\"><img loading=\"lazy\" decoding=\"async\" width=\"2560\" height=\"2560\" src=\"https:\/\/entrenotasyacordes.com\/wp-content\/uploads\/2025\/03\/NOVELA-Single-Superextrano-Cover-scaled.jpg\" alt=\"\" class=\"wp-image-14299\" srcset=\"https:\/\/entrenotasyacordes.com\/wp-content\/uploads\/2025\/03\/NOVELA-Single-Superextrano-Cover-scaled.jpg 2560w, https:\/\/entrenotasyacordes.com\/wp-content\/uploads\/2025\/03\/NOVELA-Single-Superextrano-Cover-300x300.jpg 300w, https:\/\/entrenotasyacordes.com\/wp-content\/uploads\/2025\/03\/NOVELA-Single-Superextrano-Cover-1024x1024.jpg 1024w, https:\/\/entrenotasyacordes.com\/wp-content\/uploads\/2025\/03\/NOVELA-Single-Superextrano-Cover-150x150.jpg 150w, https:\/\/entrenotasyacordes.com\/wp-content\/uploads\/2025\/03\/NOVELA-Single-Superextrano-Cover-768x768.jpg 768w, https:\/\/entrenotasyacordes.com\/wp-content\/uploads\/2025\/03\/NOVELA-Single-Superextrano-Cover-1536x1536.jpg 1536w, https:\/\/entrenotasyacordes.com\/wp-content\/uploads\/2025\/03\/NOVELA-Single-Superextrano-Cover-2048x2048.jpg 2048w, https:\/\/entrenotasyacordes.com\/wp-content\/uploads\/2025\/03\/NOVELA-Single-Superextrano-Cover-50x50.jpg 50w\" sizes=\"auto, (max-width: 2560px) 100vw, 2560px\" \/><\/figure>\n<\/div>\n\n\n<p>Es el segundo adelanto del cantante rosarino que formar\u00e1 parte de su pr\u00f3ximo \u00e1lbum \u00abNovela\u00bb<\/p>\n\n\n\n<div style=\"height:37px\" aria-hidden=\"true\" class=\"wp-block-spacer\"><\/div>\n\n\n\n<p>\u201cSuperextra\u00f1o\u201d, es el segundo adelanto de \u201cNOVELA\u201d. El primer corte de difusi\u00f3n nos relataba un momento clave, justamente, \u201cCuando el circo llega al pueblo\u201d. En esa l\u00ednea de revelaciones, \u201cSuperextra\u00f1o\u201d irrumpe cuando algo enorme est\u00e1 por suceder: los protagonistas, Jimmy y Loka, se ven por primera vez.<\/p>\n\n\n\n<p>\u201cSuperextra\u00f1o\u201d es el track n\u00famero 12 del disco, y el nudo de \u201cNOVELA\u201d. Cuando la historia transcurre entre momentos de oscuridad y desarrollo de la galer\u00eda de personajes (todos saben algo que no dicen), potenciando la incertidumbre sobre los secretos de Jok, Julius, la mam\u00e1 de Loka y el deseo, Maldivina y Turbialuz concretan su primer objetivo que era que Jimmy y Loka se crucen. Y como es el momento donde el amor debiera despertar, con las dos brujas volando mientras rodean a Loka y a Jimmy, se avecinan otras escenas turbulentas, con dudas y desconfianza.<\/p>\n\n\n\n<p>Este nuevo single prepara el terreno para que se vivan los momentos m\u00e1s intensos del relato. Compuesto por Paez, viene acompa\u00f1ado por un original lyric video dise\u00f1ado y realizado por Corn\u00e1scavia Estudio y producido por Antiest\u00e1tico.<\/p>\n\n\n\n<div style=\"height:41px\" aria-hidden=\"true\" class=\"wp-block-spacer\"><\/div>\n\n\n\n<figure class=\"wp-block-embed is-type-video is-provider-youtube wp-block-embed-youtube wp-embed-aspect-16-9 wp-has-aspect-ratio\"><div class=\"wp-block-embed__wrapper\">\n<div class=\"epyt-video-wrapper\"><iframe loading=\"lazy\"  id=\"_ytid_16447\"  width=\"640\" height=\"360\"  data-origwidth=\"640\" data-origheight=\"360\" src=\"https:\/\/www.youtube.com\/embed\/nBR7iTnrnMo?enablejsapi=1&#038;autoplay=0&#038;cc_load_policy=0&#038;cc_lang_pref=&#038;iv_load_policy=1&#038;loop=0&#038;rel=1&#038;fs=1&#038;playsinline=0&#038;autohide=2&#038;theme=dark&#038;color=white&#038;controls=1&#038;\" class=\"__youtube_prefs__  epyt-is-override  no-lazyload\" data-vol=\"50\"  title=\"YouTube player\"  allow=\"fullscreen; accelerometer; autoplay; clipboard-write; encrypted-media; gyroscope; picture-in-picture; web-share\" referrerpolicy=\"strict-origin-when-cross-origin\" allowfullscreen data-no-lazy=\"1\" data-skipgform_ajax_framebjll=\"\"><\/iframe><\/div>\n<\/div><\/figure>\n\n\n\n<div style=\"height:42px\" aria-hidden=\"true\" class=\"wp-block-spacer\"><\/div>\n\n\n\n<p>\u201cNOVELA\u201d es una gran obra musical que Fito Paez comenz\u00f3 a escribir en 1988 y que culmina en 2024, viendo la luz el 27 de marzo de 2025. En ella re\u00fane 25 canciones in\u00e9ditas que relatan una historia m\u00e1gica, con personajes originales de esp\u00edritu rebelde y apasionado. El escenario es un particular pueblo de Santa Fe, adonde llega un circo freak que revoluciona las vidas de sus habitantes.<br>En tiempos ca\u00f3ticos, complicados y desalentadores, nos lleva a conocer un mundo de ilusiones y de amor. Con la excusa de contar como afect\u00f3 a los j\u00f3venes \u2013y a su propia vida\u2013 aprender a vivir en un pueblo rec\u00f3ndito de la provincia de Santa Fe (Argentina), el artista rosarino cre\u00f3 un universo m\u00e1gico que se cuenta en formato cinematogr\u00e1fico y de \u00e1lbum.<\/p>\n\n\n\n<p><\/p>\n\n\n\n<p class=\"has-text-align-center\"><strong>Tracklist NOVELA<\/strong><\/p>\n\n\n\n<p class=\"has-text-align-center\">Esperanzas y Tormentas<\/p>\n\n\n\n<p class=\"has-text-align-center\">Universidad Prix<\/p>\n\n\n\n<p class=\"has-text-align-center\">El Amor<\/p>\n\n\n\n<p class=\"has-text-align-center\">Brujas Salem de Prix<\/p>\n\n\n\n<p class=\"has-text-align-center\">Maldivina y Turbialuz<\/p>\n\n\n\n<p class=\"has-text-align-center\">Cuando el circo llega al pueblo<\/p>\n\n\n\n<p class=\"has-text-align-center\">Nana La Siesta<\/p>\n\n\n\n<p class=\"has-text-align-center\">Cruces De Gin En Sal<\/p>\n\n\n\n<p class=\"has-text-align-center\">Jimmy-Jimmy<\/p>\n\n\n\n<p class=\"has-text-align-center\">Nobody knows<\/p>\n\n\n\n<p class=\"has-text-align-center\">Miss Understood<\/p>\n\n\n\n<p class=\"has-text-align-center\">Balas y Flores<\/p>\n\n\n\n<p class=\"has-text-align-center\">Superextra\u00f1o<\/p>\n\n\n\n<p class=\"has-text-align-center\">Herencia<\/p>\n\n\n\n<p class=\"has-text-align-center\">Modo Carrie<\/p>\n\n\n\n<p class=\"has-text-align-center\">Love Is Falling Over My Heart<\/p>\n\n\n\n<p class=\"has-text-align-center\">Argentina Es Una Trampa<\/p>\n\n\n\n<p class=\"has-text-align-center\">Infierno En La Tierra<\/p>\n\n\n\n<p class=\"has-text-align-center\">El Vuelo<\/p>\n\n\n\n<p class=\"has-text-align-center\">Acept\u00e9moslo<\/p>\n\n\n\n<p class=\"has-text-align-center\">El \u00daltimo Apag\u00f3n<\/p>\n\n\n\n<p class=\"has-text-align-center\">El Triunfo del amor<\/p>\n\n\n\n<p class=\"has-text-align-center\">Los Corazones Necesitan Amar<\/p>\n\n\n\n<p class=\"has-text-align-center\">Julius Perdi\u00e9ndolo Todo<\/p>\n\n\n\n<p class=\"has-text-align-center\">Sale El Sol<\/p>\n\n\n\n<div style=\"height:50px\" aria-hidden=\"true\" class=\"wp-block-spacer\"><\/div>\n\n\n\n<div style=\"height:13px\" aria-hidden=\"true\" class=\"wp-block-spacer\"><\/div>\n\n\n\n<p><strong>La historia<\/strong><\/p>\n\n\n\n<p>Se inicia en la Universidad brujeril Prix, donde dos alumnas, Maldivina y Turbialuz -brillantes, aunque picarescas-, deben cumplir una misi\u00f3n a modo de prueba\/castigo, que dicta la rectora del lugar, la malvada Rectitud Martirius: encontrar el amor perfecto en Villa Constituci\u00f3n, el peque\u00f1o pueblo donde transita todo el imaginario del \u00e1lbum.<\/p>\n\n\n\n<p>All\u00ed se encuentran Loka, la hija del due\u00f1o de un circo pobre itinerante. Y Jimmy, un ni\u00f1o hu\u00e9rfano que tiene una banda de rock y que vive con su t\u00eda Charo. La historia concentra un desfile de personajes marginales encantadores, que transitan en paralelo a la exposici\u00f3n de los actos de Turbialuz y Maldivina, mientras buscan concretar el v\u00ednculo entre Loka y Jimmy.<\/p>\n\n\n\n<p>Aventuras fant\u00e1sticas, cabar\u00e9s, turbas inquietantes. Vecinos darks y freaks. Personajes con angustias, tragedias, luces y sombras, que transitan sus d\u00edas en el l\u00edmite entre un pueblo y un circo pobre que define el antagonismo y la puesta en escena de la vida cotidiana, y su reacci\u00f3n ante hechos sobrenaturales que se suceden constantemente, entre ellos, la aparici\u00f3n del amor.<\/p>\n\n\n\n<div style=\"height:27px\" aria-hidden=\"true\" class=\"wp-block-spacer\"><\/div>\n\n\n\n<figure class=\"wp-block-image size-large\"><img loading=\"lazy\" decoding=\"async\" width=\"1024\" height=\"622\" src=\"https:\/\/entrenotasyacordes.com\/wp-content\/uploads\/2025\/03\/personas-novela-1024x622.jpg\" alt=\"\" class=\"wp-image-14301\" srcset=\"https:\/\/entrenotasyacordes.com\/wp-content\/uploads\/2025\/03\/personas-novela-1024x622.jpg 1024w, https:\/\/entrenotasyacordes.com\/wp-content\/uploads\/2025\/03\/personas-novela-300x182.jpg 300w, https:\/\/entrenotasyacordes.com\/wp-content\/uploads\/2025\/03\/personas-novela-768x466.jpg 768w, https:\/\/entrenotasyacordes.com\/wp-content\/uploads\/2025\/03\/personas-novela.jpg 1087w\" sizes=\"auto, (max-width: 1024px) 100vw, 1024px\" \/><\/figure>\n\n\n\n<div style=\"height:142px\" aria-hidden=\"true\" class=\"wp-block-spacer\"><\/div>\n","protected":false},"excerpt":{"rendered":"","protected":false},"author":5,"featured_media":14300,"comment_status":"open","ping_status":"open","sticky":false,"template":"","format":"standard","meta":{"om_disable_all_campaigns":false,"_uf_show_specific_survey":0,"_uf_disable_surveys":false,"footnotes":""},"categories":[4,34],"tags":[],"class_list":["post-14295","post","type-post","status-publish","format-standard","has-post-thumbnail","hentry","category-musica","category-ultimas-noticias"],"_links":{"self":[{"href":"https:\/\/entrenotasyacordes.com\/index.php?rest_route=\/wp\/v2\/posts\/14295","targetHints":{"allow":["GET"]}}],"collection":[{"href":"https:\/\/entrenotasyacordes.com\/index.php?rest_route=\/wp\/v2\/posts"}],"about":[{"href":"https:\/\/entrenotasyacordes.com\/index.php?rest_route=\/wp\/v2\/types\/post"}],"author":[{"embeddable":true,"href":"https:\/\/entrenotasyacordes.com\/index.php?rest_route=\/wp\/v2\/users\/5"}],"replies":[{"embeddable":true,"href":"https:\/\/entrenotasyacordes.com\/index.php?rest_route=%2Fwp%2Fv2%2Fcomments&post=14295"}],"version-history":[{"count":3,"href":"https:\/\/entrenotasyacordes.com\/index.php?rest_route=\/wp\/v2\/posts\/14295\/revisions"}],"predecessor-version":[{"id":14303,"href":"https:\/\/entrenotasyacordes.com\/index.php?rest_route=\/wp\/v2\/posts\/14295\/revisions\/14303"}],"wp:featuredmedia":[{"embeddable":true,"href":"https:\/\/entrenotasyacordes.com\/index.php?rest_route=\/wp\/v2\/media\/14300"}],"wp:attachment":[{"href":"https:\/\/entrenotasyacordes.com\/index.php?rest_route=%2Fwp%2Fv2%2Fmedia&parent=14295"}],"wp:term":[{"taxonomy":"category","embeddable":true,"href":"https:\/\/entrenotasyacordes.com\/index.php?rest_route=%2Fwp%2Fv2%2Fcategories&post=14295"},{"taxonomy":"post_tag","embeddable":true,"href":"https:\/\/entrenotasyacordes.com\/index.php?rest_route=%2Fwp%2Fv2%2Ftags&post=14295"}],"curies":[{"name":"wp","href":"https:\/\/api.w.org\/{rel}","templated":true}]}}