{"id":14304,"date":"2025-03-02T15:42:13","date_gmt":"2025-03-02T15:42:13","guid":{"rendered":"https:\/\/entrenotasyacordes.com\/?p=14304"},"modified":"2025-03-02T15:42:14","modified_gmt":"2025-03-02T15:42:14","slug":"billy-idol-estreno-su-nuevo-single-still-dancing","status":"publish","type":"post","link":"https:\/\/entrenotasyacordes.com\/?p=14304","title":{"rendered":"Billy Idol estren\u00f3 su nuevo single \u201cStill Dancing\u201d"},"content":{"rendered":"\n<p><\/p>\n\n\n\n<!--more-->\n\n\n<div class=\"wp-block-image\">\n<figure class=\"aligncenter size-full\"><img loading=\"lazy\" decoding=\"async\" width=\"800\" height=\"600\" src=\"https:\/\/entrenotasyacordes.com\/wp-content\/uploads\/2025\/03\/unnamed-11.jpg\" alt=\"\" class=\"wp-image-14305\" srcset=\"https:\/\/entrenotasyacordes.com\/wp-content\/uploads\/2025\/03\/unnamed-11.jpg 800w, https:\/\/entrenotasyacordes.com\/wp-content\/uploads\/2025\/03\/unnamed-11-300x225.jpg 300w, https:\/\/entrenotasyacordes.com\/wp-content\/uploads\/2025\/03\/unnamed-11-768x576.jpg 768w\" sizes=\"auto, (max-width: 800px) 100vw, 800px\" \/><\/figure>\n<\/div>\n\n\n<p>Este sencillo forma parte de nuevo disco \u201cDream Into It\u201d que ver\u00e1 luz el 25 de abril<\/p>\n\n\n\n<div style=\"height:49px\" aria-hidden=\"true\" class=\"wp-block-spacer\"><\/div>\n\n\n\n<p>El legendario Billy Idol nominado al Sal\u00f3n de la Fama del Rock &amp; Roll comienza su gira con Joan Jett &amp; The Blackhearts el 30 de abril, pero cinco dias antes lanzar\u00e1 este disco que ser\u00e1 el primero en m\u00e1s de una d\u00e9cada y que inluir\u00e1 colaboraciones destacadas con Avril Lavigne, Joan Jett y Alison Mosshart de The Kills.<\/p>\n\n\n\n<blockquote class=\"wp-block-quote is-layout-flow wp-block-quote-is-layout-flow\">\n<p><em>Still Dancing es realmente un reflejo de todo mi viaje\u201d<\/em>, explica&nbsp;<strong>Idol<\/strong>,&nbsp;<em>\u201cdesde la \u00e9poca del punk rock hasta ahora. Y sigo mirando hacia el futuro, sigo viviendo la vida que me propuse\u201d.<\/em><\/p>\n\n\n\n<p><em>\u201cAl principio de la canci\u00f3n recuerdo los primeros tiempos en Londres, cuando viv\u00eda en casas ocupadas o en apartamentos de amigos, con todas mis pertenencias en una bolsa de pl\u00e1stico. Todo el mundo en casa o en el trabajo te dec\u00eda que lo que estabas haciendo nunca iba a suceder. Pero el punk rock me dio una oportunidad. Estaba rodeado de gente a la que le gustaba la m\u00fasica tanto como a m\u00ed, e ibas a tirar la cautela al viento, creer en lo que hac\u00edas y aferrarte a la vida\u201d.<\/em><\/p>\n\n\n\n<p><em>\u201cComo dice la canci\u00f3n, ha habido muchos momentos en el camino en los que me he autodestruido. Pero lo que me ha ayudado a salir adelante es esa fe inquebrantable en la m\u00fasica que empez\u00f3 hace tantos a\u00f1os. Ese ha sido el mayor regalo de todos\u201d.<\/em><\/p>\n<\/blockquote>\n\n\n\n<div style=\"height:42px\" aria-hidden=\"true\" class=\"wp-block-spacer\"><\/div>\n\n\n\n<figure class=\"wp-block-embed is-type-video is-provider-youtube wp-block-embed-youtube wp-embed-aspect-16-9 wp-has-aspect-ratio\"><div class=\"wp-block-embed__wrapper\">\n<div class=\"epyt-video-wrapper\"><iframe loading=\"lazy\"  id=\"_ytid_90108\"  width=\"640\" height=\"360\"  data-origwidth=\"640\" data-origheight=\"360\" src=\"https:\/\/www.youtube.com\/embed\/CrNnsKxvUs0?enablejsapi=1&#038;autoplay=0&#038;cc_load_policy=0&#038;cc_lang_pref=&#038;iv_load_policy=1&#038;loop=0&#038;rel=1&#038;fs=1&#038;playsinline=0&#038;autohide=2&#038;theme=dark&#038;color=white&#038;controls=1&#038;\" class=\"__youtube_prefs__  epyt-is-override  no-lazyload\" data-vol=\"50\"  title=\"YouTube player\"  allow=\"fullscreen; accelerometer; autoplay; clipboard-write; encrypted-media; gyroscope; picture-in-picture; web-share\" referrerpolicy=\"strict-origin-when-cross-origin\" allowfullscreen data-no-lazy=\"1\" data-skipgform_ajax_framebjll=\"\"><\/iframe><\/div>\n<\/div><\/figure>\n\n\n\n<div style=\"height:85px\" aria-hidden=\"true\" class=\"wp-block-spacer\"><\/div>\n\n\n\n<p>El a\u00f1o pasado, Idol celebr\u00f3 el 40 aniversario de su hist\u00f3rico segundo \u00e1lbum, Rebel Yell, con una edici\u00f3n ampliada de lujo que ya est\u00e1 a la venta a trav\u00e9s de Capitol\/UMe. Idol tambi\u00e9n ha lanzado recientemente la pel\u00edcula Billy Idol: State Line, que documenta su concierto de abril de 2023 en la famosa Represa Hoover, siendo el primer espect\u00e1culo que se celebra en ese lugar. La pel\u00edcula destaca la historia y la importancia de la represa e incluye dos sets \u00fanicos de \u00e9xitos ic\u00f3nicos de Billy Idol: un concierto con banda completa al atardecer con invitados especiales que ilumin\u00f3 el Black Canyon circundante, y un d\u00fao ac\u00fastico en el techo de la central el\u00e9ctrica a los pies de la represa sobre el r\u00edo Colorado, directamente en la frontera estatal entre Nevada y Arizona.<\/p>\n\n\n\n<p><\/p>\n\n\n\n<div style=\"height:100px\" aria-hidden=\"true\" class=\"wp-block-spacer\"><\/div>\n","protected":false},"excerpt":{"rendered":"","protected":false},"author":5,"featured_media":14305,"comment_status":"open","ping_status":"open","sticky":false,"template":"","format":"standard","meta":{"om_disable_all_campaigns":false,"_uf_show_specific_survey":0,"_uf_disable_surveys":false,"footnotes":""},"categories":[34],"tags":[],"class_list":["post-14304","post","type-post","status-publish","format-standard","has-post-thumbnail","hentry","category-ultimas-noticias"],"_links":{"self":[{"href":"https:\/\/entrenotasyacordes.com\/index.php?rest_route=\/wp\/v2\/posts\/14304","targetHints":{"allow":["GET"]}}],"collection":[{"href":"https:\/\/entrenotasyacordes.com\/index.php?rest_route=\/wp\/v2\/posts"}],"about":[{"href":"https:\/\/entrenotasyacordes.com\/index.php?rest_route=\/wp\/v2\/types\/post"}],"author":[{"embeddable":true,"href":"https:\/\/entrenotasyacordes.com\/index.php?rest_route=\/wp\/v2\/users\/5"}],"replies":[{"embeddable":true,"href":"https:\/\/entrenotasyacordes.com\/index.php?rest_route=%2Fwp%2Fv2%2Fcomments&post=14304"}],"version-history":[{"count":1,"href":"https:\/\/entrenotasyacordes.com\/index.php?rest_route=\/wp\/v2\/posts\/14304\/revisions"}],"predecessor-version":[{"id":14306,"href":"https:\/\/entrenotasyacordes.com\/index.php?rest_route=\/wp\/v2\/posts\/14304\/revisions\/14306"}],"wp:featuredmedia":[{"embeddable":true,"href":"https:\/\/entrenotasyacordes.com\/index.php?rest_route=\/wp\/v2\/media\/14305"}],"wp:attachment":[{"href":"https:\/\/entrenotasyacordes.com\/index.php?rest_route=%2Fwp%2Fv2%2Fmedia&parent=14304"}],"wp:term":[{"taxonomy":"category","embeddable":true,"href":"https:\/\/entrenotasyacordes.com\/index.php?rest_route=%2Fwp%2Fv2%2Fcategories&post=14304"},{"taxonomy":"post_tag","embeddable":true,"href":"https:\/\/entrenotasyacordes.com\/index.php?rest_route=%2Fwp%2Fv2%2Ftags&post=14304"}],"curies":[{"name":"wp","href":"https:\/\/api.w.org\/{rel}","templated":true}]}}