{"id":14308,"date":"2025-03-02T15:54:36","date_gmt":"2025-03-02T15:54:36","guid":{"rendered":"https:\/\/entrenotasyacordes.com\/?p=14308"},"modified":"2025-03-02T15:54:37","modified_gmt":"2025-03-02T15:54:37","slug":"menos-de-una-semana-para-el-esperado-show-de-shakira-en-argentina","status":"publish","type":"post","link":"https:\/\/entrenotasyacordes.com\/?p=14308","title":{"rendered":"Menos de una semana para el esperado show de Shakira en Argentina"},"content":{"rendered":"\n<p><\/p>\n\n\n\n<!--more-->\n\n\n<div class=\"wp-block-image\">\n<figure class=\"aligncenter size-full\"><img loading=\"lazy\" decoding=\"async\" width=\"910\" height=\"511\" src=\"https:\/\/entrenotasyacordes.com\/wp-content\/uploads\/2025\/03\/RS1389-90_Shakira_Look-4_0032_V4.webp\" alt=\"\" class=\"wp-image-14309\" srcset=\"https:\/\/entrenotasyacordes.com\/wp-content\/uploads\/2025\/03\/RS1389-90_Shakira_Look-4_0032_V4.webp 910w, https:\/\/entrenotasyacordes.com\/wp-content\/uploads\/2025\/03\/RS1389-90_Shakira_Look-4_0032_V4-300x168.webp 300w, https:\/\/entrenotasyacordes.com\/wp-content\/uploads\/2025\/03\/RS1389-90_Shakira_Look-4_0032_V4-768x431.webp 768w\" sizes=\"auto, (max-width: 910px) 100vw, 910px\" \/><\/figure>\n<\/div>\n\n\n<p>La cantante colombiana vuelve en el marco de su gira Las Mujeres Ya No Lloran World Tour para presentarse el 7 y 8 de marzo en Campo Argentino de Polo.<\/p>\n\n\n\n<div style=\"height:40px\" aria-hidden=\"true\" class=\"wp-block-spacer\"><\/div>\n\n\n\n<p>Despu\u00e9s de su incre\u00edble presentaci\u00f3n en la ceremonia de entrega de los Grammy Awards donde gan\u00f3 el premio a Mejor \u00c1lbum de Pop Latino, Shakira deslumbr\u00f3 con sus primeros shows en Latinoam\u00e9rica. La gira ya pas\u00f3 por R\u00edo de Janeiro, San Pablo, Lima, Bogot\u00e1 y su ciudad natal, Barranquilla. Desde su impactante salida al escenario -vestida con un conjunto personalizado de Versace- al ritmo de \u201cLa Fuerte\u201d, producida por Bizarrap, hasta el final, m\u00e1s de una veintena de temas despu\u00e9s, mantuvo a su p\u00fablico magnetizado con su carisma.<\/p>\n\n\n\n<div style=\"height:45px\" aria-hidden=\"true\" class=\"wp-block-spacer\"><\/div>\n\n\n\n<p>\u201cMonoton\u00eda\u201d, \u201cTe felicito\u201d, \u201cHips Don&#8217;t Lie\u201d, \u201cLa tortura\u201d, \u201cLa bicicleta\u201d, \u201cOjos as\u00ed\u201d y una seguidilla interminable de hits conforman estos shows en los que el despliegue esc\u00e9nico y el impacto visual marcan el alto nivel de producci\u00f3n del tour con el que Shakira celebra su viaje musical y tambi\u00e9n enfatiza la importancia de su herencia latina para construir su identidad y su \u00e9xito. Su regreso a Barranquilla, su lugar de nacimiento, tras 19 a\u00f1os de no presentarse en vivo, dej\u00f3 en claro este agradecimiento a sus ra\u00edces. All\u00ed, fue acompa\u00f1ada por su madre e hijos, que la ovacionaron desde la audiencia, y 4000 chicos de la Fundaci\u00f3n Pies Descalzos que la cantante cre\u00f3 en 1997 en Colombia.<br>Antes de llegar al Campo de Polo, se presentar\u00e1 el 2 y 3 de marzo en el Estadio Nacional de Santiago de Chile.<\/p>\n\n\n\n<p><\/p>\n","protected":false},"excerpt":{"rendered":"","protected":false},"author":5,"featured_media":14310,"comment_status":"open","ping_status":"open","sticky":false,"template":"","format":"standard","meta":{"om_disable_all_campaigns":false,"_uf_show_specific_survey":0,"_uf_disable_surveys":false,"footnotes":""},"categories":[34],"tags":[],"class_list":["post-14308","post","type-post","status-publish","format-standard","has-post-thumbnail","hentry","category-ultimas-noticias"],"_links":{"self":[{"href":"https:\/\/entrenotasyacordes.com\/index.php?rest_route=\/wp\/v2\/posts\/14308","targetHints":{"allow":["GET"]}}],"collection":[{"href":"https:\/\/entrenotasyacordes.com\/index.php?rest_route=\/wp\/v2\/posts"}],"about":[{"href":"https:\/\/entrenotasyacordes.com\/index.php?rest_route=\/wp\/v2\/types\/post"}],"author":[{"embeddable":true,"href":"https:\/\/entrenotasyacordes.com\/index.php?rest_route=\/wp\/v2\/users\/5"}],"replies":[{"embeddable":true,"href":"https:\/\/entrenotasyacordes.com\/index.php?rest_route=%2Fwp%2Fv2%2Fcomments&post=14308"}],"version-history":[{"count":1,"href":"https:\/\/entrenotasyacordes.com\/index.php?rest_route=\/wp\/v2\/posts\/14308\/revisions"}],"predecessor-version":[{"id":14312,"href":"https:\/\/entrenotasyacordes.com\/index.php?rest_route=\/wp\/v2\/posts\/14308\/revisions\/14312"}],"wp:featuredmedia":[{"embeddable":true,"href":"https:\/\/entrenotasyacordes.com\/index.php?rest_route=\/wp\/v2\/media\/14310"}],"wp:attachment":[{"href":"https:\/\/entrenotasyacordes.com\/index.php?rest_route=%2Fwp%2Fv2%2Fmedia&parent=14308"}],"wp:term":[{"taxonomy":"category","embeddable":true,"href":"https:\/\/entrenotasyacordes.com\/index.php?rest_route=%2Fwp%2Fv2%2Fcategories&post=14308"},{"taxonomy":"post_tag","embeddable":true,"href":"https:\/\/entrenotasyacordes.com\/index.php?rest_route=%2Fwp%2Fv2%2Ftags&post=14308"}],"curies":[{"name":"wp","href":"https:\/\/api.w.org\/{rel}","templated":true}]}}