{"id":14334,"date":"2025-03-09T13:40:20","date_gmt":"2025-03-09T13:40:20","guid":{"rendered":"https:\/\/entrenotasyacordes.com\/?p=14334"},"modified":"2025-03-09T13:40:22","modified_gmt":"2025-03-09T13:40:22","slug":"l-gante-y-la-konga-presentan-una-nueva-version-de-otra-poesia-en-su-segunda-colaboracion-consecutiva","status":"publish","type":"post","link":"https:\/\/entrenotasyacordes.com\/?p=14334","title":{"rendered":"L-GANTE Y LA K\u00b4ONGA PRESENTAN UNA NUEVA VERSI\u00d3N DE \u201cOTRA POES\u00cdA\u201d, EN SU SEGUNDA COLABORACI\u00d3N CONSECUTIVA"},"content":{"rendered":"\n<!--more-->\n\n\n<div class=\"wp-block-image\">\n<figure class=\"aligncenter size-full\"><img loading=\"lazy\" decoding=\"async\" width=\"2560\" height=\"2560\" src=\"https:\/\/entrenotasyacordes.com\/wp-content\/uploads\/2025\/03\/COVER-Otra-Poesia-Remix-scaled.jpg\" alt=\"\" class=\"wp-image-14335\" srcset=\"https:\/\/entrenotasyacordes.com\/wp-content\/uploads\/2025\/03\/COVER-Otra-Poesia-Remix-scaled.jpg 2560w, https:\/\/entrenotasyacordes.com\/wp-content\/uploads\/2025\/03\/COVER-Otra-Poesia-Remix-300x300.jpg 300w, https:\/\/entrenotasyacordes.com\/wp-content\/uploads\/2025\/03\/COVER-Otra-Poesia-Remix-1024x1024.jpg 1024w, https:\/\/entrenotasyacordes.com\/wp-content\/uploads\/2025\/03\/COVER-Otra-Poesia-Remix-150x150.jpg 150w, https:\/\/entrenotasyacordes.com\/wp-content\/uploads\/2025\/03\/COVER-Otra-Poesia-Remix-768x768.jpg 768w, https:\/\/entrenotasyacordes.com\/wp-content\/uploads\/2025\/03\/COVER-Otra-Poesia-Remix-1536x1536.jpg 1536w, https:\/\/entrenotasyacordes.com\/wp-content\/uploads\/2025\/03\/COVER-Otra-Poesia-Remix-2048x2048.jpg 2048w, https:\/\/entrenotasyacordes.com\/wp-content\/uploads\/2025\/03\/COVER-Otra-Poesia-Remix-50x50.jpg 50w\" sizes=\"auto, (max-width: 2560px) 100vw, 2560px\" \/><\/figure>\n<\/div>\n\n\n<p>El creador de la cumbia 420, L-Gante, se une a la La K\u00b4onga para presentar una nueva versi\u00f3n de su exitoso single \u201cOtra Poes\u00eda\u201d, esta vez en versi\u00f3n cuarteto y bajo la producci\u00f3n de Estani, qui\u00e9n logr\u00f3 combinar a la perfecci\u00f3n la cumbia, el cuarteto y el pop. La canci\u00f3n estar\u00e1 disponible en todas las plataformas a partir del jueves 06 de marzo a las 21:00hs.<\/p>\n\n\n\n<p>La qu\u00edmica entre L-Gante, uno de los exponentes m\u00e1s importantes de la m\u00fasica urbana en Argentina y considerado fundador del g\u00e9nero RKT, y La K\u00b4onga, la banda de cuarteto m\u00e1s importante del pa\u00eds, se consolid\u00f3 una semana atr\u00e1s con su primera colaboraci\u00f3n llamada \u00abDelincuente\u00bb donde participan de manera extraordinaria sus tres cantantes: Pablo, Diego y Nelson. Con este segundo cap\u00edtulo, la uni\u00f3n de los artistas que representan g\u00e9neros tan populares, sin dudas traer\u00e1 resultados explosivos.<\/p>\n\n\n\n<p>Con esta nueva versi\u00f3n, se refleja una versatilidad \u00fanica a la hora de colaborar y explorar sus mundos mutuamente. La versi\u00f3n original del single ya acumula m\u00e1s de 6 millones de reproducciones en Spotify, 7 millones m\u00e1s en YouTube y es tendencia en Tik Tok con m\u00e1s de 42 mil creaciones.<\/p>\n\n\n\n<p>El videoclip que acompa\u00f1a el lanzamiento, fue dirigido por Jota Sibila y cuenta con la actuaci\u00f3n estelar de Wanda Nara, mientras se muestra a los dos cantantes como buenos amigos compartiendo sus historias de desamor en un bar<\/p>\n\n\n\n<p>Ambos artistas se presentar\u00e1n pr\u00f3ximamente en Lollapalooza pero en distintos lados de la cordillera, ya que los cordobeses lo har\u00e1n en Buenos Aires mientras que el autor del lema \u201ccumbia 420 pa\u00b4los negros\u201d lo har\u00e1 en Santiago de Chile.<\/p>\n\n\n<div class=\"wp-block-image\">\n<figure class=\"aligncenter size-full\"><img loading=\"lazy\" decoding=\"async\" width=\"2560\" height=\"1440\" src=\"https:\/\/entrenotasyacordes.com\/wp-content\/uploads\/2025\/03\/foto-2-2-scaled.jpg\" alt=\"\" class=\"wp-image-14336\" srcset=\"https:\/\/entrenotasyacordes.com\/wp-content\/uploads\/2025\/03\/foto-2-2-scaled.jpg 2560w, https:\/\/entrenotasyacordes.com\/wp-content\/uploads\/2025\/03\/foto-2-2-300x169.jpg 300w, https:\/\/entrenotasyacordes.com\/wp-content\/uploads\/2025\/03\/foto-2-2-1024x576.jpg 1024w, https:\/\/entrenotasyacordes.com\/wp-content\/uploads\/2025\/03\/foto-2-2-768x432.jpg 768w, https:\/\/entrenotasyacordes.com\/wp-content\/uploads\/2025\/03\/foto-2-2-1536x864.jpg 1536w, https:\/\/entrenotasyacordes.com\/wp-content\/uploads\/2025\/03\/foto-2-2-2048x1152.jpg 2048w\" sizes=\"auto, (max-width: 2560px) 100vw, 2560px\" \/><\/figure>\n<\/div>\n\n\n<p><\/p>\n","protected":false},"excerpt":{"rendered":"","protected":false},"author":5,"featured_media":14335,"comment_status":"open","ping_status":"open","sticky":false,"template":"","format":"standard","meta":{"om_disable_all_campaigns":false,"_uf_show_specific_survey":0,"_uf_disable_surveys":false,"footnotes":""},"categories":[4],"tags":[],"class_list":["post-14334","post","type-post","status-publish","format-standard","has-post-thumbnail","hentry","category-musica"],"_links":{"self":[{"href":"https:\/\/entrenotasyacordes.com\/index.php?rest_route=\/wp\/v2\/posts\/14334","targetHints":{"allow":["GET"]}}],"collection":[{"href":"https:\/\/entrenotasyacordes.com\/index.php?rest_route=\/wp\/v2\/posts"}],"about":[{"href":"https:\/\/entrenotasyacordes.com\/index.php?rest_route=\/wp\/v2\/types\/post"}],"author":[{"embeddable":true,"href":"https:\/\/entrenotasyacordes.com\/index.php?rest_route=\/wp\/v2\/users\/5"}],"replies":[{"embeddable":true,"href":"https:\/\/entrenotasyacordes.com\/index.php?rest_route=%2Fwp%2Fv2%2Fcomments&post=14334"}],"version-history":[{"count":1,"href":"https:\/\/entrenotasyacordes.com\/index.php?rest_route=\/wp\/v2\/posts\/14334\/revisions"}],"predecessor-version":[{"id":14337,"href":"https:\/\/entrenotasyacordes.com\/index.php?rest_route=\/wp\/v2\/posts\/14334\/revisions\/14337"}],"wp:featuredmedia":[{"embeddable":true,"href":"https:\/\/entrenotasyacordes.com\/index.php?rest_route=\/wp\/v2\/media\/14335"}],"wp:attachment":[{"href":"https:\/\/entrenotasyacordes.com\/index.php?rest_route=%2Fwp%2Fv2%2Fmedia&parent=14334"}],"wp:term":[{"taxonomy":"category","embeddable":true,"href":"https:\/\/entrenotasyacordes.com\/index.php?rest_route=%2Fwp%2Fv2%2Fcategories&post=14334"},{"taxonomy":"post_tag","embeddable":true,"href":"https:\/\/entrenotasyacordes.com\/index.php?rest_route=%2Fwp%2Fv2%2Ftags&post=14334"}],"curies":[{"name":"wp","href":"https:\/\/api.w.org\/{rel}","templated":true}]}}