{"id":14342,"date":"2025-03-09T14:46:34","date_gmt":"2025-03-09T14:46:34","guid":{"rendered":"https:\/\/entrenotasyacordes.com\/?p=14342"},"modified":"2025-03-09T14:46:35","modified_gmt":"2025-03-09T14:46:35","slug":"yandel-anuncia-su-nuevo-album","status":"publish","type":"post","link":"https:\/\/entrenotasyacordes.com\/?p=14342","title":{"rendered":"YANDEL ANUNCIA SU NUEVO \u00c1LBUM"},"content":{"rendered":"\n<!--more-->\n\n\n\n<p><strong>YANDEL LE ENTREGA A SUS SEGUIDORES UNA MUESTRA DEL PROYECTO MUSICAL CON EL TEMA \u201cNUNCA ME<\/strong> <strong>OLVIDES\u00bb<\/strong><\/p>\n\n\n<div class=\"wp-block-image\">\n<figure class=\"aligncenter size-full\"><img loading=\"lazy\" decoding=\"async\" width=\"2560\" height=\"2560\" src=\"https:\/\/entrenotasyacordes.com\/wp-content\/uploads\/2025\/03\/SINFONICO-COVER-3-scaled.jpg\" alt=\"\" class=\"wp-image-14343\" srcset=\"https:\/\/entrenotasyacordes.com\/wp-content\/uploads\/2025\/03\/SINFONICO-COVER-3-scaled.jpg 2560w, https:\/\/entrenotasyacordes.com\/wp-content\/uploads\/2025\/03\/SINFONICO-COVER-3-300x300.jpg 300w, https:\/\/entrenotasyacordes.com\/wp-content\/uploads\/2025\/03\/SINFONICO-COVER-3-1024x1024.jpg 1024w, https:\/\/entrenotasyacordes.com\/wp-content\/uploads\/2025\/03\/SINFONICO-COVER-3-150x150.jpg 150w, https:\/\/entrenotasyacordes.com\/wp-content\/uploads\/2025\/03\/SINFONICO-COVER-3-768x768.jpg 768w, https:\/\/entrenotasyacordes.com\/wp-content\/uploads\/2025\/03\/SINFONICO-COVER-3-1536x1536.jpg 1536w, https:\/\/entrenotasyacordes.com\/wp-content\/uploads\/2025\/03\/SINFONICO-COVER-3-2048x2048.jpg 2048w, https:\/\/entrenotasyacordes.com\/wp-content\/uploads\/2025\/03\/SINFONICO-COVER-3-50x50.jpg 50w\" sizes=\"auto, (max-width: 2560px) 100vw, 2560px\" \/><\/figure>\n<\/div>\n\n\n<p class=\"has-text-align-left\">Yandel anuncia la fecha del lanzamiento oficial de su m\u00e1s reciente \u00e1lbum SINF\u00d3NICO bajo el sello Warner Latina. Como parte del mismo el galardonado cantante y productor, estrena el corte musical \u201cNunca Me Olvides\u201d, 6 de marzo a las 7pm en todas las plataformas digitales.<\/p>\n\n\n\n<p class=\"has-text-align-left\"><strong><em>SINF\u00d3NICO <\/em><\/strong>no s\u00f3lo esta compuesto de un magistral \u00e1lbum. El concepto tambi\u00e9n trae consigo su primera presentaci\u00f3n en vivo para el p\u00fablico en general en Puerto Rico, la cual tendr\u00e1 lugar el s\u00e1bado, 10 de mayo a las 8:30 p.m. en el Coliseo Jos\u00e9 Miguel Agrelot, conocido mundialmente como el Choliseo. Los boletos para el esperado espect\u00e1culo est\u00e1n disponibles en Ticketera. El concierto es una innovadora experiencia musical que fusionar\u00e1 los \u00e9xitos de este \u00edcono de la m\u00fasica urbana con la majestuosidad de la <strong>Orquesta Filarm\u00f3nica de Puerto Rico <\/strong>bajo la direcci\u00f3n del maestro <strong>Cucco Pe\u00f1a<\/strong>.<\/p>\n\n\n\n<p class=\"has-text-align-left\">El concepto de <strong><em>SINF\u00d3NICO <\/em><\/strong>se asom\u00f3 ante un selecto grupo de estudiantes y familiares el pasado mes de octubre, en donde el artista present\u00f3 por primera vez una selecci\u00f3n de sus \u00e9xitos, en un formato cl\u00e1sico, como un proyecto especial con estudiantes de la Orquesta Sinf\u00f3nica de la Universidad Internacional de Florida (FIU), donde adem\u00e1s anunci\u00f3 la beca Yandel Elyte, reafirmando su compromiso con la educaci\u00f3n musical.<\/p>\n\n\n\n<p>Esa primera experiencia inspir\u00f3 al artista a crear este nuevo \u00e1lbum y una gira sinf\u00f3nica este a\u00f1o que comienza en Puerto Rico el 10 de mayo y que llevar\u00e1 al productor puertorrique\u00f1o a otros importantes escenarios en varias ciudades de los Estados Unidos y Latinoam\u00e9rica.<\/p>\n\n\n\n<p class=\"has-text-align-left\"><strong><em>SINF\u00d3NICO<\/em><\/strong>, el \u00e1lbum cuenta con un total de 29 temas que han sido emblem\u00e1ticos en la carrera del cantante Puertorrique\u00f1o. Recientemente su producci\u00f3n Elyte, recibi\u00f3 Certificaci\u00f3n de Oro de la RIIA.<\/p>\n\n\n<div class=\"wp-block-image\">\n<figure class=\"aligncenter size-full\"><img loading=\"lazy\" decoding=\"async\" width=\"1332\" height=\"1318\" src=\"https:\/\/entrenotasyacordes.com\/wp-content\/uploads\/2025\/03\/aa-1.jpg\" alt=\"\" class=\"wp-image-14345\" srcset=\"https:\/\/entrenotasyacordes.com\/wp-content\/uploads\/2025\/03\/aa-1.jpg 1332w, https:\/\/entrenotasyacordes.com\/wp-content\/uploads\/2025\/03\/aa-1-300x297.jpg 300w, https:\/\/entrenotasyacordes.com\/wp-content\/uploads\/2025\/03\/aa-1-1024x1013.jpg 1024w, https:\/\/entrenotasyacordes.com\/wp-content\/uploads\/2025\/03\/aa-1-768x760.jpg 768w, https:\/\/entrenotasyacordes.com\/wp-content\/uploads\/2025\/03\/aa-1-50x50.jpg 50w\" sizes=\"auto, (max-width: 1332px) 100vw, 1332px\" \/><\/figure>\n<\/div>","protected":false},"excerpt":{"rendered":"","protected":false},"author":5,"featured_media":14343,"comment_status":"open","ping_status":"open","sticky":false,"template":"","format":"standard","meta":{"om_disable_all_campaigns":false,"_uf_show_specific_survey":0,"_uf_disable_surveys":false,"footnotes":""},"categories":[4],"tags":[],"class_list":["post-14342","post","type-post","status-publish","format-standard","has-post-thumbnail","hentry","category-musica"],"_links":{"self":[{"href":"https:\/\/entrenotasyacordes.com\/index.php?rest_route=\/wp\/v2\/posts\/14342","targetHints":{"allow":["GET"]}}],"collection":[{"href":"https:\/\/entrenotasyacordes.com\/index.php?rest_route=\/wp\/v2\/posts"}],"about":[{"href":"https:\/\/entrenotasyacordes.com\/index.php?rest_route=\/wp\/v2\/types\/post"}],"author":[{"embeddable":true,"href":"https:\/\/entrenotasyacordes.com\/index.php?rest_route=\/wp\/v2\/users\/5"}],"replies":[{"embeddable":true,"href":"https:\/\/entrenotasyacordes.com\/index.php?rest_route=%2Fwp%2Fv2%2Fcomments&post=14342"}],"version-history":[{"count":1,"href":"https:\/\/entrenotasyacordes.com\/index.php?rest_route=\/wp\/v2\/posts\/14342\/revisions"}],"predecessor-version":[{"id":14346,"href":"https:\/\/entrenotasyacordes.com\/index.php?rest_route=\/wp\/v2\/posts\/14342\/revisions\/14346"}],"wp:featuredmedia":[{"embeddable":true,"href":"https:\/\/entrenotasyacordes.com\/index.php?rest_route=\/wp\/v2\/media\/14343"}],"wp:attachment":[{"href":"https:\/\/entrenotasyacordes.com\/index.php?rest_route=%2Fwp%2Fv2%2Fmedia&parent=14342"}],"wp:term":[{"taxonomy":"category","embeddable":true,"href":"https:\/\/entrenotasyacordes.com\/index.php?rest_route=%2Fwp%2Fv2%2Fcategories&post=14342"},{"taxonomy":"post_tag","embeddable":true,"href":"https:\/\/entrenotasyacordes.com\/index.php?rest_route=%2Fwp%2Fv2%2Ftags&post=14342"}],"curies":[{"name":"wp","href":"https:\/\/api.w.org\/{rel}","templated":true}]}}