{"id":14350,"date":"2025-03-09T14:59:52","date_gmt":"2025-03-09T14:59:52","guid":{"rendered":"https:\/\/entrenotasyacordes.com\/?p=14350"},"modified":"2025-03-09T14:59:53","modified_gmt":"2025-03-09T14:59:53","slug":"rey-garufa-en-la-plata","status":"publish","type":"post","link":"https:\/\/entrenotasyacordes.com\/?p=14350","title":{"rendered":"REY GARUFA EN LA PLATA"},"content":{"rendered":"\n<!--more-->\n\n\n<div class=\"wp-block-image\">\n<figure class=\"aligncenter size-full\"><img loading=\"lazy\" decoding=\"async\" width=\"1080\" height=\"1080\" src=\"https:\/\/entrenotasyacordes.com\/wp-content\/uploads\/2025\/03\/18a.png\" alt=\"\" class=\"wp-image-14351\" srcset=\"https:\/\/entrenotasyacordes.com\/wp-content\/uploads\/2025\/03\/18a.png 1080w, https:\/\/entrenotasyacordes.com\/wp-content\/uploads\/2025\/03\/18a-300x300.png 300w, https:\/\/entrenotasyacordes.com\/wp-content\/uploads\/2025\/03\/18a-1024x1024.png 1024w, https:\/\/entrenotasyacordes.com\/wp-content\/uploads\/2025\/03\/18a-150x150.png 150w, https:\/\/entrenotasyacordes.com\/wp-content\/uploads\/2025\/03\/18a-768x768.png 768w, https:\/\/entrenotasyacordes.com\/wp-content\/uploads\/2025\/03\/18a-50x50.png 50w\" sizes=\"auto, (max-width: 1080px) 100vw, 1080px\" \/><\/figure>\n<\/div>\n\n\n<p class=\"has-text-align-left\"><strong>Rey Garufa<\/strong>&nbsp;regresa al&nbsp;<strong>Teatro \u00d3pera La Plata&nbsp;<\/strong>el<strong>&nbsp;viernes 11 de abril, 20hs.<\/strong>&nbsp;<\/p>\n\n\n\n<p>\u00a0Las entradas estan\u00a0 a la venta\u00a0 por sistema\u00a0<a href=\"https:\/\/livepass.com.ar\/events\/rey-garufa-en-el-teatro-opera-lp?utm_source=perfit&amp;utm_medium=email\" target=\"_blank\" rel=\"noreferrer noopener\">Livepass<\/a>\u00a0y boleter\u00eda del teatro. Comprando tus entradas con tarjetas Visa y MasterCard del Banco Provincia tenes 4 cuotas sin inter\u00e9s.<\/p>\n\n\n\n<p>Rey Garufa es una banda tributo a \u201cPatricio Rey y sus Redonditos de Ricota\u201d<\/p>\n\n\n\n<p>El proyecto es originario de la ciudad de Tandil. Nace en una sala de ensayo con el fin de reproducir temas de Los Redondos. Al llegar las presentaciones en vivo, el frenes\u00ed del p\u00fablico ricotero, fue haciendo de cada show una misa de creciente convocatoria.<\/p>\n\n\n\n<p>El proyecto lleva m\u00e1s de 15 a\u00f1os&nbsp;recorriendo los escenarios de cada&nbsp;rinc\u00f3n de Argentina y pa\u00edses vecinos, con una propuesta de creciente calidad musical, pero con el coraz\u00f3n de ricota de siempre.<\/p>\n\n\n\n<p>Actualmente la banda est\u00e1 conformada por un notable grupo de m\u00fasicos de la ciudad de Tandil, que no s\u00f3lo se desempe\u00f1an como artistas en esta banda, sino que adem\u00e1s participan de otros proyectos musicales locales y se desempe\u00f1an como docentes en diferentes espacios de la ciudad.<\/p>\n\n\n\n<p><strong>Ellos son:<\/strong>&nbsp;Octavio Ballesteros (guitarra y coros), Jorge Suarez(guitarra y coros), Diego Gimenez (bajo), Ignacio Rivero(bater\u00eda) y Esteban Romay (saxo)<\/p>\n","protected":false},"excerpt":{"rendered":"","protected":false},"author":5,"featured_media":14352,"comment_status":"open","ping_status":"open","sticky":false,"template":"","format":"standard","meta":{"om_disable_all_campaigns":false,"_uf_show_specific_survey":0,"_uf_disable_surveys":false,"footnotes":""},"categories":[36],"tags":[],"class_list":["post-14350","post","type-post","status-publish","format-standard","has-post-thumbnail","hentry","category-conciertos"],"_links":{"self":[{"href":"https:\/\/entrenotasyacordes.com\/index.php?rest_route=\/wp\/v2\/posts\/14350","targetHints":{"allow":["GET"]}}],"collection":[{"href":"https:\/\/entrenotasyacordes.com\/index.php?rest_route=\/wp\/v2\/posts"}],"about":[{"href":"https:\/\/entrenotasyacordes.com\/index.php?rest_route=\/wp\/v2\/types\/post"}],"author":[{"embeddable":true,"href":"https:\/\/entrenotasyacordes.com\/index.php?rest_route=\/wp\/v2\/users\/5"}],"replies":[{"embeddable":true,"href":"https:\/\/entrenotasyacordes.com\/index.php?rest_route=%2Fwp%2Fv2%2Fcomments&post=14350"}],"version-history":[{"count":1,"href":"https:\/\/entrenotasyacordes.com\/index.php?rest_route=\/wp\/v2\/posts\/14350\/revisions"}],"predecessor-version":[{"id":14353,"href":"https:\/\/entrenotasyacordes.com\/index.php?rest_route=\/wp\/v2\/posts\/14350\/revisions\/14353"}],"wp:featuredmedia":[{"embeddable":true,"href":"https:\/\/entrenotasyacordes.com\/index.php?rest_route=\/wp\/v2\/media\/14352"}],"wp:attachment":[{"href":"https:\/\/entrenotasyacordes.com\/index.php?rest_route=%2Fwp%2Fv2%2Fmedia&parent=14350"}],"wp:term":[{"taxonomy":"category","embeddable":true,"href":"https:\/\/entrenotasyacordes.com\/index.php?rest_route=%2Fwp%2Fv2%2Fcategories&post=14350"},{"taxonomy":"post_tag","embeddable":true,"href":"https:\/\/entrenotasyacordes.com\/index.php?rest_route=%2Fwp%2Fv2%2Ftags&post=14350"}],"curies":[{"name":"wp","href":"https:\/\/api.w.org\/{rel}","templated":true}]}}