{"id":14358,"date":"2025-03-09T15:08:32","date_gmt":"2025-03-09T15:08:32","guid":{"rendered":"https:\/\/entrenotasyacordes.com\/?p=14358"},"modified":"2025-03-09T15:08:33","modified_gmt":"2025-03-09T15:08:33","slug":"rayos-laser-presenta-el-dia-y-la-noche-feat-juan-ingaramo","status":"publish","type":"post","link":"https:\/\/entrenotasyacordes.com\/?p=14358","title":{"rendered":"RAYOS L\u00c1SER presenta \u201cEl D\u00eda y La Noche\u00bb feat Juan Ingaramo"},"content":{"rendered":"\n<!--more-->\n\n\n<div class=\"wp-block-image\">\n<figure class=\"aligncenter size-full\"><img loading=\"lazy\" decoding=\"async\" width=\"2560\" height=\"2560\" src=\"https:\/\/entrenotasyacordes.com\/wp-content\/uploads\/2025\/03\/18b-scaled.jpg\" alt=\"\" class=\"wp-image-14359\" srcset=\"https:\/\/entrenotasyacordes.com\/wp-content\/uploads\/2025\/03\/18b-scaled.jpg 2560w, https:\/\/entrenotasyacordes.com\/wp-content\/uploads\/2025\/03\/18b-300x300.jpg 300w, https:\/\/entrenotasyacordes.com\/wp-content\/uploads\/2025\/03\/18b-1024x1024.jpg 1024w, https:\/\/entrenotasyacordes.com\/wp-content\/uploads\/2025\/03\/18b-150x150.jpg 150w, https:\/\/entrenotasyacordes.com\/wp-content\/uploads\/2025\/03\/18b-768x768.jpg 768w, https:\/\/entrenotasyacordes.com\/wp-content\/uploads\/2025\/03\/18b-1536x1536.jpg 1536w, https:\/\/entrenotasyacordes.com\/wp-content\/uploads\/2025\/03\/18b-2048x2048.jpg 2048w, https:\/\/entrenotasyacordes.com\/wp-content\/uploads\/2025\/03\/18b-50x50.jpg 50w\" sizes=\"auto, (max-width: 2560px) 100vw, 2560px\" \/><\/figure>\n<\/div>\n\n\n<p><strong>Rayos L\u00e1ser<\/strong>&nbsp;marca otro hito con&nbsp;<strong><em>\u201cEl D\u00eda y La Noche\u201d<\/em><\/strong>&nbsp;, el tercer adelanto de su sexto disco. Con su caracter\u00edstico ingenio mel\u00f3dico y un groove pegajoso que invita a bailar,&nbsp;<strong>Rayos L\u00e1ser<\/strong>&nbsp;suma la voz y el estilo \u00fanico de&nbsp;<strong>Juan Ingaramo&nbsp;<\/strong>para dar vida a este nuevo single.<\/p>\n\n\n\n<p><strong>El D\u00eda y La Noche<\/strong>, es una explosi\u00f3n nocturna, ideal para acompa\u00f1ar encuentros intensos y marcar el ritmo de un gran disco que ver\u00e1 la luz pronto. Con una melod\u00eda contagiosa y un riff muy caracter\u00edstico desde el inicio, este single pop promete quedarse en la cabeza de quien lo escuche.<\/p>\n\n\n<div class=\"wp-block-image\">\n<figure class=\"aligncenter size-full\"><img loading=\"lazy\" decoding=\"async\" width=\"2268\" height=\"2268\" src=\"https:\/\/entrenotasyacordes.com\/wp-content\/uploads\/2025\/03\/18bb.png\" alt=\"\" class=\"wp-image-14360\" srcset=\"https:\/\/entrenotasyacordes.com\/wp-content\/uploads\/2025\/03\/18bb.png 2268w, https:\/\/entrenotasyacordes.com\/wp-content\/uploads\/2025\/03\/18bb-300x300.png 300w, https:\/\/entrenotasyacordes.com\/wp-content\/uploads\/2025\/03\/18bb-1024x1024.png 1024w, https:\/\/entrenotasyacordes.com\/wp-content\/uploads\/2025\/03\/18bb-150x150.png 150w, https:\/\/entrenotasyacordes.com\/wp-content\/uploads\/2025\/03\/18bb-768x768.png 768w, https:\/\/entrenotasyacordes.com\/wp-content\/uploads\/2025\/03\/18bb-1536x1536.png 1536w, https:\/\/entrenotasyacordes.com\/wp-content\/uploads\/2025\/03\/18bb-2048x2048.png 2048w, https:\/\/entrenotasyacordes.com\/wp-content\/uploads\/2025\/03\/18bb-50x50.png 50w\" sizes=\"auto, (max-width: 2268px) 100vw, 2268px\" \/><\/figure>\n<\/div>\n\n\n<p>Con respecto a la invitaci\u00f3n a Juan Ingaramo para colaborar en este tema, Rayos L\u00e1ser expresa:<\/p>\n\n\n\n<p><strong><em>\u201cA Juan Ingaramo lo conocemos desde hace m\u00e1s de 10 a\u00f1os, nuestras carreras musicales se desarrollaron a la par y hemos compartido mucho personalmente tambi\u00e9n, de hecho en nuestro primer festival grande (Pepsi Music 2012), \u00e9l fue nuestro baterista. Desde ese entonces siempre estuvieron las ganas de compartir una canci\u00f3n, y fue este a\u00f1o que nos encontramos trabajando en el mismo estudio y con el mismo productor, y se di\u00f3 todo para que el encuentro se materialice.<\/em><\/strong><br><strong><em>El tema \u201cEl d\u00eda y la noche\u201d es una canci\u00f3n con mucha energ\u00eda, que explora un costado \u201cpost-punk\u201d pero a trav\u00e9s del filtro pop de Rayos Laser. A la vez contiene una energ\u00eda mel\u00f3dica, r\u00edtmica, bailable que tranquilamente podr\u00eda traducirse a un cuarteto cordob\u00e9s! En todo esto nos sentimos identificados tanto en nosotros mismos como en la musicalidad multifac\u00e9tica de Juan, y el resultado de esta fusi\u00f3n nos dej\u00f3 super contentos, por el hecho de volver a compartir con Juan y con la fuerza y personalidad que qued\u00f3 plasmada en la canci\u00f3n.<\/em><\/strong><\/p>\n\n\n\n<p><strong><em>En el videoclip volvemos a la idea de ser una banda con Juan como baterista y quiz\u00e1 exploremos esa idea en vivo tambi\u00e9n\u201d<\/em><\/strong><\/p>\n\n\n\n<p>Con \u201c<strong>Im\u00e1n<\/strong>\u201d, \u00ab<strong>El Fin Del Amor<\/strong>\u201d y ahora el lanzamiento de &nbsp;\u201c<strong>El D\u00eda y La Noche<\/strong>\u201d&nbsp;<strong>Rayos L\u00e1ser<\/strong>&nbsp;promete un sexto disco cargado de \u00e9xitos. Este estreno reafirma la capacidad para seguir innovando y crear canciones que continuar\u00e1n en loop, y acumulando m\u00e1s nominaciones en su carrera.<\/p>\n\n\n\n<p>Con millones de reproducciones en plataformas digitales, cinco discos de estudio y prestigiosas nominaciones a los<strong>&nbsp;Latin Grammy<\/strong>,&nbsp;<strong>MTV Europe Music Awards&nbsp;<\/strong>y<strong>&nbsp;Premios Gardel<\/strong>, Rayos L\u00e1ser se consolida como una banda esencial para entender la evoluci\u00f3n del pop en Argentina y Latinoam\u00e9rica.<\/p>\n","protected":false},"excerpt":{"rendered":"","protected":false},"author":5,"featured_media":14359,"comment_status":"open","ping_status":"open","sticky":false,"template":"","format":"standard","meta":{"om_disable_all_campaigns":false,"_uf_show_specific_survey":0,"_uf_disable_surveys":false,"footnotes":""},"categories":[4],"tags":[],"class_list":["post-14358","post","type-post","status-publish","format-standard","has-post-thumbnail","hentry","category-musica"],"_links":{"self":[{"href":"https:\/\/entrenotasyacordes.com\/index.php?rest_route=\/wp\/v2\/posts\/14358","targetHints":{"allow":["GET"]}}],"collection":[{"href":"https:\/\/entrenotasyacordes.com\/index.php?rest_route=\/wp\/v2\/posts"}],"about":[{"href":"https:\/\/entrenotasyacordes.com\/index.php?rest_route=\/wp\/v2\/types\/post"}],"author":[{"embeddable":true,"href":"https:\/\/entrenotasyacordes.com\/index.php?rest_route=\/wp\/v2\/users\/5"}],"replies":[{"embeddable":true,"href":"https:\/\/entrenotasyacordes.com\/index.php?rest_route=%2Fwp%2Fv2%2Fcomments&post=14358"}],"version-history":[{"count":1,"href":"https:\/\/entrenotasyacordes.com\/index.php?rest_route=\/wp\/v2\/posts\/14358\/revisions"}],"predecessor-version":[{"id":14361,"href":"https:\/\/entrenotasyacordes.com\/index.php?rest_route=\/wp\/v2\/posts\/14358\/revisions\/14361"}],"wp:featuredmedia":[{"embeddable":true,"href":"https:\/\/entrenotasyacordes.com\/index.php?rest_route=\/wp\/v2\/media\/14359"}],"wp:attachment":[{"href":"https:\/\/entrenotasyacordes.com\/index.php?rest_route=%2Fwp%2Fv2%2Fmedia&parent=14358"}],"wp:term":[{"taxonomy":"category","embeddable":true,"href":"https:\/\/entrenotasyacordes.com\/index.php?rest_route=%2Fwp%2Fv2%2Fcategories&post=14358"},{"taxonomy":"post_tag","embeddable":true,"href":"https:\/\/entrenotasyacordes.com\/index.php?rest_route=%2Fwp%2Fv2%2Ftags&post=14358"}],"curies":[{"name":"wp","href":"https:\/\/api.w.org\/{rel}","templated":true}]}}