{"id":14362,"date":"2025-03-09T15:11:15","date_gmt":"2025-03-09T15:11:15","guid":{"rendered":"https:\/\/entrenotasyacordes.com\/?p=14362"},"modified":"2025-03-09T15:11:16","modified_gmt":"2025-03-09T15:11:16","slug":"el-zar-y-no-te-va-gustar-presentan-parte-de-mi","status":"publish","type":"post","link":"https:\/\/entrenotasyacordes.com\/?p=14362","title":{"rendered":"EL ZAR Y NO TE VA GUSTAR presentan \u201cPARTE DE M\u00cd\u201d"},"content":{"rendered":"\n<!--more-->\n\n\n<div class=\"wp-block-image\">\n<figure class=\"aligncenter size-full\"><img loading=\"lazy\" decoding=\"async\" width=\"2560\" height=\"2560\" src=\"https:\/\/entrenotasyacordes.com\/wp-content\/uploads\/2025\/03\/18bbb-scaled.jpg\" alt=\"\" class=\"wp-image-14363\" srcset=\"https:\/\/entrenotasyacordes.com\/wp-content\/uploads\/2025\/03\/18bbb-scaled.jpg 2560w, https:\/\/entrenotasyacordes.com\/wp-content\/uploads\/2025\/03\/18bbb-300x300.jpg 300w, https:\/\/entrenotasyacordes.com\/wp-content\/uploads\/2025\/03\/18bbb-1024x1024.jpg 1024w, https:\/\/entrenotasyacordes.com\/wp-content\/uploads\/2025\/03\/18bbb-150x150.jpg 150w, https:\/\/entrenotasyacordes.com\/wp-content\/uploads\/2025\/03\/18bbb-768x768.jpg 768w, https:\/\/entrenotasyacordes.com\/wp-content\/uploads\/2025\/03\/18bbb-1536x1536.jpg 1536w, https:\/\/entrenotasyacordes.com\/wp-content\/uploads\/2025\/03\/18bbb-2048x2048.jpg 2048w, https:\/\/entrenotasyacordes.com\/wp-content\/uploads\/2025\/03\/18bbb-50x50.jpg 50w\" sizes=\"auto, (max-width: 2560px) 100vw, 2560px\" \/><\/figure>\n<\/div>\n\n\n<p>Dos universos musicales se cruzan para dar vida a un rock que late con la esencia del R\u00edo de la Plata. El Zar y No Te Va Gustar se unen en esta colaboraci\u00f3n \u00fanica nacida de una amistad natural y org\u00e1nica entre las dos bandas que comenz\u00f3 como un encuentro espont\u00e1neo y se transform\u00f3 en una conexi\u00f3n aut\u00e9ntica que encontr\u00f3 su mejor expresi\u00f3n en la m\u00fasica.<\/p>\n\n\n\n<p>La canci\u00f3n tom\u00f3 forma entre Buenos Aires y Montevideo, en sesiones de grabaci\u00f3n donde las bandas compartieron estudio, charlas, cenas y una vibra inigualable. M\u00e1s que una colaboraci\u00f3n, es el resultado de tres d\u00edas de m\u00fasica, amistad y qu\u00edmica creativa, reflejado en cada acorde. Bajo la producci\u00f3n de Nicol\u00e1s Btesh, este single captura la energ\u00eda de dos proyectos en su mejor momento, fusionando sus identidades en una pieza potente y con alma.<\/p>\n\n\n\n<p>Parte de Mi es el tercer single de lo que ser\u00e1 el nuevo disco de El Zar y est\u00e1 &nbsp;acompa\u00f1ado de un videoclip donde participan las dos bandas.<\/p>\n\n\n<div class=\"wp-block-image\">\n<figure class=\"aligncenter size-full\"><img loading=\"lazy\" decoding=\"async\" width=\"2560\" height=\"2560\" src=\"https:\/\/entrenotasyacordes.com\/wp-content\/uploads\/2025\/03\/18bbbb-scaled.jpg\" alt=\"\" class=\"wp-image-14364\" srcset=\"https:\/\/entrenotasyacordes.com\/wp-content\/uploads\/2025\/03\/18bbbb-scaled.jpg 2560w, https:\/\/entrenotasyacordes.com\/wp-content\/uploads\/2025\/03\/18bbbb-300x300.jpg 300w, https:\/\/entrenotasyacordes.com\/wp-content\/uploads\/2025\/03\/18bbbb-1024x1024.jpg 1024w, https:\/\/entrenotasyacordes.com\/wp-content\/uploads\/2025\/03\/18bbbb-150x150.jpg 150w, https:\/\/entrenotasyacordes.com\/wp-content\/uploads\/2025\/03\/18bbbb-768x768.jpg 768w, https:\/\/entrenotasyacordes.com\/wp-content\/uploads\/2025\/03\/18bbbb-1536x1536.jpg 1536w, https:\/\/entrenotasyacordes.com\/wp-content\/uploads\/2025\/03\/18bbbb-2048x2048.jpg 2048w, https:\/\/entrenotasyacordes.com\/wp-content\/uploads\/2025\/03\/18bbbb-50x50.jpg 50w\" sizes=\"auto, (max-width: 2560px) 100vw, 2560px\" \/><\/figure>\n<\/div>\n\n\n<p><strong>Para No Te Va Gustar, el 2024 fue realmente \u00e9pico. La gira internacional de celebraci\u00f3n de los 30 a\u00f1os culmin\u00f3 el a\u00f1o con casi 70 shows en 15 pa\u00edses inclu\u00eddos Uruguay, Argentina, Chile, Per\u00fa, M\u00e9xico, Paraguay, Ecuador, Colombia, USA, Espa\u00f1a, Irlanda, Reino Unido, Dinamarca, Costa Rica y Alemania. La banda convoc\u00f3 a una multitud en su \u00faltimo concierto del a\u00f1o en la Rambla de Montevideo, con un show de m\u00e1s de tres horas y unos d\u00edas antes cerr\u00f3 el a\u00f1o con su p\u00fablico argentino en la Ciudad de Buenos Aires con 4 shows agotados en el Movistar Arena, con una puesta en escena impactante y con grandes invitados sorpresa. \u00a0<\/strong><br><strong>\u00a0<\/strong><br><strong>NTVG comenz\u00f3 el 2025 con anuncios de grandes shows y participaciones en festivales como el Cosqu\u00edn Rock en Argentina y en Uruguay, el Quilmes Rock, el Rock en Baradero, shows en Colonia y Canelones, Uruguay y acaban de comunicar los primeros dos recitales que formar\u00e1n parte de su tour 2025 por Europa y Estados Unidos.<\/strong><\/p>\n","protected":false},"excerpt":{"rendered":"","protected":false},"author":5,"featured_media":14363,"comment_status":"open","ping_status":"open","sticky":false,"template":"","format":"standard","meta":{"om_disable_all_campaigns":false,"_uf_show_specific_survey":0,"_uf_disable_surveys":false,"footnotes":""},"categories":[4],"tags":[],"class_list":["post-14362","post","type-post","status-publish","format-standard","has-post-thumbnail","hentry","category-musica"],"_links":{"self":[{"href":"https:\/\/entrenotasyacordes.com\/index.php?rest_route=\/wp\/v2\/posts\/14362","targetHints":{"allow":["GET"]}}],"collection":[{"href":"https:\/\/entrenotasyacordes.com\/index.php?rest_route=\/wp\/v2\/posts"}],"about":[{"href":"https:\/\/entrenotasyacordes.com\/index.php?rest_route=\/wp\/v2\/types\/post"}],"author":[{"embeddable":true,"href":"https:\/\/entrenotasyacordes.com\/index.php?rest_route=\/wp\/v2\/users\/5"}],"replies":[{"embeddable":true,"href":"https:\/\/entrenotasyacordes.com\/index.php?rest_route=%2Fwp%2Fv2%2Fcomments&post=14362"}],"version-history":[{"count":1,"href":"https:\/\/entrenotasyacordes.com\/index.php?rest_route=\/wp\/v2\/posts\/14362\/revisions"}],"predecessor-version":[{"id":14365,"href":"https:\/\/entrenotasyacordes.com\/index.php?rest_route=\/wp\/v2\/posts\/14362\/revisions\/14365"}],"wp:featuredmedia":[{"embeddable":true,"href":"https:\/\/entrenotasyacordes.com\/index.php?rest_route=\/wp\/v2\/media\/14363"}],"wp:attachment":[{"href":"https:\/\/entrenotasyacordes.com\/index.php?rest_route=%2Fwp%2Fv2%2Fmedia&parent=14362"}],"wp:term":[{"taxonomy":"category","embeddable":true,"href":"https:\/\/entrenotasyacordes.com\/index.php?rest_route=%2Fwp%2Fv2%2Fcategories&post=14362"},{"taxonomy":"post_tag","embeddable":true,"href":"https:\/\/entrenotasyacordes.com\/index.php?rest_route=%2Fwp%2Fv2%2Ftags&post=14362"}],"curies":[{"name":"wp","href":"https:\/\/api.w.org\/{rel}","templated":true}]}}