{"id":14368,"date":"2025-03-09T22:51:21","date_gmt":"2025-03-09T22:51:21","guid":{"rendered":"https:\/\/entrenotasyacordes.com\/?p=14368"},"modified":"2025-03-09T22:51:23","modified_gmt":"2025-03-09T22:51:23","slug":"plastilina-presenta-marca-de-nacimiento-en-niceto-club","status":"publish","type":"post","link":"https:\/\/entrenotasyacordes.com\/?p=14368","title":{"rendered":"Plastilina presenta \u201cMarca de Nacimiento\u201d en\u00a0Niceto Club"},"content":{"rendered":"\n<!--more-->\n\n\n\n<p class=\"has-text-align-left\">El pr\u00f3ximo 10 de abril, en el local de Palermo, el d\u00fao que se propone redefinir el\u00a0 pop alternativo argentino recorrer\u00e1 junto a su p\u00fablico\u00a0 los temas que forman parte de \u00e1lbum debut\u00a0<\/p>\n\n\n<div class=\"wp-block-image\">\n<figure class=\"aligncenter size-full\"><img loading=\"lazy\" decoding=\"async\" width=\"500\" height=\"500\" src=\"https:\/\/entrenotasyacordes.com\/wp-content\/uploads\/2025\/03\/18c.jpg\" alt=\"\" class=\"wp-image-14369\" srcset=\"https:\/\/entrenotasyacordes.com\/wp-content\/uploads\/2025\/03\/18c.jpg 500w, https:\/\/entrenotasyacordes.com\/wp-content\/uploads\/2025\/03\/18c-300x300.jpg 300w, https:\/\/entrenotasyacordes.com\/wp-content\/uploads\/2025\/03\/18c-150x150.jpg 150w, https:\/\/entrenotasyacordes.com\/wp-content\/uploads\/2025\/03\/18c-50x50.jpg 50w\" sizes=\"auto, (max-width: 500px) 100vw, 500px\" \/><\/figure>\n<\/div>\n\n\n<p>El jueves<strong>&nbsp;10 de abril<\/strong>,&nbsp;<strong>Plastilina&nbsp;<\/strong>presentar\u00e1 en vivo \u201c<strong>Marca de Nacimiento<\/strong>\u201d, su \u00e1lbum debut. Ser\u00e1 a las 20 horas en&nbsp;<strong>Niceto Club<\/strong>&nbsp;(Niceto Vega 5510). Esa noche, el d\u00fao indie pop alternativo recorrer\u00e1 junto al p\u00fablico por primera vez las ocho canciones que componen su primer trabajo discogr\u00e1fico. Las entradas se encuentran a la venta en&nbsp;<a href=\"https:\/\/delivery.hipermailer.com.ar\/do\/trkln.php?index=1024083402AZD&amp;id=ristywusepiypstwt&amp;url=aHR0cHM6Ly93d3cucGFzc2xpbmUuY29tL2V2ZW50b3MvcGxhc3RpbGluYS1wcmVzZW50YS1tYXJjYS1kZS1uYWNpbWllbnRvLWVuLW5pY2V0by1jbHVi\">Passline<\/a><\/p>\n\n\n\n<p>En \u201cMarca de Nacimiento\u201d el d\u00fao ofrece una muestra de su ADN, cargado de sonidos pop y de la est\u00e9tica on\u00edrica que los identifica, con una gran variedad de estilos: desde canciones que buscan fusionar g\u00e9neros como el Synth Pop, con beats de EDM, R&amp;B, a momentos ac\u00fasticos constru\u00eddos a base de guitarras, canciones sumamente c\u00e1lidas y otras completamente ruidosas y m\u00e1s sombr\u00edas. Las voces de ambos integrantes ocupan un lugar protag\u00f3nico con la complicidad que define el estilo del d\u00fao, con muchas capas de armon\u00edas y melod\u00edas que transmiten un amplio arco emocional y perform\u00e1tico.&nbsp;<\/p>\n\n\n\n<p>Este primer trabajo de Plastilina, es un \u00e1lbum conceptual de ocho canciones que habla sobre aquello con lo que los seres vienen al mundo y no pueden cambiar: la&nbsp; marca de nacimiento. A veces en la piel. A veces como marcas invisibles, huellas silenciosas que dejan un eco en la vida. Es una historia de amor que viaja por estados ca\u00f3ticos y \u00e1lgidos, y por otros sensibles e introspectivos. El t\u00edtulo es, adem\u00e1s, un juego de palabras ya que al ser el primer disco de estudio del d\u00fao, representa un comienzo importante en su recorrido art\u00edstico.&nbsp;<\/p>\n\n\n\n<p>Con una marcada impronta teatral, el material est\u00e1 acompa\u00f1ado por piezas audiovisuales con una est\u00e9tica de fantas\u00eda circense que muestra a distintos personajes en una especie de \u201cFreak Show\u201d que en distintas puestas escenogr\u00e1ficas dejan ver sus rarezas y singularidades.&nbsp;<\/p>\n\n\n\n<p><strong>SOBRE PLASTILINA<\/strong><br>Plastilina es el d\u00fao de pop alternativo de Paloma Sirv\u00e9n y Tom\u00e1s Wicz, j\u00f3venes artistas que se conocieron trabajando en obras de teatro y series. En 2020 iniciaron su carrera musical. Actualmente son considerados la renovaci\u00f3n del g\u00e9nero debido a sus letras ingeniosas y melod\u00edas atrapantes que representan a una generaci\u00f3n. En diciembre de 2024 lanzaron su \u00e1lbum debut MARCA DE NACIMIENTO, un disco conceptual de ocho canciones apasionantes con una impronta art\u00edstica que fusiona elementos fant\u00e1sticos con tendencias pop de la actualidad.<\/p>\n\n\n\n<p>Se presentaron en numerosos escenarios como el Centro Cultural Kirchner, Centro Cultural Recoleta y en los Festivales Cosqu\u00edn Rock, Harlem, Billboard, Ciudad Emergente, Buena Vibra, Tecn\u00f3polis y Lollapalooza en Argentina. Tambi\u00e9n fueron convocados para los openings show de artistas internacionales como Omar Apollo, El cuarteto de nos y Alex Anwandter.<\/p>\n","protected":false},"excerpt":{"rendered":"","protected":false},"author":5,"featured_media":14369,"comment_status":"open","ping_status":"open","sticky":false,"template":"","format":"standard","meta":{"om_disable_all_campaigns":false,"_uf_show_specific_survey":0,"_uf_disable_surveys":false,"footnotes":""},"categories":[36],"tags":[],"class_list":["post-14368","post","type-post","status-publish","format-standard","has-post-thumbnail","hentry","category-conciertos"],"_links":{"self":[{"href":"https:\/\/entrenotasyacordes.com\/index.php?rest_route=\/wp\/v2\/posts\/14368","targetHints":{"allow":["GET"]}}],"collection":[{"href":"https:\/\/entrenotasyacordes.com\/index.php?rest_route=\/wp\/v2\/posts"}],"about":[{"href":"https:\/\/entrenotasyacordes.com\/index.php?rest_route=\/wp\/v2\/types\/post"}],"author":[{"embeddable":true,"href":"https:\/\/entrenotasyacordes.com\/index.php?rest_route=\/wp\/v2\/users\/5"}],"replies":[{"embeddable":true,"href":"https:\/\/entrenotasyacordes.com\/index.php?rest_route=%2Fwp%2Fv2%2Fcomments&post=14368"}],"version-history":[{"count":1,"href":"https:\/\/entrenotasyacordes.com\/index.php?rest_route=\/wp\/v2\/posts\/14368\/revisions"}],"predecessor-version":[{"id":14370,"href":"https:\/\/entrenotasyacordes.com\/index.php?rest_route=\/wp\/v2\/posts\/14368\/revisions\/14370"}],"wp:featuredmedia":[{"embeddable":true,"href":"https:\/\/entrenotasyacordes.com\/index.php?rest_route=\/wp\/v2\/media\/14369"}],"wp:attachment":[{"href":"https:\/\/entrenotasyacordes.com\/index.php?rest_route=%2Fwp%2Fv2%2Fmedia&parent=14368"}],"wp:term":[{"taxonomy":"category","embeddable":true,"href":"https:\/\/entrenotasyacordes.com\/index.php?rest_route=%2Fwp%2Fv2%2Fcategories&post=14368"},{"taxonomy":"post_tag","embeddable":true,"href":"https:\/\/entrenotasyacordes.com\/index.php?rest_route=%2Fwp%2Fv2%2Ftags&post=14368"}],"curies":[{"name":"wp","href":"https:\/\/api.w.org\/{rel}","templated":true}]}}