{"id":14371,"date":"2025-03-09T22:58:25","date_gmt":"2025-03-09T22:58:25","guid":{"rendered":"https:\/\/entrenotasyacordes.com\/?p=14371"},"modified":"2025-03-09T22:58:27","modified_gmt":"2025-03-09T22:58:27","slug":"david-lebon-presenta-su-show-conexion-en-el-teatro-opera","status":"publish","type":"post","link":"https:\/\/entrenotasyacordes.com\/?p=14371","title":{"rendered":"DAVID LEB\u00d3N PRESENTA SU SHOW \u00abCONEXI\u00d3N\u00bb EN EL TEATRO \u00d3PERA"},"content":{"rendered":"\n<!--more-->\n\n\n<div class=\"wp-block-image\">\n<figure class=\"aligncenter size-full\"><img loading=\"lazy\" decoding=\"async\" width=\"471\" height=\"573\" src=\"https:\/\/entrenotasyacordes.com\/wp-content\/uploads\/2025\/03\/18cc.jpg\" alt=\"\" class=\"wp-image-14372\" srcset=\"https:\/\/entrenotasyacordes.com\/wp-content\/uploads\/2025\/03\/18cc.jpg 471w, https:\/\/entrenotasyacordes.com\/wp-content\/uploads\/2025\/03\/18cc-247x300.jpg 247w\" sizes=\"auto, (max-width: 471px) 100vw, 471px\" \/><\/figure>\n<\/div>\n\n\n<p class=\"has-text-align-left\">David Leb\u00f3n cambia de sede y fecha: El show se mudar\u00e1 al Teatro \u00d3pera el viernes 16 de mayo.<\/p>\n\n\n\n<p>La leyenda del rock argentino, David Leb\u00f3n, regresa a los escenarios porte\u00f1os con un show imperdible: \u00a8Conexi\u00f3n\u00a8pero esta vez en un nuevo escenario: el Teatro \u00d3pera. La fecha del concierto ser\u00e1 el 16 de mayo, en lugar del 29 de noviembre pasado en el Estadio Obras, como se hab\u00eda anunciado anteriormente.<\/p>\n\n\n\n<p>El reciente ganador del Premio Gardel a Mejor \u00c1lbum Artista de Rock por HERENCIA LEBON, se subir\u00e1 al escenario del Teatro Opera para ofrecer una noche de m\u00fasica y emociones que reunir\u00e1 a todas las generaciones. Ser\u00e1 una verdadera reuni\u00f3n multigeneracional, donde se esperan tanto a los seguidores de toda la vida como a una nueva generaci\u00f3n de admiradores que descubren su m\u00fasica.<\/p>\n\n\n\n<p>El Teatro Opera es un lugar emblem\u00e1tico y acogedor que permitir\u00e1 a David Leb\u00f3n ofrecer un show m\u00e1s \u00edntimo y especial.<\/p>\n\n\n\n<p><em>Las entradas para el concierto del 16 de mayo en el Teatro Opera ya est\u00e1n disponibles. Los que ya hab\u00edan comprado tickets para el show original en el Estadio Obras podr\u00e1n solicitar la devoluci\u00f3n del dinero por el mismo m\u00e9todo que realizaron la compra.<\/em><\/p>\n\n\n\n<p class=\"has-text-align-left\"><strong>La espera ha terminado: David Leb\u00f3n regresa a los escenarios porte\u00f1os el 16 de mayo.<\/strong><br><strong>&nbsp;\u00a1Ser\u00e1 una noche inolvidable!<\/strong><\/p>\n","protected":false},"excerpt":{"rendered":"","protected":false},"author":5,"featured_media":14372,"comment_status":"open","ping_status":"open","sticky":false,"template":"","format":"standard","meta":{"om_disable_all_campaigns":false,"_uf_show_specific_survey":0,"_uf_disable_surveys":false,"footnotes":""},"categories":[36],"tags":[],"class_list":["post-14371","post","type-post","status-publish","format-standard","has-post-thumbnail","hentry","category-conciertos"],"_links":{"self":[{"href":"https:\/\/entrenotasyacordes.com\/index.php?rest_route=\/wp\/v2\/posts\/14371","targetHints":{"allow":["GET"]}}],"collection":[{"href":"https:\/\/entrenotasyacordes.com\/index.php?rest_route=\/wp\/v2\/posts"}],"about":[{"href":"https:\/\/entrenotasyacordes.com\/index.php?rest_route=\/wp\/v2\/types\/post"}],"author":[{"embeddable":true,"href":"https:\/\/entrenotasyacordes.com\/index.php?rest_route=\/wp\/v2\/users\/5"}],"replies":[{"embeddable":true,"href":"https:\/\/entrenotasyacordes.com\/index.php?rest_route=%2Fwp%2Fv2%2Fcomments&post=14371"}],"version-history":[{"count":1,"href":"https:\/\/entrenotasyacordes.com\/index.php?rest_route=\/wp\/v2\/posts\/14371\/revisions"}],"predecessor-version":[{"id":14373,"href":"https:\/\/entrenotasyacordes.com\/index.php?rest_route=\/wp\/v2\/posts\/14371\/revisions\/14373"}],"wp:featuredmedia":[{"embeddable":true,"href":"https:\/\/entrenotasyacordes.com\/index.php?rest_route=\/wp\/v2\/media\/14372"}],"wp:attachment":[{"href":"https:\/\/entrenotasyacordes.com\/index.php?rest_route=%2Fwp%2Fv2%2Fmedia&parent=14371"}],"wp:term":[{"taxonomy":"category","embeddable":true,"href":"https:\/\/entrenotasyacordes.com\/index.php?rest_route=%2Fwp%2Fv2%2Fcategories&post=14371"},{"taxonomy":"post_tag","embeddable":true,"href":"https:\/\/entrenotasyacordes.com\/index.php?rest_route=%2Fwp%2Fv2%2Ftags&post=14371"}],"curies":[{"name":"wp","href":"https:\/\/api.w.org\/{rel}","templated":true}]}}