{"id":14374,"date":"2025-03-09T23:09:24","date_gmt":"2025-03-09T23:09:24","guid":{"rendered":"https:\/\/entrenotasyacordes.com\/?p=14374"},"modified":"2025-03-09T23:09:25","modified_gmt":"2025-03-09T23:09:25","slug":"buenos-vampiros-y-mujer-cebra-llegan-el-14-de-marzo-al-cc-konex-el-patio","status":"publish","type":"post","link":"https:\/\/entrenotasyacordes.com\/?p=14374","title":{"rendered":"BUENOS VAMPIROS y MUJER CEBRA llegan el 14 de MARZO al CC. KONEX (El Patio)"},"content":{"rendered":"\n<!--more-->\n\n\n\n<p class=\"has-text-align-center\"><strong><em>Las dos bandas m\u00e1s importantes de la escena local, se presentan juntas en un show \u00fanico que combina lo mejor de la nueva escena de rock alternativo<\/em><\/strong><\/p>\n\n\n\n<p class=\"has-text-align-center\"><strong>VIERNES 14 DE MARZO &#8211; CC KONEX (El Patio)<\/strong><br><strong><a href=\"https:\/\/delivery.hipermailer.com.ar\/do\/trkln.php?index=1024083402AZD&amp;id=wotuseqoosepiuwsree&amp;url=aHR0cHM6Ly9lbnRyYWRhcy5jY2tvbmV4Lm9yZy9ldmVudC9tdWplci1jZWJyYS1idWVub3MtdmFtcGlyb3M%3D\">Entradas a la venta en la web del CC Konex<\/a><\/strong><\/p>\n\n\n<div class=\"wp-block-image\">\n<figure class=\"aligncenter size-full\"><img loading=\"lazy\" decoding=\"async\" width=\"900\" height=\"900\" src=\"https:\/\/entrenotasyacordes.com\/wp-content\/uploads\/2025\/03\/18ccc.jpg\" alt=\"\" class=\"wp-image-14375\" srcset=\"https:\/\/entrenotasyacordes.com\/wp-content\/uploads\/2025\/03\/18ccc.jpg 900w, https:\/\/entrenotasyacordes.com\/wp-content\/uploads\/2025\/03\/18ccc-300x300.jpg 300w, https:\/\/entrenotasyacordes.com\/wp-content\/uploads\/2025\/03\/18ccc-150x150.jpg 150w, https:\/\/entrenotasyacordes.com\/wp-content\/uploads\/2025\/03\/18ccc-768x768.jpg 768w, https:\/\/entrenotasyacordes.com\/wp-content\/uploads\/2025\/03\/18ccc-50x50.jpg 50w\" sizes=\"auto, (max-width: 900px) 100vw, 900px\" \/><\/figure>\n<\/div>\n\n\n<p>El pr\u00f3ximo 14 de marzo, dos de las bandas m\u00e1s relevantes de la nueva escena de m\u00fasica alternativa de Argentina se presentan en el patio del Centro Cultural Konex.&nbsp;<strong>Buenos Vampiros<\/strong>&nbsp;y&nbsp;<strong>Mujer Cebra<\/strong>&nbsp;unir\u00e1n fuerzas para brindar una noche \u00fanica cargada de energ\u00eda y sonidos innovadores.<\/p>\n\n\n\n<p><strong>Buenos Vampiros<\/strong>, banda reconocida por su sonido experimental y su visi\u00f3n fresca de la m\u00fasica alternativa, contin\u00faa presentando su tercer \u00e1lbum, editado por&nbsp;<strong>Casa del Puente Discos<\/strong>. Este show en el Konex ser\u00e1 uno de los \u00faltimos antes de su esperada gira por Europa, que los llevar\u00e1 a recorrer m\u00e1s de 15 ciudades del viejo continente. La banda est\u00e1 lista para compartir su propuesta sonora con su p\u00fablico local antes de dar este gran paso internacional.<\/p>\n\n\n\n<p>Por su parte,&nbsp;<strong>Mujer Cebra<\/strong>, una de las formaciones m\u00e1s emocionantes de la escena, arranca una nueva etapa en su carrera. Este a\u00f1o se encuentran trabajando en su esperado tercer LP, mientras se preparan para su presentaci\u00f3n en el renombrado festival&nbsp;<strong>Quilmes Rock<\/strong>. Su estilo \u00fanico y ecl\u00e9ctico, combinado con su intensa propuesta en vivo, promete una experiencia inolvidable para los asistentes.<\/p>\n\n\n\n<div class=\"wp-block-columns is-layout-flex wp-container-core-columns-is-layout-28f84493 wp-block-columns-is-layout-flex\">\n<div class=\"wp-block-column is-layout-flow wp-block-column-is-layout-flow\"><div class=\"wp-block-image\">\n<figure class=\"aligncenter size-full\"><img loading=\"lazy\" decoding=\"async\" width=\"909\" height=\"682\" src=\"https:\/\/entrenotasyacordes.com\/wp-content\/uploads\/2025\/03\/18cccc-edited.jpg\" alt=\"\" class=\"wp-image-14379\" srcset=\"https:\/\/entrenotasyacordes.com\/wp-content\/uploads\/2025\/03\/18cccc-edited.jpg 909w, https:\/\/entrenotasyacordes.com\/wp-content\/uploads\/2025\/03\/18cccc-edited-300x225.jpg 300w, https:\/\/entrenotasyacordes.com\/wp-content\/uploads\/2025\/03\/18cccc-edited-768x576.jpg 768w\" sizes=\"auto, (max-width: 909px) 100vw, 909px\" \/><\/figure>\n<\/div><\/div>\n\n\n\n<div class=\"wp-block-column is-layout-flow wp-block-column-is-layout-flow\"><div class=\"wp-block-image\">\n<figure class=\"aligncenter size-large\"><img loading=\"lazy\" decoding=\"async\" width=\"1650\" height=\"1238\" src=\"https:\/\/entrenotasyacordes.com\/wp-content\/uploads\/2025\/03\/18ccccc-edited.jpg\" alt=\"\" class=\"wp-image-14378\" srcset=\"https:\/\/entrenotasyacordes.com\/wp-content\/uploads\/2025\/03\/18ccccc-edited.jpg 1650w, https:\/\/entrenotasyacordes.com\/wp-content\/uploads\/2025\/03\/18ccccc-edited-300x225.jpg 300w, https:\/\/entrenotasyacordes.com\/wp-content\/uploads\/2025\/03\/18ccccc-edited-1024x768.jpg 1024w, https:\/\/entrenotasyacordes.com\/wp-content\/uploads\/2025\/03\/18ccccc-edited-768x576.jpg 768w, https:\/\/entrenotasyacordes.com\/wp-content\/uploads\/2025\/03\/18ccccc-edited-1536x1152.jpg 1536w\" sizes=\"auto, (max-width: 1650px) 100vw, 1650px\" \/><\/figure>\n<\/div><\/div>\n<\/div>\n\n\n\n<p><strong>El\u00a0<strong>Patio del CC Konex<\/strong>\u00a0ser\u00e1 el escenario ideal para esta noche cargada de innovaci\u00f3n, emoci\u00f3n y m\u00fasica en vivo. Las entradas ya est\u00e1n a la venta<\/strong>!<\/p>\n","protected":false},"excerpt":{"rendered":"","protected":false},"author":5,"featured_media":14375,"comment_status":"open","ping_status":"open","sticky":false,"template":"","format":"standard","meta":{"om_disable_all_campaigns":false,"_uf_show_specific_survey":0,"_uf_disable_surveys":false,"footnotes":""},"categories":[36],"tags":[],"class_list":["post-14374","post","type-post","status-publish","format-standard","has-post-thumbnail","hentry","category-conciertos"],"_links":{"self":[{"href":"https:\/\/entrenotasyacordes.com\/index.php?rest_route=\/wp\/v2\/posts\/14374","targetHints":{"allow":["GET"]}}],"collection":[{"href":"https:\/\/entrenotasyacordes.com\/index.php?rest_route=\/wp\/v2\/posts"}],"about":[{"href":"https:\/\/entrenotasyacordes.com\/index.php?rest_route=\/wp\/v2\/types\/post"}],"author":[{"embeddable":true,"href":"https:\/\/entrenotasyacordes.com\/index.php?rest_route=\/wp\/v2\/users\/5"}],"replies":[{"embeddable":true,"href":"https:\/\/entrenotasyacordes.com\/index.php?rest_route=%2Fwp%2Fv2%2Fcomments&post=14374"}],"version-history":[{"count":1,"href":"https:\/\/entrenotasyacordes.com\/index.php?rest_route=\/wp\/v2\/posts\/14374\/revisions"}],"predecessor-version":[{"id":14380,"href":"https:\/\/entrenotasyacordes.com\/index.php?rest_route=\/wp\/v2\/posts\/14374\/revisions\/14380"}],"wp:featuredmedia":[{"embeddable":true,"href":"https:\/\/entrenotasyacordes.com\/index.php?rest_route=\/wp\/v2\/media\/14375"}],"wp:attachment":[{"href":"https:\/\/entrenotasyacordes.com\/index.php?rest_route=%2Fwp%2Fv2%2Fmedia&parent=14374"}],"wp:term":[{"taxonomy":"category","embeddable":true,"href":"https:\/\/entrenotasyacordes.com\/index.php?rest_route=%2Fwp%2Fv2%2Fcategories&post=14374"},{"taxonomy":"post_tag","embeddable":true,"href":"https:\/\/entrenotasyacordes.com\/index.php?rest_route=%2Fwp%2Fv2%2Ftags&post=14374"}],"curies":[{"name":"wp","href":"https:\/\/api.w.org\/{rel}","templated":true}]}}