{"id":14381,"date":"2025-03-09T23:16:41","date_gmt":"2025-03-09T23:16:41","guid":{"rendered":"https:\/\/entrenotasyacordes.com\/?p=14381"},"modified":"2025-03-09T23:16:43","modified_gmt":"2025-03-09T23:16:43","slug":"jennie-presenta-su-primer-album-solista-ruby","status":"publish","type":"post","link":"https:\/\/entrenotasyacordes.com\/?p=14381","title":{"rendered":"JENNIE presenta su primer \u00e1lbum solista \u00abRUBY\u00bb"},"content":{"rendered":"\n<!--more-->\n\n\n<div class=\"wp-block-image\">\n<figure class=\"aligncenter size-full\"><img loading=\"lazy\" decoding=\"async\" width=\"657\" height=\"657\" src=\"https:\/\/entrenotasyacordes.com\/wp-content\/uploads\/2025\/03\/18cccccc.jpg\" alt=\"\" class=\"wp-image-14382\" srcset=\"https:\/\/entrenotasyacordes.com\/wp-content\/uploads\/2025\/03\/18cccccc.jpg 657w, https:\/\/entrenotasyacordes.com\/wp-content\/uploads\/2025\/03\/18cccccc-300x300.jpg 300w, https:\/\/entrenotasyacordes.com\/wp-content\/uploads\/2025\/03\/18cccccc-150x150.jpg 150w, https:\/\/entrenotasyacordes.com\/wp-content\/uploads\/2025\/03\/18cccccc-50x50.jpg 50w\" sizes=\"auto, (max-width: 657px) 100vw, 657px\" \/><\/figure>\n<\/div>\n\n\n<p>La superestrella mundial\u00a0<strong>JENNIE\u00a0<\/strong>ha lanzado su muy esperado primer \u00e1lbum de estudio<em>,\u00a0<strong>Ruby<\/strong><\/em>. <br><br>Co-producido por\u00a0<strong>JENNIE,<\/strong>\u00a0<strong><em>Ruby<\/em><\/strong> presenta su \u00faltimo single \u00ab<strong>like JENNIE\u00bb<\/strong>, as\u00ed como las canciones anteriormente lanzadas \u00ab<strong>ExtraL<\/strong>\u00bb ft.\u00a0<strong>Doechii,\u00a0<\/strong>\u00ab<strong>Mantra<\/strong>\u00ab,\u00a0<strong>\u00abZEN<\/strong>\u00bb y \u00ab<strong>Love Hangover\u00bb<\/strong>\u00a0ft.\u00a0<strong>Dominic Fike<\/strong>. La experiencia sonora artesanal de 15 canciones tambi\u00e9n cuenta con colaboraciones con\u00a0<strong>Childish Gambino, Dua Lipa, FKJ<\/strong>\u00a0y<strong>\u00a0Kali Uchis.<\/strong>\u00a0El \u00e1lbum explora una variedad de g\u00e9neros y muestra a\u00a0<strong>JENNIE<\/strong>\u00a0realmente entrando en su propio camino como una fuerza global.<br>\u00a0<br>Jennie comparti\u00f3:\u00a0<em>\u00abEste \u00e1lbum tiene un gran significado, ya que cuenta mi historia como solista a trav\u00e9s de mi propia voz y visi\u00f3n. Inspirado en la obra de Shakespeare, &#8216;Como gust\u00e9is&#8217;, captura los temas del nacimiento, el amor, la fe y el cenit. La apertura de las cortinas del teatro simboliza el comienzo de un nuevo cap\u00edtulo en mi carrera musical. Trabajar en este \u00e1lbum fue un proceso precioso de crecimiento como artista y de encontrar mi verdadera voz\u00bb.<\/em><br><br><strong>JENNIE<\/strong>\u00a0tambi\u00e9n lanz\u00f3 un video oficial de \u00ab<strong>like JENNIE<\/strong>\u00ab, con una coreograf\u00eda electrizante que coincide con la energ\u00eda de la canci\u00f3n. \u00ab<strong>like JENNIE<\/strong>\u00bb se estren\u00f3 mundialmente en MTV Live, MTVU, MTV Biggest Pop y en la red global de canales de MTV, as\u00ed como en las carteleras de Paramount Times Square.<\/p>\n\n\n\n<figure class=\"wp-block-embed is-type-video is-provider-youtube wp-block-embed-youtube wp-embed-aspect-16-9 wp-has-aspect-ratio\"><div class=\"wp-block-embed__wrapper\">\n<div class=\"epyt-video-wrapper\"><iframe loading=\"lazy\"  id=\"_ytid_97550\"  width=\"640\" height=\"360\"  data-origwidth=\"640\" data-origheight=\"360\" src=\"https:\/\/www.youtube.com\/embed\/JSFG-IE8n_c?enablejsapi=1&#038;autoplay=0&#038;cc_load_policy=0&#038;cc_lang_pref=&#038;iv_load_policy=1&#038;loop=0&#038;rel=1&#038;fs=1&#038;playsinline=0&#038;autohide=2&#038;theme=dark&#038;color=white&#038;controls=1&#038;\" class=\"__youtube_prefs__  epyt-is-override  no-lazyload\" data-vol=\"50\"  title=\"YouTube player\"  allow=\"fullscreen; accelerometer; autoplay; clipboard-write; encrypted-media; gyroscope; picture-in-picture; web-share\" referrerpolicy=\"strict-origin-when-cross-origin\" allowfullscreen data-no-lazy=\"1\" data-skipgform_ajax_framebjll=\"\"><\/iframe><\/div>\n<\/div><\/figure>\n\n\n\n<p><strong><em>Ruby\u00a0<\/em><\/strong>se ofrecer\u00e1 digitalmente, as\u00ed como en varias configuraciones f\u00edsicas, incluidos 2 \u00e1lbumes de fotos, un digipack de CD. Todos los productos f\u00edsicos incluyen una versi\u00f3n especial del \u00e1lbum en\u00a0<strong>JENNIE Only Audio<\/strong>. La versi\u00f3n de JENNIE Only Audio contiene todas las voces interpretadas por JENNIE y no incluye a ning\u00fan artista invitado.<br><br>Para celebrar el lanzamiento de\u00a0<strong><em>Ruby,\u00a0<\/em>JENNIE\u00a0<\/strong>est\u00e1 realizando algunos shows \u00edntimos.\u00a0<strong><em>The Ruby Experience<\/em><\/strong> comenz\u00f3 anoche con 1 de 2 espect\u00e1culos en el Peacock Theater de Los \u00c1ngeles antes de llegar al ic\u00f3nico Radio City Music Hall en la ciudad de Nueva York el 10 de marzo y al Inspire Arena de Se\u00fal el 15 de marzo. JENNIE tambi\u00e9n har\u00e1 su debut en solitario en Coachella, donde tendr\u00e1 sets destacados el domingo de ambos fines de semana.<\/p>\n\n\n\n<p>A finales de este mes, JENNIE ser\u00e1 honrada en el evento\u00a0<em>Women In Music de Billboard\u00a0<\/em>como la homenajeada de Global Force 2025 que tendr\u00e1 lugar el s\u00e1bado 29 de marzo en el YouTube Theater en Hollywood Park en Inglewood.<br><br><strong><em>Ruby\u00a0<\/em>Tracklist<\/strong><\/p>\n\n\n\n<ol class=\"wp-block-list\">\n<li>Intro: Jane with FKJ<\/li>\n\n\n\n<li>like JENNIE<\/li>\n\n\n\n<li>start a war<\/li>\n\n\n\n<li>Handlebars (ft. Dua Lipa)<\/li>\n\n\n\n<li>with the IE (way up)<\/li>\n\n\n\n<li>ExtraL (ft. Doechii)<\/li>\n\n\n\n<li>Mantra<\/li>\n\n\n\n<li>Love Hangover (ft. Dominic Fike)<\/li>\n\n\n\n<li>ZEN<\/li>\n\n\n\n<li>Damn Right (ft. Childish Gambino and Kali Uchis)<\/li>\n\n\n\n<li>F.T.S.<\/li>\n\n\n\n<li>Filter<\/li>\n\n\n\n<li>Seoul City<\/li>\n\n\n\n<li>Starlight<\/li>\n\n\n\n<li>twin<\/li>\n<\/ol>\n","protected":false},"excerpt":{"rendered":"","protected":false},"author":5,"featured_media":14382,"comment_status":"open","ping_status":"open","sticky":false,"template":"","format":"standard","meta":{"om_disable_all_campaigns":false,"_uf_show_specific_survey":0,"_uf_disable_surveys":false,"footnotes":""},"categories":[4],"tags":[],"class_list":["post-14381","post","type-post","status-publish","format-standard","has-post-thumbnail","hentry","category-musica"],"_links":{"self":[{"href":"https:\/\/entrenotasyacordes.com\/index.php?rest_route=\/wp\/v2\/posts\/14381","targetHints":{"allow":["GET"]}}],"collection":[{"href":"https:\/\/entrenotasyacordes.com\/index.php?rest_route=\/wp\/v2\/posts"}],"about":[{"href":"https:\/\/entrenotasyacordes.com\/index.php?rest_route=\/wp\/v2\/types\/post"}],"author":[{"embeddable":true,"href":"https:\/\/entrenotasyacordes.com\/index.php?rest_route=\/wp\/v2\/users\/5"}],"replies":[{"embeddable":true,"href":"https:\/\/entrenotasyacordes.com\/index.php?rest_route=%2Fwp%2Fv2%2Fcomments&post=14381"}],"version-history":[{"count":1,"href":"https:\/\/entrenotasyacordes.com\/index.php?rest_route=\/wp\/v2\/posts\/14381\/revisions"}],"predecessor-version":[{"id":14383,"href":"https:\/\/entrenotasyacordes.com\/index.php?rest_route=\/wp\/v2\/posts\/14381\/revisions\/14383"}],"wp:featuredmedia":[{"embeddable":true,"href":"https:\/\/entrenotasyacordes.com\/index.php?rest_route=\/wp\/v2\/media\/14382"}],"wp:attachment":[{"href":"https:\/\/entrenotasyacordes.com\/index.php?rest_route=%2Fwp%2Fv2%2Fmedia&parent=14381"}],"wp:term":[{"taxonomy":"category","embeddable":true,"href":"https:\/\/entrenotasyacordes.com\/index.php?rest_route=%2Fwp%2Fv2%2Fcategories&post=14381"},{"taxonomy":"post_tag","embeddable":true,"href":"https:\/\/entrenotasyacordes.com\/index.php?rest_route=%2Fwp%2Fv2%2Ftags&post=14381"}],"curies":[{"name":"wp","href":"https:\/\/api.w.org\/{rel}","templated":true}]}}