{"id":14447,"date":"2025-03-16T16:29:06","date_gmt":"2025-03-16T16:29:06","guid":{"rendered":"https:\/\/entrenotasyacordes.com\/?p=14447"},"modified":"2025-03-16T16:29:07","modified_gmt":"2025-03-16T16:29:07","slug":"wilco-vuelve-a-argentina-despues-de-casi-una-decada-30-de-mayo-complejo-art-media","status":"publish","type":"post","link":"https:\/\/entrenotasyacordes.com\/?p=14447","title":{"rendered":"WILCO vuelve a ARGENTINA despu\u00e9s de casi una d\u00e9cada &#8211; 30 DE MAYO @ COMPLEJO ART MEDIA"},"content":{"rendered":"\n<!--more-->\n\n\n<div class=\"wp-block-image\">\n<figure class=\"aligncenter size-full\"><img loading=\"lazy\" decoding=\"async\" width=\"801\" height=\"801\" src=\"https:\/\/entrenotasyacordes.com\/wp-content\/uploads\/2025\/03\/18h.png\" alt=\"\" class=\"wp-image-14448\" srcset=\"https:\/\/entrenotasyacordes.com\/wp-content\/uploads\/2025\/03\/18h.png 801w, https:\/\/entrenotasyacordes.com\/wp-content\/uploads\/2025\/03\/18h-300x300.png 300w, https:\/\/entrenotasyacordes.com\/wp-content\/uploads\/2025\/03\/18h-150x150.png 150w, https:\/\/entrenotasyacordes.com\/wp-content\/uploads\/2025\/03\/18h-768x768.png 768w, https:\/\/entrenotasyacordes.com\/wp-content\/uploads\/2025\/03\/18h-50x50.png 50w\" sizes=\"auto, (max-width: 801px) 100vw, 801px\" \/><\/figure>\n<\/div>\n\n\n<p class=\"has-text-align-left\"><strong><em>Confirmado: el pr\u00f3ximo 30 de mayo Wilco vuelve a Buenos Aires para saldar una deuda con su p\u00fablico.<\/em><\/strong><\/p>\n\n\n\n<p class=\"has-text-align-left\">La ic\u00f3nica banda de Chicago, referente indiscutido del rock independiente, se presentar\u00e1 el\u00a0<strong>30 de mayo de 2025 en el Complejo Art Media<\/strong>, marcando su regreso tras su \u00faltima visita en 2016. Este esperado show ser\u00e1 una oportunidad \u00fanica para disfrutar de su inconfundible sello.<\/p>\n\n\n\n<p>Con m\u00e1s de 30 a\u00f1os de trayectoria, m\u00faltiples premios Grammy y una capacidad inigualable para reinventarse, Wilco ha dejado una marca imborrable en la m\u00fasica.<\/p>\n\n\n\n<p>Desde su legendario \u00abYankee Hotel Foxtrot\u00bb hasta sus m\u00e1s recientes lanzamientos, la banda liderada por Jeff Tweedy ha sabido mezclar folk, rock experimental y una sensibilidad l\u00edrica profunda que ha conquistado al mundo.<\/p>\n\n\n<div class=\"wp-block-image\">\n<figure class=\"aligncenter size-full\"><img loading=\"lazy\" decoding=\"async\" width=\"1024\" height=\"682\" src=\"https:\/\/entrenotasyacordes.com\/wp-content\/uploads\/2025\/03\/18hh.jpg\" alt=\"\" class=\"wp-image-14449\" srcset=\"https:\/\/entrenotasyacordes.com\/wp-content\/uploads\/2025\/03\/18hh.jpg 1024w, https:\/\/entrenotasyacordes.com\/wp-content\/uploads\/2025\/03\/18hh-300x200.jpg 300w, https:\/\/entrenotasyacordes.com\/wp-content\/uploads\/2025\/03\/18hh-768x512.jpg 768w\" sizes=\"auto, (max-width: 1024px) 100vw, 1024px\" \/><\/figure>\n<\/div>\n\n\n<p><strong><u>ACERCA DE WILCO<\/u><\/strong><br><br>Hablar de Wilco es hablar de rock americano en estado puro. En treinta a\u00f1os, la banda de Chicago ha conseguido avivar las brasas del&nbsp;<em>alt-country<\/em>, grabar discos m\u00e1s cercanos al pop como \u00abSummerteeh\u00bb, imaginar c\u00f3mo sonar\u00eda un mix entre The Beatles y Sonic Youth, e incluso de sintetizarlo todo en un pu\u00f1ado de letras, como \u00abYankee Hotel Foxtrot\u00bb.<\/p>\n\n\n\n<p>Compuesto por Jeff Tweddy, John Stirratt, Glenn Kotche, Pat Sansone, Nels Cline y Mikael Jorgensen, Wilco se maneja con id\u00e9ntica soltura por el pasado y el futuro, desliz\u00e1ndose con facilidad y gracia, sin perder la compostura.<strong>&nbsp;Camale\u00f3nicos e inquietos, abrazan los cl\u00e1sicos mientras se postulan como abanderados del art-rock.<\/strong><\/p>\n\n\n\n<p>No es extra\u00f1o, entonces, que la segunda gira latinoamericana del conjunto celebre sus m\u00e1s recientes \u00e1lbumes \u201cCousin\u201d (2023) y EP \u201cHot Sun Cool Shroud\u201d, el relanzamiento de \u201cThe Whole Love\u201d (2024) y la reedici\u00f3n de su quinto disco de estudio \u201cA Ghost is Born\u201d (2025), adem\u00e1s de su extensa carrera.<\/p>\n\n\n\n<p>A casi diez a\u00f1os de su primer show en Argentina y tras el extenso relanzamiento de su \u00faltimo trabajo \u2014una versi\u00f3n expandida de nueve vinilos\/CDs con material in\u00e9dito, demos y un show en vivo, y una edici\u00f3n&nbsp;<em>deluxe&nbsp;<\/em>con 65&nbsp;<em>outtakes<\/em>, adem\u00e1s de un libro con fotograf\u00edas in\u00e9ditas escrito por Bob Mehr\u2014, los norteamericanos redoblan la apuesta y tientan a quienes, tras el festival BUE de 2016, han contado los d\u00edas para volver a verles. Y es que Wilco ofrece una experiencia sonora inmersiva, con interpretaciones cargadas de energ\u00eda y emotividad. Fuerza, vigencia y experimentaci\u00f3n al desnudo: la aclamaci\u00f3n de la cr\u00edtica lo evidencia, pero tambi\u00e9n los engrandece.&nbsp;<strong>En palabras de NPR, \u00ab&#8230;ver a Wilco en el escenario es escuchar lo mejor de lo mejor\u00bb.<\/strong><\/p>\n\n\n\n<p>Se dice que veinte a\u00f1os no es nada; a Wilco le bast\u00f3 con la mitad de ellos para cambiar su historia. Y es que en cuesti\u00f3n de a\u00f1os su propagaci\u00f3n lev\u00f3 hasta conquistarlo todo: de un line-up coral con grandes colegas y artistas de renombre a una presentaci\u00f3n propia en el pa\u00eds m\u00e1s sure\u00f1o del mundo, con fan\u00e1ticos agolpados en cada lugar donde suenen sus acordes y una fascinaci\u00f3n masiva recubierta con un velo de misterio irresistible.<\/p>\n","protected":false},"excerpt":{"rendered":"","protected":false},"author":5,"featured_media":14448,"comment_status":"open","ping_status":"open","sticky":false,"template":"","format":"standard","meta":{"om_disable_all_campaigns":false,"_uf_show_specific_survey":0,"_uf_disable_surveys":false,"footnotes":""},"categories":[36],"tags":[],"class_list":["post-14447","post","type-post","status-publish","format-standard","has-post-thumbnail","hentry","category-conciertos"],"_links":{"self":[{"href":"https:\/\/entrenotasyacordes.com\/index.php?rest_route=\/wp\/v2\/posts\/14447","targetHints":{"allow":["GET"]}}],"collection":[{"href":"https:\/\/entrenotasyacordes.com\/index.php?rest_route=\/wp\/v2\/posts"}],"about":[{"href":"https:\/\/entrenotasyacordes.com\/index.php?rest_route=\/wp\/v2\/types\/post"}],"author":[{"embeddable":true,"href":"https:\/\/entrenotasyacordes.com\/index.php?rest_route=\/wp\/v2\/users\/5"}],"replies":[{"embeddable":true,"href":"https:\/\/entrenotasyacordes.com\/index.php?rest_route=%2Fwp%2Fv2%2Fcomments&post=14447"}],"version-history":[{"count":1,"href":"https:\/\/entrenotasyacordes.com\/index.php?rest_route=\/wp\/v2\/posts\/14447\/revisions"}],"predecessor-version":[{"id":14450,"href":"https:\/\/entrenotasyacordes.com\/index.php?rest_route=\/wp\/v2\/posts\/14447\/revisions\/14450"}],"wp:featuredmedia":[{"embeddable":true,"href":"https:\/\/entrenotasyacordes.com\/index.php?rest_route=\/wp\/v2\/media\/14448"}],"wp:attachment":[{"href":"https:\/\/entrenotasyacordes.com\/index.php?rest_route=%2Fwp%2Fv2%2Fmedia&parent=14447"}],"wp:term":[{"taxonomy":"category","embeddable":true,"href":"https:\/\/entrenotasyacordes.com\/index.php?rest_route=%2Fwp%2Fv2%2Fcategories&post=14447"},{"taxonomy":"post_tag","embeddable":true,"href":"https:\/\/entrenotasyacordes.com\/index.php?rest_route=%2Fwp%2Fv2%2Ftags&post=14447"}],"curies":[{"name":"wp","href":"https:\/\/api.w.org\/{rel}","templated":true}]}}