{"id":14451,"date":"2025-03-16T17:22:32","date_gmt":"2025-03-16T17:22:32","guid":{"rendered":"https:\/\/entrenotasyacordes.com\/?p=14451"},"modified":"2025-03-16T17:22:33","modified_gmt":"2025-03-16T17:22:33","slug":"seven-kayne-llega-con-%c2%a8transmu7acion%c2%a8-a-la-plata","status":"publish","type":"post","link":"https:\/\/entrenotasyacordes.com\/?p=14451","title":{"rendered":"SEVEN KAYNE LLEGA CON \u00a8TRANSMU7ACION\u00a8 A LA PLATA"},"content":{"rendered":"\n<!--more-->\n\n\n<div class=\"wp-block-image\">\n<figure class=\"aligncenter size-full\"><img loading=\"lazy\" decoding=\"async\" width=\"1080\" height=\"1080\" src=\"https:\/\/entrenotasyacordes.com\/wp-content\/uploads\/2025\/03\/18hhh.png\" alt=\"\" class=\"wp-image-14452\" srcset=\"https:\/\/entrenotasyacordes.com\/wp-content\/uploads\/2025\/03\/18hhh.png 1080w, https:\/\/entrenotasyacordes.com\/wp-content\/uploads\/2025\/03\/18hhh-300x300.png 300w, https:\/\/entrenotasyacordes.com\/wp-content\/uploads\/2025\/03\/18hhh-1024x1024.png 1024w, https:\/\/entrenotasyacordes.com\/wp-content\/uploads\/2025\/03\/18hhh-150x150.png 150w, https:\/\/entrenotasyacordes.com\/wp-content\/uploads\/2025\/03\/18hhh-768x768.png 768w, https:\/\/entrenotasyacordes.com\/wp-content\/uploads\/2025\/03\/18hhh-50x50.png 50w\" sizes=\"auto, (max-width: 1080px) 100vw, 1080px\" \/><\/figure>\n<\/div>\n\n\n<p class=\"has-text-align-left\">En el marco de su primer<strong>&nbsp;tour global<\/strong>&nbsp;titulado<strong>&nbsp;\u00a8Transmu7acion\u00a8, Seven Kayne<\/strong>&nbsp;llega al&nbsp;<strong>Teatro \u00d3pera La Plata<\/strong>&nbsp;el pr\u00f3ximo<strong>&nbsp;jueves 15 de mayo<\/strong>&nbsp;&#8211; 20hs.<\/p>\n\n\n\n<p>Seven Kayne entra en una nueva era. Luego de consolidarse en la escena urbana con un sonido introspectivo y experimental, ahora lleva su m\u00fasica a otro nivel, explorando un universo m\u00e1s oscuro y ambicioso. Su nueva etapa fusiona reggaet\u00f3n,&nbsp;trap y m\u00fasica electr\u00f3nica, creando una atm\u00f3sfera intensa que atraviesa cada beat.<\/p>\n\n\n\n<p>&nbsp;Las entradas estan&nbsp; a la venta&nbsp; por sistema&nbsp;<a href=\"https:\/\/livepass.com.ar\/events\/seven-kayne-en-el-teatro-opera-lp?utm_source=perfit&amp;utm_medium=email\" rel=\"noreferrer noopener\" target=\"_blank\">Livepass<\/a>&nbsp;y boleter\u00eda del teatro.<\/p>\n\n\n\n<p class=\"has-text-align-left\">Comprando tus entradas con tarjetas Visa y MasterCard del Banco Provincia tenes 4 cuotas sin inter\u00e9s.<\/p>\n\n\n<div class=\"wp-block-image\">\n<figure class=\"aligncenter size-full\"><img loading=\"lazy\" decoding=\"async\" width=\"2560\" height=\"1707\" src=\"https:\/\/entrenotasyacordes.com\/wp-content\/uploads\/2025\/03\/18hhhh-scaled.jpg\" alt=\"\" class=\"wp-image-14453\" srcset=\"https:\/\/entrenotasyacordes.com\/wp-content\/uploads\/2025\/03\/18hhhh-scaled.jpg 2560w, https:\/\/entrenotasyacordes.com\/wp-content\/uploads\/2025\/03\/18hhhh-300x200.jpg 300w, https:\/\/entrenotasyacordes.com\/wp-content\/uploads\/2025\/03\/18hhhh-1024x683.jpg 1024w, https:\/\/entrenotasyacordes.com\/wp-content\/uploads\/2025\/03\/18hhhh-768x512.jpg 768w, https:\/\/entrenotasyacordes.com\/wp-content\/uploads\/2025\/03\/18hhhh-1536x1024.jpg 1536w, https:\/\/entrenotasyacordes.com\/wp-content\/uploads\/2025\/03\/18hhhh-2048x1365.jpg 2048w\" sizes=\"auto, (max-width: 2560px) 100vw, 2560px\" \/><\/figure>\n<\/div>\n\n\n<p>Desde sus inicios, Seven Kayne se destac\u00f3 por su versatilidad y autenticidad. Con hits como Si Te Lastim\u00e9 y su BZRP Music Session, supo marcar su propio camino en la escena, combinando influencias del trap, el rock y el R&amp;B con una sensibilidad \u00fanica. A lo largo de los a\u00f1os, ha trabajado con algunos de los nombres m\u00e1s importantes de la industria y ha construido una comunidad de seguidores que conectan con su visi\u00f3n art\u00edstica.<\/p>\n\n\n\n<p>Pero esta evoluci\u00f3n no es solo en el sonido, sino tambi\u00e9n en su rol dentro de la m\u00fasica. Por primera vez, Seven Kayne se posiciona al frente de la producci\u00f3n de sus propias canciones, d\u00e1ndole forma a cada detalle y llevando su visi\u00f3n creativa al siguiente nivel. Su m\u00fasica ya no es solo una expresi\u00f3n, sino una experiencia inmersiva donde cada decisi\u00f3n sonora es parte de un concepto m\u00e1s grande.<\/p>\n","protected":false},"excerpt":{"rendered":"","protected":false},"author":5,"featured_media":14452,"comment_status":"open","ping_status":"open","sticky":false,"template":"","format":"standard","meta":{"om_disable_all_campaigns":false,"_uf_show_specific_survey":0,"_uf_disable_surveys":false,"footnotes":""},"categories":[36],"tags":[],"class_list":["post-14451","post","type-post","status-publish","format-standard","has-post-thumbnail","hentry","category-conciertos"],"_links":{"self":[{"href":"https:\/\/entrenotasyacordes.com\/index.php?rest_route=\/wp\/v2\/posts\/14451","targetHints":{"allow":["GET"]}}],"collection":[{"href":"https:\/\/entrenotasyacordes.com\/index.php?rest_route=\/wp\/v2\/posts"}],"about":[{"href":"https:\/\/entrenotasyacordes.com\/index.php?rest_route=\/wp\/v2\/types\/post"}],"author":[{"embeddable":true,"href":"https:\/\/entrenotasyacordes.com\/index.php?rest_route=\/wp\/v2\/users\/5"}],"replies":[{"embeddable":true,"href":"https:\/\/entrenotasyacordes.com\/index.php?rest_route=%2Fwp%2Fv2%2Fcomments&post=14451"}],"version-history":[{"count":1,"href":"https:\/\/entrenotasyacordes.com\/index.php?rest_route=\/wp\/v2\/posts\/14451\/revisions"}],"predecessor-version":[{"id":14454,"href":"https:\/\/entrenotasyacordes.com\/index.php?rest_route=\/wp\/v2\/posts\/14451\/revisions\/14454"}],"wp:featuredmedia":[{"embeddable":true,"href":"https:\/\/entrenotasyacordes.com\/index.php?rest_route=\/wp\/v2\/media\/14452"}],"wp:attachment":[{"href":"https:\/\/entrenotasyacordes.com\/index.php?rest_route=%2Fwp%2Fv2%2Fmedia&parent=14451"}],"wp:term":[{"taxonomy":"category","embeddable":true,"href":"https:\/\/entrenotasyacordes.com\/index.php?rest_route=%2Fwp%2Fv2%2Fcategories&post=14451"},{"taxonomy":"post_tag","embeddable":true,"href":"https:\/\/entrenotasyacordes.com\/index.php?rest_route=%2Fwp%2Fv2%2Ftags&post=14451"}],"curies":[{"name":"wp","href":"https:\/\/api.w.org\/{rel}","templated":true}]}}