{"id":14459,"date":"2025-03-16T17:28:55","date_gmt":"2025-03-16T17:28:55","guid":{"rendered":"https:\/\/entrenotasyacordes.com\/?p=14459"},"modified":"2025-03-16T17:28:56","modified_gmt":"2025-03-16T17:28:56","slug":"festival-viaje-de-agua-volumen-v-sabado-5-de-abril-en-c-c-konex","status":"publish","type":"post","link":"https:\/\/entrenotasyacordes.com\/?p=14459","title":{"rendered":"FESTIVAL VIAJE DE AGUA VOLUMEN V &#8211; S\u00c1BADO 5 DE ABRIL EN C.C.KONEX"},"content":{"rendered":"\n<!--more-->\n\n\n\n<p class=\"has-text-align-left\">\u00a1Vuelve el Viaje de Agua! El festival creado y organizado por Poseid\u00f3tica tendr\u00e1 su quinta edici\u00f3n de regreso al m\u00edtico escenario Patio de Ciudad Cultural Konex.<\/p>\n\n\n<div class=\"wp-block-image\">\n<figure class=\"aligncenter size-full\"><img loading=\"lazy\" decoding=\"async\" width=\"640\" height=\"640\" src=\"https:\/\/entrenotasyacordes.com\/wp-content\/uploads\/2025\/03\/18hhhhhhh-1.jpg\" alt=\"\" class=\"wp-image-14461\" srcset=\"https:\/\/entrenotasyacordes.com\/wp-content\/uploads\/2025\/03\/18hhhhhhh-1.jpg 640w, https:\/\/entrenotasyacordes.com\/wp-content\/uploads\/2025\/03\/18hhhhhhh-1-300x300.jpg 300w, https:\/\/entrenotasyacordes.com\/wp-content\/uploads\/2025\/03\/18hhhhhhh-1-150x150.jpg 150w, https:\/\/entrenotasyacordes.com\/wp-content\/uploads\/2025\/03\/18hhhhhhh-1-50x50.jpg 50w\" sizes=\"auto, (max-width: 640px) 100vw, 640px\" \/><\/figure>\n<\/div>\n\n\n<p class=\"has-text-align-left\">Luego de varios a\u00f1os de ausencia (el \u00faltimo fue en el 2019) el grupo de rock instrumental se propone realizar una nueva edici\u00f3n del Viaje de Agua, siempre desde la autogesti\u00f3n y poniendo el foco en la m\u00fasica alternativa y psicod\u00e9lica, adem\u00e1s de generar un espacio para ferias de discos, merchandising y arte gr\u00e1fico que se podr\u00e1 disfrutar&nbsp;<strong>el s\u00e1bado 5 de abril,18hs en C.C Konex,&nbsp;<a href=\"https:\/\/entradas.cckonex.org\/event\/poseidotica?utm_source=perfit&amp;utm_medium=email\" rel=\"noreferrer noopener\" target=\"_blank\">entradas a la venta.<\/a><\/strong><\/p>\n\n\n\n<p>De esta forma&nbsp;<strong>Poseid\u00f3tica<\/strong>&nbsp;estar\u00e1 dando comienzo a la&nbsp;<strong>gira<\/strong>&nbsp;con la cual festejar\u00e1&nbsp;<strong>25 a\u00f1os<\/strong>&nbsp;de actividad ininterrumpida, estrenando su flamante formaci\u00f3n con energ\u00edas renovadas, como siempre dando rienda suelta a su profundo rock expansivo, desplegando su volado show audiovisual con invitados y haciendo un repaso por lo mejor de sus 5 discos de estudio. Adem\u00e1s, recientemente la banda anunci\u00f3 que&nbsp;<strong>ser\u00e1 opening<\/strong>&nbsp;de&nbsp;<strong>Mudhoney<\/strong>&nbsp;en Argentina el pr\u00f3ximo 26 de marzo en el<strong>&nbsp;Teatro Vorterix.<\/strong><\/p>\n\n\n\n<p>Para la ocasi\u00f3n, Poseid\u00f3tica estar\u00e1n acompa\u00f1ados por 3 excelentes bandas que han sido seleccionadas por ellos especialmente.<\/p>\n\n\n\n<p><strong>Piba<\/strong>, formada en Buenos Aires en 2017, con su propuesta veloz y ganchera que mezcla garage, surf, punk y space rock, ser\u00e1n las encargadas de agitar la velada con los temas de su \u00faltimo disco \u201cP\u00e1nico y Distorsi\u00f3n\u201d.<\/p>\n\n\n\n<p><strong>Ayermaniana<\/strong>, vibrante quinteto psicod\u00e9lico con ra\u00edces en el rock de los 70\u2019s pero aggiornado a un sonido moderno y actual, tan flasheros como poderosos nos har\u00e1n levitar con el repaso por sus tres discos y el estreno exclusivo de canciones de su nuevo \u00e1lbum.<\/p>\n\n\n\n<p><strong>LMDG<\/strong>, desde La Plata, la banda conformada por los ex G\u00fcacho, se presentar\u00e1 en formato d\u00fao con su propuesta s\u00f3nica dist\u00f3pica, haciendo un buen uso de la tecnolog\u00eda combinando texturas digitales con su habitual toque org\u00e1nico y una particular propuesta de imagen experimental.<\/p>\n\n\n\n<p class=\"has-text-align-left\">Sin dudas, un imperdible plan al aire libre para los amantes del genuino rock espacial y, en \u00e9pocas hostiles, la esperada vuelta del festival Viaje de Agua es un hecho para celebrar en sagrada comuni\u00f3n.<\/p>\n\n\n\n<figure class=\"wp-block-embed is-type-video is-provider-youtube wp-block-embed-youtube wp-embed-aspect-16-9 wp-has-aspect-ratio\"><div class=\"wp-block-embed__wrapper\">\n<div class=\"epyt-video-wrapper\"><iframe loading=\"lazy\"  id=\"_ytid_70202\"  width=\"640\" height=\"360\"  data-origwidth=\"640\" data-origheight=\"360\" src=\"https:\/\/www.youtube.com\/embed\/nzTY90U_SUQ?enablejsapi=1&#038;autoplay=0&#038;cc_load_policy=0&#038;cc_lang_pref=&#038;iv_load_policy=1&#038;loop=0&#038;rel=1&#038;fs=1&#038;playsinline=0&#038;autohide=2&#038;theme=dark&#038;color=white&#038;controls=1&#038;\" class=\"__youtube_prefs__  epyt-is-override  no-lazyload\" data-vol=\"50\"  title=\"YouTube player\"  allow=\"fullscreen; accelerometer; autoplay; clipboard-write; encrypted-media; gyroscope; picture-in-picture; web-share\" referrerpolicy=\"strict-origin-when-cross-origin\" allowfullscreen data-no-lazy=\"1\" data-skipgform_ajax_framebjll=\"\"><\/iframe><\/div>\n<\/div><\/figure>\n\n\n\n<p><strong>SOBRE EL FESTIVAL VIAJE DE AGUA<\/strong><\/p>\n\n\n\n<p>Luego de cuatro exitosas ediciones del festival, la primera realizada en Febrero del 2016 en el Teatro Vorterix, y en 2017, 2018 y 2019 en Ciudad Cultural Konex ocupando los dos escenarios (Patio y Sala de las columnas), Poseid\u00f3tica se propone retomar la propuesta del Viaje de Agua, un evento que se ha convertido en una referencia para la cultura alternativa independiente.<\/p>\n\n\n\n<p>Por el festival han pasado bandas y solistas como Massacre, Los Antiguos, Lucy Patan\u00e9, Sur Oculto, Marina Fages, Morbo y Mambo, Paula Maff\u00eda y Atr\u00e1s Hay Truenos, por nombrar solo algunos artistas que participaron, y tambi\u00e9n grupos latinoamericanos como Hablan por la Espalda y Motosierra de Uruguay o Los T\u00e1banos Experience de Chile.<\/p>\n\n\n\n<p>Adem\u00e1s de la elevada propuesta musical, el festival se ha caracterizado por su enfoque visual y gr\u00e1fico, y por ser un vital punto de encuentro para muchas personas que buscan conectarse con una visi\u00f3n diferente a la que predomina en el mainstream.<\/p>\n\n\n\n<p>El 2025 es el a\u00f1o del regreso del Viaje de Agua con su quinta edici\u00f3n a realizarse el s\u00e1bado 5 de abril en Ciudad Cultural Konex, momento en que comenzar\u00e1n los festejos por los 25 a\u00f1os de Poseid\u00f3tica, creadores del festival, y con la firme iniciativa de expandir este evento a otros lugares de Argentina.<\/p>\n","protected":false},"excerpt":{"rendered":"","protected":false},"author":5,"featured_media":14460,"comment_status":"open","ping_status":"open","sticky":false,"template":"","format":"standard","meta":{"om_disable_all_campaigns":false,"_uf_show_specific_survey":0,"_uf_disable_surveys":false,"footnotes":""},"categories":[36],"tags":[],"class_list":["post-14459","post","type-post","status-publish","format-standard","has-post-thumbnail","hentry","category-conciertos"],"_links":{"self":[{"href":"https:\/\/entrenotasyacordes.com\/index.php?rest_route=\/wp\/v2\/posts\/14459","targetHints":{"allow":["GET"]}}],"collection":[{"href":"https:\/\/entrenotasyacordes.com\/index.php?rest_route=\/wp\/v2\/posts"}],"about":[{"href":"https:\/\/entrenotasyacordes.com\/index.php?rest_route=\/wp\/v2\/types\/post"}],"author":[{"embeddable":true,"href":"https:\/\/entrenotasyacordes.com\/index.php?rest_route=\/wp\/v2\/users\/5"}],"replies":[{"embeddable":true,"href":"https:\/\/entrenotasyacordes.com\/index.php?rest_route=%2Fwp%2Fv2%2Fcomments&post=14459"}],"version-history":[{"count":1,"href":"https:\/\/entrenotasyacordes.com\/index.php?rest_route=\/wp\/v2\/posts\/14459\/revisions"}],"predecessor-version":[{"id":14462,"href":"https:\/\/entrenotasyacordes.com\/index.php?rest_route=\/wp\/v2\/posts\/14459\/revisions\/14462"}],"wp:featuredmedia":[{"embeddable":true,"href":"https:\/\/entrenotasyacordes.com\/index.php?rest_route=\/wp\/v2\/media\/14460"}],"wp:attachment":[{"href":"https:\/\/entrenotasyacordes.com\/index.php?rest_route=%2Fwp%2Fv2%2Fmedia&parent=14459"}],"wp:term":[{"taxonomy":"category","embeddable":true,"href":"https:\/\/entrenotasyacordes.com\/index.php?rest_route=%2Fwp%2Fv2%2Fcategories&post=14459"},{"taxonomy":"post_tag","embeddable":true,"href":"https:\/\/entrenotasyacordes.com\/index.php?rest_route=%2Fwp%2Fv2%2Ftags&post=14459"}],"curies":[{"name":"wp","href":"https:\/\/api.w.org\/{rel}","templated":true}]}}