{"id":14463,"date":"2025-03-17T00:16:30","date_gmt":"2025-03-17T00:16:30","guid":{"rendered":"https:\/\/entrenotasyacordes.com\/?p=14463"},"modified":"2025-03-17T00:16:32","modified_gmt":"2025-03-17T00:16:32","slug":"sergio-cortes-el-doble-oficial-de-michael-jackson-marca-un-exito-de-venta-de-entradas-y-amplia-su-gira-sudamericana-con-nuevas-fechas","status":"publish","type":"post","link":"https:\/\/entrenotasyacordes.com\/?p=14463","title":{"rendered":"SERGIO CORT\u00c9S, EL DOBLE OFICIAL DE MICHAEL JACKSON, MARCA UN \u00c9XITO DE VENTA DE ENTRADAS Y AMPL\u00cdA SU GIRA SUDAMERICANA CON NUEVAS FECHAS"},"content":{"rendered":"\n<!--more-->\n\n\n\n<p class=\"has-text-align-center\"><em>El artista espa\u00f1ol, reconocido por la familia de Michael Jackson como el m\u00e1s id\u00e9ntico a \u00e9l, se prepara para una gira hist\u00f3rica por Argentina con su espect\u00e1culo \u00abThe Michael Jackson Experience\u00bb.<\/em><\/p>\n\n\n\n<p class=\"has-text-align-center\"><strong>25 DE ABRIL &#8211; TEATRO GRAN REX, BUENOS AIRES<\/strong><br><strong><a href=\"https:\/\/delivery.hipermailer.com.ar\/do\/trkln.php?index=1024083402AZD&amp;id=wotuseqoosepiiysree&amp;url=aHR0cHM6Ly93d3cudHVlbnRyYWRhLmNvbS9ldmVudG9zL2RldGFsbGUvVGhlLUphY2tzb24tRXhwZXJpZW5jZS85NTgwMDMzNjUxNDE%3D\">Entradas a la venta por TuEntrada<\/a><\/strong><\/p>\n\n\n<div class=\"wp-block-image\">\n<figure class=\"aligncenter size-full\"><img loading=\"lazy\" decoding=\"async\" width=\"1081\" height=\"1081\" src=\"https:\/\/entrenotasyacordes.com\/wp-content\/uploads\/2025\/03\/18i.png\" alt=\"\" class=\"wp-image-14464\" srcset=\"https:\/\/entrenotasyacordes.com\/wp-content\/uploads\/2025\/03\/18i.png 1081w, https:\/\/entrenotasyacordes.com\/wp-content\/uploads\/2025\/03\/18i-300x300.png 300w, https:\/\/entrenotasyacordes.com\/wp-content\/uploads\/2025\/03\/18i-1024x1024.png 1024w, https:\/\/entrenotasyacordes.com\/wp-content\/uploads\/2025\/03\/18i-150x150.png 150w, https:\/\/entrenotasyacordes.com\/wp-content\/uploads\/2025\/03\/18i-768x768.png 768w, https:\/\/entrenotasyacordes.com\/wp-content\/uploads\/2025\/03\/18i-50x50.png 50w\" sizes=\"auto, (max-width: 1081px) 100vw, 1081px\" \/><\/figure>\n<\/div>\n\n\n<p>El esperado regreso de&nbsp;<strong>Sergio Cort\u00e9s<\/strong>, el doble oficial de&nbsp;<strong>Michael Jackson<\/strong>, est\u00e1 cerca. Luego de una exitosa preventa de entradas, el artista barcelon\u00e9s se prepara para deslumbrar nuevamente al p\u00fablico argentino con su aclamado show&nbsp;<strong>\u00abThe Michael Jackson Experience\u00bb<\/strong>, que se llevar\u00e1 a cabo en varias ciudades de Argentina y Chile. Las entradas para el espect\u00e1culo siguen agot\u00e1ndose r\u00e1pidamente, demostrando el amor y el fervor de los fans por revivir la magia del Rey del Pop.<\/p>\n\n\n\n<p><strong>Sergio Cort\u00e9s<\/strong>, quien fue elegido por la&nbsp;<strong>familia de Michael Jackson<\/strong>&nbsp;como el artista m\u00e1s id\u00e9ntico y representativo del Rey del Pop, se ha ganado un lugar \u00fanico en la historia de los tributos a Jackson. Con su impresionante parecido f\u00edsico, vocal y su entrega esc\u00e9nica, ha sido reconocido internacionalmente por ser el homenaje m\u00e1s fiel a la leyenda. Este reconocimiento ha sido ratificado recientemente por la prestigiosa&nbsp;<strong>Revista Rolling Stone (EE.UU.)<\/strong>, que proclam\u00f3 a&nbsp;<strong>Sergio Cort\u00e9s<\/strong>&nbsp;y su show como el&nbsp;<strong>\u00abshow oficial de Michael Jackson\u00bb<\/strong>.<\/p>\n\n\n\n<p>La gira sudamericana de&nbsp;<strong>Sergio Cort\u00e9s<\/strong>&nbsp;tambi\u00e9n se expande, con nuevas fechas confirmadas en ciudades como&nbsp;<strong>Mar del Plata<\/strong>,&nbsp;<strong>Neuqu\u00e9n<\/strong>&nbsp;y&nbsp;<strong>Comodoro Rivadavia<\/strong>, lo que ampl\u00eda a\u00fan m\u00e1s la posibilidad para los fans de disfrutar de una experiencia \u00fanica. Las fechas de la gira incluyen:&nbsp;<strong>C\u00f3rdoba,&nbsp;<\/strong><strong>San Juan,&nbsp;<\/strong><strong>Salta,&nbsp;<\/strong><strong>Tucum\u00e1n,&nbsp;<\/strong><strong>Mendoza,&nbsp;<\/strong><strong>Rosario,&nbsp;<\/strong><strong>Mar del Plata,&nbsp;<\/strong><strong>Neuqu\u00e9n,&nbsp;<\/strong><strong>Comodoro Rivadavia, y&nbsp;<\/strong><strong>Buenos Aires (Teatro Gran Rex).<\/strong><\/p>\n\n\n\n<p>Tras una exitosa gira por&nbsp;<strong>Europa<\/strong>, donde miles de fan\u00e1ticos vivieron una experiencia m\u00e1gica que revivi\u00f3 la esencia de&nbsp;<strong>Michael Jackson<\/strong>, Cort\u00e9s se prepara para conquistar Sudam\u00e9rica. En su espect\u00e1culo&nbsp;<strong>\u00abThe Michael Jackson Experience\u00bb<\/strong>, Cort\u00e9s no solo replica, sino que&nbsp;<strong>revive<\/strong>&nbsp;la magia de Jackson, llevando al p\u00fablico a una experiencia completa con m\u00fasicos y bailarines en vivo, coreograf\u00edas ic\u00f3nicas, y una producci\u00f3n visual de primer nivel.<\/p>\n\n\n\n<p><strong>Sergio Cort\u00e9s<\/strong>, quien ha recorrido los escenarios m\u00e1s emblem\u00e1ticos del mundo, como el&nbsp;<strong>Madison Square Garden<\/strong>&nbsp;en Nueva York, el&nbsp;<strong>Royal Albert Hall<\/strong>&nbsp;en Londres, el&nbsp;<strong>Palau Sant Jordi<\/strong>&nbsp;en Barcelona, y el&nbsp;<strong>Teatro Coliseo<\/strong>&nbsp;en Buenos Aires, es reconocido por su excepcional nivel de detalle en cada movimiento, gesto y nota. Esta fidelidad ha sido aclamada por los cr\u00edticos, quienes destacan su habilidad para rendir homenaje a Jackson con un espect\u00e1culo que nunca pierde la autenticidad de los conciertos originales.<\/p>\n\n\n\n<p><strong>The Michael Jackson Experience<\/strong>&nbsp;es mucho m\u00e1s que un tributo. Con un repertorio que incluye \u00e9xitos como&nbsp;<strong>\u00abThriller,\u00bb \u00abBillie Jean,\u00bb \u00abSmooth Criminal,\u00bb<\/strong>&nbsp;y&nbsp;<strong>\u00abBeat It\u00bb<\/strong>, el show transporta al espectador a los momentos m\u00e1s memorables de la carrera de&nbsp;<strong>Michael Jackson<\/strong>, evocando la magia de cada uno de sus conciertos m\u00e1s emblem\u00e1ticos.<\/p>\n\n\n\n<p class=\"has-text-align-center\"><strong>FECHAS DE LA GIRA:<\/strong><br>19 de abril \/ Teatro Radio City &#8211;\u00a0Mar del Plata<br>25 de abril \/ Gran Rex &#8211; Buenos Aires<br>26 de abril \/ Teatro Broadway &#8211; Rosario<br>1 de mayo \/ Casino Magic &#8211; Neuqu\u00e9n<br>2 de mayo \/ Teatro Maria Auxiliadora\u00a0 &#8211; Comodoro Rivadavia<br>22 de mayo \/ Teatro Sarmiento &#8211; San Juan<br>23 de mayo \/ Arena Maip\u00fa &#8211; Mendoza<br>24 de mayo \/ Arena Montichello &#8211; Chile<br>28 de mayo &#8211;\u00a0Jujuy\u00a0<br>29 de mayo \/ Teatro Nuestra Se\u00f1ora Del Huerto &#8211; Salta<br>30 de mayo \/ Mercedes Sosa &#8211; Tucum\u00e1n<br>31 de mayo \/ Quality Espacio &#8211; C\u00f3rdoba<\/p>\n\n\n<div class=\"wp-block-image\">\n<figure class=\"aligncenter size-full\"><img loading=\"lazy\" decoding=\"async\" width=\"1024\" height=\"683\" src=\"https:\/\/entrenotasyacordes.com\/wp-content\/uploads\/2025\/03\/18ii.jpg\" alt=\"\" class=\"wp-image-14465\" srcset=\"https:\/\/entrenotasyacordes.com\/wp-content\/uploads\/2025\/03\/18ii.jpg 1024w, https:\/\/entrenotasyacordes.com\/wp-content\/uploads\/2025\/03\/18ii-300x200.jpg 300w, https:\/\/entrenotasyacordes.com\/wp-content\/uploads\/2025\/03\/18ii-768x512.jpg 768w\" sizes=\"auto, (max-width: 1024px) 100vw, 1024px\" \/><\/figure>\n<\/div>\n\n\n<p><strong>ACERCA DE SERGIO CORT\u00c9S<\/strong><\/p>\n\n\n\n<p>Desde su descubrimiento en los a\u00f1os 90,&nbsp;<strong>Sergio Cort\u00e9s<\/strong>&nbsp;se ha consagrado como el homenaje m\u00e1s fiel y aclamado de&nbsp;<strong>Michael Jackson<\/strong>. Con m\u00e1s de 30 a\u00f1os de carrera, ha conquistado al p\u00fablico mundial, demostrando una calidad art\u00edstica \u00fanica y un amor profundo por el legado de Jackson. Adem\u00e1s de su gira internacional, Cort\u00e9s ha sido invitado a importantes programas de televisi\u00f3n como&nbsp;<strong>\u00abEl Hormiguero\u00bb (Espa\u00f1a)<\/strong>,&nbsp;<strong>\u00abGood Morning America\u00bb (EE.UU.)<\/strong>&nbsp;y&nbsp;<strong>\u00abFant\u00e1stico\u00bb (Brasil)<\/strong>, siendo una figura destacada en el mundo de los tributos a artistas internacionales.<\/p>\n\n\n\n<p>En 2025,&nbsp;<strong>Sergio Cort\u00e9s<\/strong>&nbsp;contin\u00faa llevando su espect\u00e1culo&nbsp;<strong>\u00abThe Michael Jackson Experience\u00bb<\/strong>&nbsp;a los fans de todo el mundo, con una puesta en escena impresionante que incluye m\u00e1s de&nbsp;<strong>25 canciones de Michael Jackson<\/strong>, coreograf\u00edas ic\u00f3nicas, y una atm\u00f3sfera que transporta a la audiencia a la \u00e9poca dorada del Rey del Pop.<\/p>\n\n\n\n<p>\u00a1No te pierdas la oportunidad de vivir una noche \u00fanica, reviviendo la magia de Michael Jackson de la mano del \u00fanico y aut\u00e9ntico&nbsp;<strong>Sergio Cort\u00e9s<\/strong>!<\/p>\n","protected":false},"excerpt":{"rendered":"","protected":false},"author":5,"featured_media":14464,"comment_status":"open","ping_status":"open","sticky":false,"template":"","format":"standard","meta":{"om_disable_all_campaigns":false,"_uf_show_specific_survey":0,"_uf_disable_surveys":false,"footnotes":""},"categories":[36],"tags":[],"class_list":["post-14463","post","type-post","status-publish","format-standard","has-post-thumbnail","hentry","category-conciertos"],"_links":{"self":[{"href":"https:\/\/entrenotasyacordes.com\/index.php?rest_route=\/wp\/v2\/posts\/14463","targetHints":{"allow":["GET"]}}],"collection":[{"href":"https:\/\/entrenotasyacordes.com\/index.php?rest_route=\/wp\/v2\/posts"}],"about":[{"href":"https:\/\/entrenotasyacordes.com\/index.php?rest_route=\/wp\/v2\/types\/post"}],"author":[{"embeddable":true,"href":"https:\/\/entrenotasyacordes.com\/index.php?rest_route=\/wp\/v2\/users\/5"}],"replies":[{"embeddable":true,"href":"https:\/\/entrenotasyacordes.com\/index.php?rest_route=%2Fwp%2Fv2%2Fcomments&post=14463"}],"version-history":[{"count":1,"href":"https:\/\/entrenotasyacordes.com\/index.php?rest_route=\/wp\/v2\/posts\/14463\/revisions"}],"predecessor-version":[{"id":14466,"href":"https:\/\/entrenotasyacordes.com\/index.php?rest_route=\/wp\/v2\/posts\/14463\/revisions\/14466"}],"wp:featuredmedia":[{"embeddable":true,"href":"https:\/\/entrenotasyacordes.com\/index.php?rest_route=\/wp\/v2\/media\/14464"}],"wp:attachment":[{"href":"https:\/\/entrenotasyacordes.com\/index.php?rest_route=%2Fwp%2Fv2%2Fmedia&parent=14463"}],"wp:term":[{"taxonomy":"category","embeddable":true,"href":"https:\/\/entrenotasyacordes.com\/index.php?rest_route=%2Fwp%2Fv2%2Fcategories&post=14463"},{"taxonomy":"post_tag","embeddable":true,"href":"https:\/\/entrenotasyacordes.com\/index.php?rest_route=%2Fwp%2Fv2%2Ftags&post=14463"}],"curies":[{"name":"wp","href":"https:\/\/api.w.org\/{rel}","templated":true}]}}