{"id":14471,"date":"2025-03-17T00:30:26","date_gmt":"2025-03-17T00:30:26","guid":{"rendered":"https:\/\/entrenotasyacordes.com\/?p=14471"},"modified":"2025-03-17T00:30:27","modified_gmt":"2025-03-17T00:30:27","slug":"noches-capitales-presenta-nafta-en-el-hipodromo-de-la-plata","status":"publish","type":"post","link":"https:\/\/entrenotasyacordes.com\/?p=14471","title":{"rendered":"NOCHES CAPITALES PRESENTA: NAFTA EN EL HIPODROMO DE LA PLATA"},"content":{"rendered":"\n<!--more-->\n\n\n<div class=\"wp-block-image\">\n<figure class=\"aligncenter size-full\"><img loading=\"lazy\" decoding=\"async\" width=\"2250\" height=\"2250\" src=\"https:\/\/entrenotasyacordes.com\/wp-content\/uploads\/2025\/03\/18iiii.jpg\" alt=\"\" class=\"wp-image-14472\" srcset=\"https:\/\/entrenotasyacordes.com\/wp-content\/uploads\/2025\/03\/18iiii.jpg 2250w, https:\/\/entrenotasyacordes.com\/wp-content\/uploads\/2025\/03\/18iiii-300x300.jpg 300w, https:\/\/entrenotasyacordes.com\/wp-content\/uploads\/2025\/03\/18iiii-1024x1024.jpg 1024w, https:\/\/entrenotasyacordes.com\/wp-content\/uploads\/2025\/03\/18iiii-150x150.jpg 150w, https:\/\/entrenotasyacordes.com\/wp-content\/uploads\/2025\/03\/18iiii-768x768.jpg 768w, https:\/\/entrenotasyacordes.com\/wp-content\/uploads\/2025\/03\/18iiii-1536x1536.jpg 1536w, https:\/\/entrenotasyacordes.com\/wp-content\/uploads\/2025\/03\/18iiii-2048x2048.jpg 2048w, https:\/\/entrenotasyacordes.com\/wp-content\/uploads\/2025\/03\/18iiii-50x50.jpg 50w\" sizes=\"auto, (max-width: 2250px) 100vw, 2250px\" \/><\/figure>\n<\/div>\n\n\n<p class=\"has-text-align-left\"><strong>Nafta<\/strong>, la banda de soul argentina, contin\u00faa girando y presentando su disco \u00a8Nafta II\u00a8. En el mes de abril la ciudad de las diagonales los recibir\u00e1\u00a0en el\u00a0<strong>Hip\u00f3dromo<\/strong>\u00a0de la ciudad de\u00a0<strong>La Plata<\/strong>\u00a0para dar un\u00a0<strong>show \u00e9pico a cielo abierto<\/strong>. La cita ser\u00e1 el<strong>\u00a0s\u00e1bado\u00a012 de abril<\/strong>, 21hs, este mega evento tendr\u00e1 como\u00a0<strong>opening<\/strong>\u00a0a\u00a0<strong>Palta and the Mood.<\/strong><\/p>\n\n\n\n<p>Las entradas anticipadas se encuentran a la venta por sistema\u00a0<a href=\"https:\/\/livepass.com.ar\/events\/noches-capitales-nafta-en-hipodromo-de-la-plata?utm_source=perfit&amp;utm_medium=email\" target=\"_blank\" rel=\"noreferrer noopener\">Livepass<\/a>\u00a0y boleter\u00eda del Teatro \u00d3pera La Plata (58 N\u00b0 770). <strong>Comprando con tarjetas Visa y MasterCard del Banco Provincia tenes 4 cuotas sin inter\u00e9s.<\/strong><\/p>\n\n\n<div class=\"wp-block-image\">\n<figure class=\"aligncenter size-full\"><img loading=\"lazy\" decoding=\"async\" width=\"1600\" height=\"1066\" src=\"https:\/\/entrenotasyacordes.com\/wp-content\/uploads\/2025\/03\/18iiiii.jpg\" alt=\"\" class=\"wp-image-14473\" srcset=\"https:\/\/entrenotasyacordes.com\/wp-content\/uploads\/2025\/03\/18iiiii.jpg 1600w, https:\/\/entrenotasyacordes.com\/wp-content\/uploads\/2025\/03\/18iiiii-300x200.jpg 300w, https:\/\/entrenotasyacordes.com\/wp-content\/uploads\/2025\/03\/18iiiii-1024x682.jpg 1024w, https:\/\/entrenotasyacordes.com\/wp-content\/uploads\/2025\/03\/18iiiii-768x512.jpg 768w, https:\/\/entrenotasyacordes.com\/wp-content\/uploads\/2025\/03\/18iiiii-1536x1023.jpg 1536w\" sizes=\"auto, (max-width: 1600px) 100vw, 1600px\" \/><figcaption class=\"wp-element-caption\">PH Tebo Penovi<\/figcaption><\/figure>\n<\/div>\n\n\n<p>Desde 2016 que NAFTA no para. Luego de a\u00f1os en constante crecimiento, dando dos shows a sala llena en el Gran Rex, girando por el pa\u00eds y formando parte de diversos festivales de renombre, la banda de soul argentino nos presenta su esperado segundo \u00e1lbum de estudio, titulado,<br>simplemente, NAFTA II.<\/p>\n\n\n\n<p>Este disco, conformado por 12 pistas &#8211; entre ellas los adelantos \u201cDuele\u201d y \u201cQuiero Verte\u201d, se nos presenta como un viaje groovero, sensorial y r\u00edtmico, con elementos del R&amp;B y hip-hop, pero que confluyen en el universo sonoro particular de NAFTA, como podemos apreciar en el tercer track del material: \u201cAndate\u201d. En esta secuela, queda en evidencia la evoluci\u00f3n musical del grupo, que a trav\u00e9s de una producci\u00f3n meticulosa y fina, no pierde la esencia de su predecesor pero nos introduce poco a poco en una nueva etapa.<\/p>\n\n\n\n<p>El lanzamiento, al igual que su debut, es acompa\u00f1ado por una pel\u00edcula con direcci\u00f3n de Pablo Rojzman, que funciona como el complemento perfecto de las canciones y sus narrativas.<\/p>\n","protected":false},"excerpt":{"rendered":"","protected":false},"author":5,"featured_media":14472,"comment_status":"open","ping_status":"open","sticky":false,"template":"","format":"standard","meta":{"om_disable_all_campaigns":false,"_uf_show_specific_survey":0,"_uf_disable_surveys":false,"footnotes":""},"categories":[36],"tags":[],"class_list":["post-14471","post","type-post","status-publish","format-standard","has-post-thumbnail","hentry","category-conciertos"],"_links":{"self":[{"href":"https:\/\/entrenotasyacordes.com\/index.php?rest_route=\/wp\/v2\/posts\/14471","targetHints":{"allow":["GET"]}}],"collection":[{"href":"https:\/\/entrenotasyacordes.com\/index.php?rest_route=\/wp\/v2\/posts"}],"about":[{"href":"https:\/\/entrenotasyacordes.com\/index.php?rest_route=\/wp\/v2\/types\/post"}],"author":[{"embeddable":true,"href":"https:\/\/entrenotasyacordes.com\/index.php?rest_route=\/wp\/v2\/users\/5"}],"replies":[{"embeddable":true,"href":"https:\/\/entrenotasyacordes.com\/index.php?rest_route=%2Fwp%2Fv2%2Fcomments&post=14471"}],"version-history":[{"count":1,"href":"https:\/\/entrenotasyacordes.com\/index.php?rest_route=\/wp\/v2\/posts\/14471\/revisions"}],"predecessor-version":[{"id":14474,"href":"https:\/\/entrenotasyacordes.com\/index.php?rest_route=\/wp\/v2\/posts\/14471\/revisions\/14474"}],"wp:featuredmedia":[{"embeddable":true,"href":"https:\/\/entrenotasyacordes.com\/index.php?rest_route=\/wp\/v2\/media\/14472"}],"wp:attachment":[{"href":"https:\/\/entrenotasyacordes.com\/index.php?rest_route=%2Fwp%2Fv2%2Fmedia&parent=14471"}],"wp:term":[{"taxonomy":"category","embeddable":true,"href":"https:\/\/entrenotasyacordes.com\/index.php?rest_route=%2Fwp%2Fv2%2Fcategories&post=14471"},{"taxonomy":"post_tag","embeddable":true,"href":"https:\/\/entrenotasyacordes.com\/index.php?rest_route=%2Fwp%2Fv2%2Ftags&post=14471"}],"curies":[{"name":"wp","href":"https:\/\/api.w.org\/{rel}","templated":true}]}}