{"id":14475,"date":"2025-03-17T00:33:23","date_gmt":"2025-03-17T00:33:23","guid":{"rendered":"https:\/\/entrenotasyacordes.com\/?p=14475"},"modified":"2025-03-17T00:33:24","modified_gmt":"2025-03-17T00:33:24","slug":"aitana-y-myke-towers-un-sentimiento-natural","status":"publish","type":"post","link":"https:\/\/entrenotasyacordes.com\/?p=14475","title":{"rendered":"AITANA Y MYKE TOWERS: UN \u00abSENTIMIENTO NATURAL\u00bb"},"content":{"rendered":"\n<!--more-->\n\n\n\n<p class=\"has-text-align-center\"><strong>EL HIT QUE AMPL\u00cdA A\u00daN M\u00c1S SUS FRONTERAS <\/strong><br><strong>Y<\/strong> <strong>QUE HA SORPRENDIDO A SUS SEGUIDORES<\/strong><\/p>\n\n\n<div class=\"wp-block-image\">\n<figure class=\"aligncenter size-full\"><img loading=\"lazy\" decoding=\"async\" width=\"3000\" height=\"3000\" src=\"https:\/\/entrenotasyacordes.com\/wp-content\/uploads\/2025\/03\/18iiiiii.png\" alt=\"\" class=\"wp-image-14476\" srcset=\"https:\/\/entrenotasyacordes.com\/wp-content\/uploads\/2025\/03\/18iiiiii.png 3000w, https:\/\/entrenotasyacordes.com\/wp-content\/uploads\/2025\/03\/18iiiiii-300x300.png 300w, https:\/\/entrenotasyacordes.com\/wp-content\/uploads\/2025\/03\/18iiiiii-1024x1024.png 1024w, https:\/\/entrenotasyacordes.com\/wp-content\/uploads\/2025\/03\/18iiiiii-150x150.png 150w, https:\/\/entrenotasyacordes.com\/wp-content\/uploads\/2025\/03\/18iiiiii-768x768.png 768w, https:\/\/entrenotasyacordes.com\/wp-content\/uploads\/2025\/03\/18iiiiii-1536x1536.png 1536w, https:\/\/entrenotasyacordes.com\/wp-content\/uploads\/2025\/03\/18iiiiii-2048x2048.png 2048w, https:\/\/entrenotasyacordes.com\/wp-content\/uploads\/2025\/03\/18iiiiii-50x50.png 50w\" sizes=\"auto, (max-width: 3000px) 100vw, 3000px\" \/><\/figure>\n<\/div>\n\n\n<p>De R\u00edo Piedras (San Juan, Puerto Rico) a Sant Climent de Llobregat (Catalu\u00f1a, Espa\u00f1a) hay 6.451km y una diferencia horaria de 5 horas. Una distancia que se ha unido con&nbsp;<strong>\u201cSENTIMIENTO NATURAL\u201d<\/strong>, canci\u00f3n en la que&nbsp;<strong>AITANA<\/strong>&nbsp;y la superestrella global&nbsp;<strong>MYKE TOWERS<\/strong>&nbsp;han conseguido poner en el mapa un punto medio para encontrarse: Playa Hermosa (Costa Rica).<\/p>\n\n\n\n<p><strong>AITANA&nbsp;<\/strong>y&nbsp;<strong>MYKE TOWERS<\/strong>&nbsp;nos hablan de ese amor que no tiene explicaci\u00f3n, el que se siente como una primera vez y excede todo tipo de l\u00edmites. La cadencia en la melod\u00eda y en la voz de&nbsp;<strong>AITANA&nbsp;<\/strong>en algunos versos, sumado a la identidad boricua de&nbsp;<strong>MYKE TOWERS<\/strong>, nos lleva a ese momento de tranquilidad que buscamos cada verano frente al mar con la persona que queremos.<\/p>\n\n\n\n<p>En palabras de&nbsp;<strong>AITANA<\/strong>&nbsp;<em>\u00abYo soy muy fan de Myke. Un d\u00eda le segu\u00ed en rrss y \u00e9l me sigui\u00f3 de vuelta. Mis fans le pidieron a Myke poder hacer realidad esta colaboraci\u00f3n\u00bb<\/em>. \u201c<strong>SENTIMIENTO NATURAL<\/strong>&nbsp;es&nbsp;<em>\u00abuna canci\u00f3n que est\u00e1 dura. Cuando la escuchen les va a gustar. Aitana es muy dulce. Desde su voz hasta como es ella\u201d<\/em>&nbsp;(<strong>MYKE TOWERS<\/strong>)<\/p>\n\n\n\n<p>Ha sido toda una sorpresa la manera en la que ambos artistas han anunciado&nbsp;<strong>\u201cSENTIMIENTO NATURAL\u201d<\/strong>, un tema producido en el estudio de&nbsp;<strong>Andr\u00e9s Torres y Mauricio Rengifo&nbsp;<\/strong>en Los \u00c1ngeles, con la espontaneidad que caracteriza a&nbsp;<strong>AITANA&nbsp;<\/strong>en sus letras y la compa\u00f1\u00eda de uno de los talentos m\u00e1s importantes de la m\u00fasica latina del momento.<\/p>\n\n\n\n<p>El videoclip est\u00e1 dirigido por el argentino&nbsp;<strong>Martin Seipel<\/strong>.&nbsp;<strong>AITANA&nbsp;<\/strong>y&nbsp;<strong>MYKE TOWERS<\/strong>&nbsp;aparecen en una oficina en busca del candidato perfecto que aparece cuando estaba a punto de darse por vencida, como suele aparecer el amor. Todo bajo la esencia de una&nbsp;<strong>nueva era<\/strong>:&nbsp;el tratamiento del v\u00eddeo est\u00e1 lleno de detalles y de ese caracter\u00edstico matiz azul que marcar\u00e1 el universo del nuevo proyecto de&nbsp;<strong>AITANA.<\/strong><\/p>\n\n\n\n<p>La artistase encuentra en pleno crecimiento personal y profesional con un nuevo logro en el que sigue conquistando la escena actual a golpe de hits.<\/p>\n\n\n\n<figure class=\"wp-block-embed is-type-video is-provider-youtube wp-block-embed-youtube wp-embed-aspect-4-3 wp-has-aspect-ratio\"><div class=\"wp-block-embed__wrapper\">\n<div class=\"epyt-video-wrapper\"><iframe loading=\"lazy\"  id=\"_ytid_32750\"  width=\"640\" height=\"360\"  data-origwidth=\"640\" data-origheight=\"360\" src=\"https:\/\/www.youtube.com\/embed\/A8zLfSetaCE?enablejsapi=1&#038;autoplay=0&#038;cc_load_policy=0&#038;cc_lang_pref=&#038;iv_load_policy=1&#038;loop=0&#038;rel=1&#038;fs=1&#038;playsinline=0&#038;autohide=2&#038;theme=dark&#038;color=white&#038;controls=1&#038;\" class=\"__youtube_prefs__  epyt-is-override  no-lazyload\" data-vol=\"50\"  title=\"YouTube player\"  allow=\"fullscreen; accelerometer; autoplay; clipboard-write; encrypted-media; gyroscope; picture-in-picture; web-share\" referrerpolicy=\"strict-origin-when-cross-origin\" allowfullscreen data-no-lazy=\"1\" data-skipgform_ajax_framebjll=\"\"><\/iframe><\/div>\n<\/div><\/figure>\n","protected":false},"excerpt":{"rendered":"","protected":false},"author":5,"featured_media":14476,"comment_status":"open","ping_status":"open","sticky":false,"template":"","format":"standard","meta":{"om_disable_all_campaigns":false,"_uf_show_specific_survey":0,"_uf_disable_surveys":false,"footnotes":""},"categories":[4],"tags":[],"class_list":["post-14475","post","type-post","status-publish","format-standard","has-post-thumbnail","hentry","category-musica"],"_links":{"self":[{"href":"https:\/\/entrenotasyacordes.com\/index.php?rest_route=\/wp\/v2\/posts\/14475","targetHints":{"allow":["GET"]}}],"collection":[{"href":"https:\/\/entrenotasyacordes.com\/index.php?rest_route=\/wp\/v2\/posts"}],"about":[{"href":"https:\/\/entrenotasyacordes.com\/index.php?rest_route=\/wp\/v2\/types\/post"}],"author":[{"embeddable":true,"href":"https:\/\/entrenotasyacordes.com\/index.php?rest_route=\/wp\/v2\/users\/5"}],"replies":[{"embeddable":true,"href":"https:\/\/entrenotasyacordes.com\/index.php?rest_route=%2Fwp%2Fv2%2Fcomments&post=14475"}],"version-history":[{"count":1,"href":"https:\/\/entrenotasyacordes.com\/index.php?rest_route=\/wp\/v2\/posts\/14475\/revisions"}],"predecessor-version":[{"id":14477,"href":"https:\/\/entrenotasyacordes.com\/index.php?rest_route=\/wp\/v2\/posts\/14475\/revisions\/14477"}],"wp:featuredmedia":[{"embeddable":true,"href":"https:\/\/entrenotasyacordes.com\/index.php?rest_route=\/wp\/v2\/media\/14476"}],"wp:attachment":[{"href":"https:\/\/entrenotasyacordes.com\/index.php?rest_route=%2Fwp%2Fv2%2Fmedia&parent=14475"}],"wp:term":[{"taxonomy":"category","embeddable":true,"href":"https:\/\/entrenotasyacordes.com\/index.php?rest_route=%2Fwp%2Fv2%2Fcategories&post=14475"},{"taxonomy":"post_tag","embeddable":true,"href":"https:\/\/entrenotasyacordes.com\/index.php?rest_route=%2Fwp%2Fv2%2Ftags&post=14475"}],"curies":[{"name":"wp","href":"https:\/\/api.w.org\/{rel}","templated":true}]}}