{"id":14478,"date":"2025-03-17T00:39:46","date_gmt":"2025-03-17T00:39:46","guid":{"rendered":"https:\/\/entrenotasyacordes.com\/?p=14478"},"modified":"2025-03-17T00:47:52","modified_gmt":"2025-03-17T00:47:52","slug":"nonpalidece-ft-mala-rodriguezpresentantu-presencia","status":"publish","type":"post","link":"https:\/\/entrenotasyacordes.com\/?p=14478","title":{"rendered":"NONPALIDECE FT MALA RODRIGUEZ PRESENTAN\u00bbTU PRESENCIA\u00bb"},"content":{"rendered":"\n<!--more-->\n\n\n<div class=\"wp-block-image\">\n<figure class=\"aligncenter size-full is-resized\"><img loading=\"lazy\" decoding=\"async\" width=\"1300\" height=\"1300\" src=\"https:\/\/entrenotasyacordes.com\/wp-content\/uploads\/2025\/03\/18iiiiiii.jpg\" alt=\"\" class=\"wp-image-14479\" style=\"width:694px;height:auto\" srcset=\"https:\/\/entrenotasyacordes.com\/wp-content\/uploads\/2025\/03\/18iiiiiii.jpg 1300w, https:\/\/entrenotasyacordes.com\/wp-content\/uploads\/2025\/03\/18iiiiiii-300x300.jpg 300w, https:\/\/entrenotasyacordes.com\/wp-content\/uploads\/2025\/03\/18iiiiiii-1024x1024.jpg 1024w, https:\/\/entrenotasyacordes.com\/wp-content\/uploads\/2025\/03\/18iiiiiii-150x150.jpg 150w, https:\/\/entrenotasyacordes.com\/wp-content\/uploads\/2025\/03\/18iiiiiii-768x768.jpg 768w, https:\/\/entrenotasyacordes.com\/wp-content\/uploads\/2025\/03\/18iiiiiii-50x50.jpg 50w\" sizes=\"auto, (max-width: 1300px) 100vw, 1300px\" \/><\/figure>\n<\/div>\n\n\n<p>Luego del rotundo \u00e9xito de Hecho en Jamaica, un disco que no solo conquist\u00f3 a sus fans sino que tambi\u00e9n los llev\u00f3 a ser tapa digital de Billboard,&nbsp;<strong>Nonpalidece&nbsp;<\/strong>vuelve a sorprender con un lanzamiento especial.<\/p>\n\n\n\n<p>La banda presenta un&nbsp;<strong>bonus track<\/strong>&nbsp;de su m\u00e1s reciente producci\u00f3n, una obra que reversiona sus cl\u00e1sicos con una impronta renovada y colaboraciones de primer nivel.<\/p>\n\n\n\n<p>En esta ocasi\u00f3n, el grupo se une a la reconocida artista espa\u00f1ola de m\u00fasica urbana,&nbsp;<strong>Mala Rodr\u00edguez<\/strong>, para reinterpretar&nbsp;<strong>\u00abTu Presencia\u00bb<\/strong>, una pieza ic\u00f3nica de su repertorio originalmente lanzada en 2006. Esta nueva versi\u00f3n fusiona el inconfundible estilo reggae de Nonpalidece con la intensidad y el flow caracter\u00edstico de La Mala, dando como resultado una interpretaci\u00f3n fresca y vibrante que revitaliza el esp\u00edritu de la canci\u00f3n.<\/p>\n\n\n\n<p>Adem\u00e1s, Nonpalidece sigue escribiendo su camino y se prepara para hacer su primer Movistar Arena, donde presentar\u00e1n su nuevo disco \u00abHecho en Jamaica\u00bb. Con producci\u00f3n de Fenix Entertainment, la cita ser\u00e1 el 24 de abril de 2025.<\/p>\n\n\n<div class=\"wp-block-image\">\n<figure class=\"aligncenter size-full is-resized\"><img loading=\"lazy\" decoding=\"async\" width=\"660\" height=\"825\" src=\"https:\/\/entrenotasyacordes.com\/wp-content\/uploads\/2024\/11\/1e.jpg\" alt=\"\" class=\"wp-image-12711\" style=\"width:503px;height:auto\" srcset=\"https:\/\/entrenotasyacordes.com\/wp-content\/uploads\/2024\/11\/1e.jpg 660w, https:\/\/entrenotasyacordes.com\/wp-content\/uploads\/2024\/11\/1e-240x300.jpg 240w\" sizes=\"auto, (max-width: 660px) 100vw, 660px\" \/><\/figure>\n<\/div>\n\n\n<p><strong>Nonpalidece&nbsp;<\/strong>llega por primera vez al&nbsp;<strong>Movistar Arena<\/strong>&nbsp;para presentar su nuevo disco&nbsp;<strong>\u00abHecho en Jamaica\u00bb.<\/strong> Con producci\u00f3n de<strong>&nbsp;Fenix Entertainment,<\/strong>&nbsp;la cita ser\u00e1 el&nbsp;<strong>24 de abril de 2025<\/strong>; las entradas ya est\u00e1n a la venta a trav\u00e9s de&nbsp;<a>www.movistararena.com.ar<\/a>&nbsp;y hay 4 cuotas sin inter\u00e9s con Banco Provincia.<\/p>\n\n\n\n<p>Con 28 a\u00f1os de carrera y el m\u00e9rito de ser una de las bandas m\u00e1s populares y convocantes de reggae en latinoam\u00e9rica, &nbsp;<strong>Nonpalidece&nbsp;<\/strong>estrena su disco de cl\u00e1sicos donde cumplieron uno de sus mayores sue\u00f1os: viajaron a Jamaica, la cuna del reggae, para grabar esta nueva producci\u00f3n, parte de su historia musical que se re versiona en un viaje a la isla donde todo comenz\u00f3.<\/p>\n\n\n\n<p>Las canciones m\u00e1s queridas por su p\u00fablico, las m\u00e1s emblem\u00e1ticas, las que marcaron un antes y un despu\u00e9s son reinterpretadas en este \u00e1lbum, en un tracklist sin igual: La Flor, Reggae en el Universo, Love Song, En El Aire, Dame Luz, Mi Fortaleza y muchos m\u00e1s.<\/p>\n\n\n\n<p>Con la participaci\u00f3n de celebridades de la m\u00fasica como invitados de lujo, el \u00e1lbum cuenta con colaboraciones de alto nivel como&nbsp;<strong>Fito Paez, Fabiana Cantilo, Mykal Rose, No Te Va Gustar, Ke Personajes, Alborosie, Natiruts, La Delio Valdez y Juanse,<\/strong>&nbsp;entre otros artistas consagrados internacionalmente.<\/p>\n\n\n\n<p><strong>El 24 de abril en el Movistar Arena<\/strong>&nbsp;ser\u00e1 la oportunidad para escuchar en vivo los cl\u00e1sicos de&nbsp;<strong>Nonpalidece<\/strong>, estas nuevas versiones donde los acompa\u00f1ar\u00e1n ese d\u00eda algunos de los invitados que grabaron junto a ellos, ser\u00e1 un nuevo encuentro de festejo y celebraci\u00f3n, sin lugar a dudas imperdible. <strong>Pero eso no es todo, &nbsp;Brinsley Forde, La Delio Valdez, Ke Personajes y Raly Barrionuevo, son algunos de los artistas que ya dieron el s\u00ed para estar acompa\u00f1ando a Nonpalidece en el escenario esa noche.<\/strong><\/p>\n\n\n\n<p><strong>Cabe destacar que se acaba de confirmar que como banda telonera estar\u00e1 LAGUNA PAI<\/strong><\/p>\n\n\n\n<div class=\"wp-block-columns is-layout-flex wp-container-core-columns-is-layout-28f84493 wp-block-columns-is-layout-flex\">\n<div class=\"wp-block-column is-layout-flow wp-block-column-is-layout-flow\">\n<figure class=\"wp-block-image size-large\"><img loading=\"lazy\" decoding=\"async\" width=\"819\" height=\"1024\" src=\"https:\/\/entrenotasyacordes.com\/wp-content\/uploads\/2025\/03\/18iiiiiiii-819x1024.jpg\" alt=\"\" class=\"wp-image-14480\" srcset=\"https:\/\/entrenotasyacordes.com\/wp-content\/uploads\/2025\/03\/18iiiiiiii-819x1024.jpg 819w, https:\/\/entrenotasyacordes.com\/wp-content\/uploads\/2025\/03\/18iiiiiiii-240x300.jpg 240w, https:\/\/entrenotasyacordes.com\/wp-content\/uploads\/2025\/03\/18iiiiiiii-768x960.jpg 768w, https:\/\/entrenotasyacordes.com\/wp-content\/uploads\/2025\/03\/18iiiiiiii-1229x1536.jpg 1229w, https:\/\/entrenotasyacordes.com\/wp-content\/uploads\/2025\/03\/18iiiiiiii-1638x2048.jpg 1638w, https:\/\/entrenotasyacordes.com\/wp-content\/uploads\/2025\/03\/18iiiiiiii-1024x1280.jpg 1024w, https:\/\/entrenotasyacordes.com\/wp-content\/uploads\/2025\/03\/18iiiiiiii-scaled.jpg 2048w\" sizes=\"auto, (max-width: 819px) 100vw, 819px\" \/><\/figure>\n<\/div>\n<\/div>\n\n\n\n<p class=\"has-text-align-center\"><strong>Pr\u00f3ximos shows:<\/strong><br>4\/04\/25 Sala Es Gremi, Mallorca, Espa\u00f1a.<br>5\/04\/25 Sala Rocka Rock Voodoo, M\u00e1laga, Espa\u00f1a.<br>6\/04\/25 Sala Madison, Valencia, Espa\u00f1a.<br>9\/04\/25 Sala Razzmatazz, Barcelona, Espa\u00f1a.<br>11\/04\/25 Es Paradis, Ibiza, Espa\u00f1a.<br>12\/04\/25 Sala Chango, Madrid, Espa\u00f1a.<br>24\/04\/25 Movistar Arena, Buenos Aires<\/p>\n","protected":false},"excerpt":{"rendered":"","protected":false},"author":5,"featured_media":14479,"comment_status":"open","ping_status":"open","sticky":false,"template":"","format":"standard","meta":{"om_disable_all_campaigns":false,"_uf_show_specific_survey":0,"_uf_disable_surveys":false,"footnotes":""},"categories":[4,34],"tags":[],"class_list":["post-14478","post","type-post","status-publish","format-standard","has-post-thumbnail","hentry","category-musica","category-ultimas-noticias"],"_links":{"self":[{"href":"https:\/\/entrenotasyacordes.com\/index.php?rest_route=\/wp\/v2\/posts\/14478","targetHints":{"allow":["GET"]}}],"collection":[{"href":"https:\/\/entrenotasyacordes.com\/index.php?rest_route=\/wp\/v2\/posts"}],"about":[{"href":"https:\/\/entrenotasyacordes.com\/index.php?rest_route=\/wp\/v2\/types\/post"}],"author":[{"embeddable":true,"href":"https:\/\/entrenotasyacordes.com\/index.php?rest_route=\/wp\/v2\/users\/5"}],"replies":[{"embeddable":true,"href":"https:\/\/entrenotasyacordes.com\/index.php?rest_route=%2Fwp%2Fv2%2Fcomments&post=14478"}],"version-history":[{"count":3,"href":"https:\/\/entrenotasyacordes.com\/index.php?rest_route=\/wp\/v2\/posts\/14478\/revisions"}],"predecessor-version":[{"id":14492,"href":"https:\/\/entrenotasyacordes.com\/index.php?rest_route=\/wp\/v2\/posts\/14478\/revisions\/14492"}],"wp:featuredmedia":[{"embeddable":true,"href":"https:\/\/entrenotasyacordes.com\/index.php?rest_route=\/wp\/v2\/media\/14479"}],"wp:attachment":[{"href":"https:\/\/entrenotasyacordes.com\/index.php?rest_route=%2Fwp%2Fv2%2Fmedia&parent=14478"}],"wp:term":[{"taxonomy":"category","embeddable":true,"href":"https:\/\/entrenotasyacordes.com\/index.php?rest_route=%2Fwp%2Fv2%2Fcategories&post=14478"},{"taxonomy":"post_tag","embeddable":true,"href":"https:\/\/entrenotasyacordes.com\/index.php?rest_route=%2Fwp%2Fv2%2Ftags&post=14478"}],"curies":[{"name":"wp","href":"https:\/\/api.w.org\/{rel}","templated":true}]}}