{"id":14483,"date":"2025-03-17T00:43:17","date_gmt":"2025-03-17T00:43:17","guid":{"rendered":"https:\/\/entrenotasyacordes.com\/?p=14483"},"modified":"2025-03-17T00:43:18","modified_gmt":"2025-03-17T00:43:18","slug":"los-tabaleros-en-el-teatro-opera-la-plata","status":"publish","type":"post","link":"https:\/\/entrenotasyacordes.com\/?p=14483","title":{"rendered":"LOS TABALEROS EN EL TEATRO \u00d3PERA LA PLATA"},"content":{"rendered":"\n<!--more-->\n\n\n<div class=\"wp-block-image\">\n<figure class=\"aligncenter size-full\"><img loading=\"lazy\" decoding=\"async\" width=\"1080\" height=\"1080\" src=\"https:\/\/entrenotasyacordes.com\/wp-content\/uploads\/2025\/03\/18j.jpg\" alt=\"\" class=\"wp-image-14484\" srcset=\"https:\/\/entrenotasyacordes.com\/wp-content\/uploads\/2025\/03\/18j.jpg 1080w, https:\/\/entrenotasyacordes.com\/wp-content\/uploads\/2025\/03\/18j-300x300.jpg 300w, https:\/\/entrenotasyacordes.com\/wp-content\/uploads\/2025\/03\/18j-1024x1024.jpg 1024w, https:\/\/entrenotasyacordes.com\/wp-content\/uploads\/2025\/03\/18j-150x150.jpg 150w, https:\/\/entrenotasyacordes.com\/wp-content\/uploads\/2025\/03\/18j-768x768.jpg 768w, https:\/\/entrenotasyacordes.com\/wp-content\/uploads\/2025\/03\/18j-50x50.jpg 50w\" sizes=\"auto, (max-width: 1080px) 100vw, 1080px\" \/><\/figure>\n<\/div>\n\n\n<p class=\"has-text-align-left\"><strong>Los Tabaleros<\/strong>, la banda m\u00e1s original de la escena sigue girando por el pa\u00eds y revolucionando el folklore, en esta oportunidad arriban al\u00a0<strong>Teatro \u00d3pera La Plata<\/strong>\u00a0el\u00a0<strong>s\u00e1bado 5 de abril<\/strong>, 21hs.<br>\u00a0<br>Las entradas est\u00e1n\u00a0 a la venta\u00a0 por sistema\u00a0<a href=\"https:\/\/livepass.com.ar\/events\/los-tabaleros-en-el-teatro-opera-lp-05-04?utm_source=perfit&amp;utm_medium=email\" target=\"_blank\" rel=\"noreferrer noopener\">Livepass<\/a>\u00a0y boleter\u00eda del teatro. Comprando tus entradas con tarjetas Visa y MasterCard del Banco Provincia tenes 4 cuotas sin inter\u00e9s.<\/p>\n\n\n<div class=\"wp-block-image\">\n<figure class=\"aligncenter size-full\"><img loading=\"lazy\" decoding=\"async\" width=\"2560\" height=\"2048\" src=\"https:\/\/entrenotasyacordes.com\/wp-content\/uploads\/2025\/03\/18jj-scaled.jpg\" alt=\"\" class=\"wp-image-14485\" srcset=\"https:\/\/entrenotasyacordes.com\/wp-content\/uploads\/2025\/03\/18jj-scaled.jpg 2560w, https:\/\/entrenotasyacordes.com\/wp-content\/uploads\/2025\/03\/18jj-300x240.jpg 300w, https:\/\/entrenotasyacordes.com\/wp-content\/uploads\/2025\/03\/18jj-1024x819.jpg 1024w, https:\/\/entrenotasyacordes.com\/wp-content\/uploads\/2025\/03\/18jj-768x614.jpg 768w, https:\/\/entrenotasyacordes.com\/wp-content\/uploads\/2025\/03\/18jj-1536x1229.jpg 1536w, https:\/\/entrenotasyacordes.com\/wp-content\/uploads\/2025\/03\/18jj-2048x1638.jpg 2048w\" sizes=\"auto, (max-width: 2560px) 100vw, 2560px\" \/><\/figure>\n<\/div>\n\n\n<p>Luego de cerrar el 2024 a puro agite con su \u201cDespertar del Folklore Mutante\u201d en un CCKonex colmado, Los Tabaleros vienen de un a\u00f1o impresionante de recorrer el pa\u00eds con \u201cCaramelos de Felicidad\u201d y rompiendo todos los esquemas que se crucen en su camino. P\u00edcaros, divertidos y originales, fusionan el folklore con todo g\u00e9nero que se les cruce en una combinaci\u00f3n m\u00e1gica y deslumbrante que invita al encuentro y al baile.<\/p>\n\n\n\n<p>Arrancaron el 2024 tocando en el Festival de Pe\u00f1as de Jes\u00fas Mar\u00eda, uno de los eventos m\u00e1s importantes del folklore argentino. Siguieron en el legendario Cosqu\u00edn Rock, compartiendo grilla con artistas como Babas\u00f3nicos, Divididos, Ciro y Los Persas y Duki, adem\u00e1s de visitar Mendoza, Santa Fe, Comodoro Rivadavia, Tandil, Mar del Plata, Necochea, La Plata y C\u00f3rdoba, entre muchos otros lugares.<\/p>\n\n\n\n<p>El a\u00f1o pasado tambi\u00e9n hicieron tres shows a sala llena en La Trastienda, llevando a un formato m\u00e1s \u00edntimo sus fiestas porte\u00f1as.<\/p>\n\n\n\n<p>Este a\u00f1o, el grupo conformado por Roberto Luis Mart\u00ednez, \u201cBeto\u201d (Guitarra y Voz), Jos\u00e9 Mar\u00eda Mart\u00ednez, (Guitarra y Voz), F\u00e9lix Mateos (Bombo y Voz), Joaqu\u00edn Lagos (Bajo y Voz) y Tob\u00edas Fabio (Guitarra el\u00e9ctrica) seguir\u00e1 recorriendo el pa\u00eds con sus c\u00e1nticos y su gira de Folklore Mutante. Adem\u00e1s fueron anunciados como uno de los artistas del pr\u00f3ximo Quilmes Rock.<\/p>\n\n\n\n<p class=\"has-text-align-center\"><strong>M\u00e1s informaci\u00f3n de Los Tabaleros<\/strong><\/p>\n\n\n\n<p>Los Tabaleros es un grupo porte\u00f1o folcl\u00f3rico con influencias del punk rock. En sus primeros a\u00f1os se dedicaron a interpretar y a entender el m\u00e1s tradicional folk vern\u00e1culo y poco a poco hicieron carne su necesidad real de innovar y expresarse.<\/p>\n\n\n\n<p>La banda tiene un origen folcl\u00f3rico, pero tambi\u00e9n abrazan todo tipo de est\u00e9ticas musicales y art\u00edsticas, llevan a cabo obras perform\u00e1ticas pasando desde el formato ac\u00fasticos a teatro a ciegas, como tambi\u00e9n recitales en la escena del rock nacional.<\/p>\n\n\n\n<p>El primer \u00e1lbum de Los Tabaleros se edit\u00f3 en 2009: \u00abCarmes\u00ed\u00bb. En 2013 sacan su segundo \u00e1lbum, \u00abLolita\u00bb. En 2015 presentan \u00ab\u00a1Tuy!\u00bb y en el 2019 \u201cChuy\u201d.<\/p>\n\n\n\n<p>En abril de 2020 lanzan el \u00e1lbum \u201cUna Noche En El Para\u00edso Escondido\u201d. Este trabajo recopila todos los \u00e9xitos del grupo en versiones especiales, las cuales fueron grabadas en vivo con la colaboraci\u00f3n de grandes artistas como Miranda, Los Aut\u00e9nticos Decadentes, el Mono de Kapanga, Los Caligaris, Las Pastillas del Abuelo.<\/p>\n\n\n\n<p>En 2023 presentaron su \u00faltimo trabajo discogr\u00e1fico, \u201cCaramelos de felicidad\u201d, que cuenta colaboraciones con Soledad, Sandro y 2 Minutos.<\/p>\n\n\n\n<p>Gracias a su versatilidad, la banda se ha presentado en diferentes festivales como Jes\u00fas Mar\u00eda, Cosqu\u00edn Rock, Cosqu\u00edn Folklore, Baradero Rock y Quilmes Rock entre otros. Adem\u00e1s, cada a\u00f1o recorren el pa\u00eds de punta a punta con su m\u00fasica, que sigue expandi\u00e9ndose por el mundo.<\/p>\n","protected":false},"excerpt":{"rendered":"","protected":false},"author":5,"featured_media":14484,"comment_status":"open","ping_status":"open","sticky":false,"template":"","format":"standard","meta":{"om_disable_all_campaigns":false,"_uf_show_specific_survey":0,"_uf_disable_surveys":false,"footnotes":""},"categories":[36],"tags":[],"class_list":["post-14483","post","type-post","status-publish","format-standard","has-post-thumbnail","hentry","category-conciertos"],"_links":{"self":[{"href":"https:\/\/entrenotasyacordes.com\/index.php?rest_route=\/wp\/v2\/posts\/14483","targetHints":{"allow":["GET"]}}],"collection":[{"href":"https:\/\/entrenotasyacordes.com\/index.php?rest_route=\/wp\/v2\/posts"}],"about":[{"href":"https:\/\/entrenotasyacordes.com\/index.php?rest_route=\/wp\/v2\/types\/post"}],"author":[{"embeddable":true,"href":"https:\/\/entrenotasyacordes.com\/index.php?rest_route=\/wp\/v2\/users\/5"}],"replies":[{"embeddable":true,"href":"https:\/\/entrenotasyacordes.com\/index.php?rest_route=%2Fwp%2Fv2%2Fcomments&post=14483"}],"version-history":[{"count":1,"href":"https:\/\/entrenotasyacordes.com\/index.php?rest_route=\/wp\/v2\/posts\/14483\/revisions"}],"predecessor-version":[{"id":14486,"href":"https:\/\/entrenotasyacordes.com\/index.php?rest_route=\/wp\/v2\/posts\/14483\/revisions\/14486"}],"wp:featuredmedia":[{"embeddable":true,"href":"https:\/\/entrenotasyacordes.com\/index.php?rest_route=\/wp\/v2\/media\/14484"}],"wp:attachment":[{"href":"https:\/\/entrenotasyacordes.com\/index.php?rest_route=%2Fwp%2Fv2%2Fmedia&parent=14483"}],"wp:term":[{"taxonomy":"category","embeddable":true,"href":"https:\/\/entrenotasyacordes.com\/index.php?rest_route=%2Fwp%2Fv2%2Fcategories&post=14483"},{"taxonomy":"post_tag","embeddable":true,"href":"https:\/\/entrenotasyacordes.com\/index.php?rest_route=%2Fwp%2Fv2%2Ftags&post=14483"}],"curies":[{"name":"wp","href":"https:\/\/api.w.org\/{rel}","templated":true}]}}