{"id":14487,"date":"2025-03-17T00:47:09","date_gmt":"2025-03-17T00:47:09","guid":{"rendered":"https:\/\/entrenotasyacordes.com\/?p=14487"},"modified":"2025-03-17T00:47:10","modified_gmt":"2025-03-17T00:47:10","slug":"anitta-muestra-su-vulnerabilidad-en-su-nuevo-tema-larissa-de-larissa-the-other-side-of-anitta","status":"publish","type":"post","link":"https:\/\/entrenotasyacordes.com\/?p=14487","title":{"rendered":"ANITTA MUESTRA SU VULNERABILIDAD EN SU NUEVO TEMA \u00abLARISSA (DE LARISSA: THE OTHER SIDE OF ANITTA)\u00bb"},"content":{"rendered":"\n<!--more-->\n\n\n<div class=\"wp-block-image\">\n<figure class=\"aligncenter size-full is-resized\"><img loading=\"lazy\" decoding=\"async\" width=\"426\" height=\"534\" src=\"https:\/\/entrenotasyacordes.com\/wp-content\/uploads\/2025\/03\/18jjj.webp\" alt=\"\" class=\"wp-image-14488\" style=\"width:694px;height:auto\" srcset=\"https:\/\/entrenotasyacordes.com\/wp-content\/uploads\/2025\/03\/18jjj.webp 426w, https:\/\/entrenotasyacordes.com\/wp-content\/uploads\/2025\/03\/18jjj-239x300.webp 239w\" sizes=\"auto, (max-width: 426px) 100vw, 426px\" \/><\/figure>\n<\/div>\n\n\n<p class=\"has-text-align-left\">Cantando sobre permitirse ser vulnerable,&nbsp;<strong>ANITTA<\/strong>&nbsp;comparte&nbsp;<strong><em>\u201cLARISSA (FROM LARISSA: THE OTHER SIDE OF ANITTA)\u201d<\/em><\/strong><em>.&nbsp;<\/em>La canci\u00f3n forma parte de la banda sonora del documental de Netflix de la cantante, estrenado a principios de marzo, y reflexiona sobre la fuerza que se necesita para revelar tu yo m\u00e1s \u00edntimo a alguien.<\/p>\n\n\n\n<p class=\"has-text-align-left\"><em>\u201cTe haces el loco \/ No te das cuenta \/ Pero es tan obvio \/ Que me ves, que me miras\u201d,<\/em>&nbsp;cantan los versos en espa\u00f1ol, que demuestran el tipo de fragilidad rom\u00e1ntica a\u00fan in\u00e9dita en la discograf\u00eda de la carioca. Aqu\u00ed, ANITTA narra detalles de una relaci\u00f3n ligera y sin miedo entre dos personas que no temen ser ellas mismas cuando est\u00e1n juntas. Es un lugar seguro para Larissa (nombre de pila de la artista).<\/p>\n\n\n<div class=\"wp-block-image\">\n<figure class=\"aligncenter size-full is-resized\"><img loading=\"lazy\" decoding=\"async\" width=\"436\" height=\"550\" src=\"https:\/\/entrenotasyacordes.com\/wp-content\/uploads\/2025\/03\/18jjjj.webp\" alt=\"\" class=\"wp-image-14489\" style=\"width:503px;height:auto\" srcset=\"https:\/\/entrenotasyacordes.com\/wp-content\/uploads\/2025\/03\/18jjjj.webp 436w, https:\/\/entrenotasyacordes.com\/wp-content\/uploads\/2025\/03\/18jjjj-238x300.webp 238w\" sizes=\"auto, (max-width: 436px) 100vw, 436px\" \/><\/figure>\n<\/div>\n\n\n<p><em>\u00abMi m\u00fasica siempre ha tratado de la fuerza, \u00bfverdad? Especialmente la fuerza femenina. Pero en lo que respecta a este tema y a la pel\u00edcula, siento que he descubierto un nuevo tipo de fuerza al permitirme ser fr\u00e1gil, fallar y cometer errores. &#8216;LARISSA&nbsp;<\/em><em>(FROM LARISSA: THE OTHER SIDE OF ANITTA)<\/em><em>&#8216; no ser\u00eda posible si no fuera por este proceso, en el que Larissa se sinti\u00f3 cada vez m\u00e1s c\u00f3moda para aparecer\u00bb.<\/em><\/p>\n\n\n\n<p>La letra fue escrita por la propia cantante, en colaboraci\u00f3n con<strong>&nbsp;Essa Gante<\/strong>&nbsp;(que ha colaborado con&nbsp;<strong>Bad Bunny<\/strong>&nbsp;y&nbsp;<strong>Belinda<\/strong>),&nbsp;<strong>Daniel Sobrino<\/strong>&nbsp;y&nbsp;<strong>Caleb Calloway<\/strong>&nbsp;(<strong>Rauw Alejandro<\/strong>) &#8211; este \u00faltimo tambi\u00e9n responsable de la producci\u00f3n musical del tema, que tiene una atm\u00f3sfera \u00edntima. El arreglo, por cierto, es otra novedad en el cat\u00e1logo de Girl from Rio.&nbsp;<em>\u201cLARISSA (FROM LARISSA: THE OTHER SIDE OF ANITTA)\u201d<\/em>&nbsp;incorpora elementos de bater\u00eda y bajo, subg\u00e9nero de la m\u00fasica electr\u00f3nica brit\u00e1nica, caracterizado por ritmos r\u00e1pidos y minimalistas, se mezcla aqu\u00ed con momentos de reggaeton.<\/p>\n\n\n\n<p>El tema sali\u00f3 a la luz por primera vez con el documental&nbsp;<strong><em>&#8216;Larissa: The Other Side of Anitta&#8217;<\/em><\/strong>, donde sonaba durante las escenas finales. El largometraje se estren\u00f3 el 6 de marzo de 2025.<\/p>\n\n\n\n<div class=\"wp-block-columns is-layout-flex wp-container-core-columns-is-layout-28f84493 wp-block-columns-is-layout-flex\">\n<div class=\"wp-block-column is-layout-flow wp-block-column-is-layout-flow\"><div class=\"wp-block-image\">\n<figure class=\"aligncenter size-full\"><img loading=\"lazy\" decoding=\"async\" width=\"518\" height=\"652\" src=\"https:\/\/entrenotasyacordes.com\/wp-content\/uploads\/2025\/03\/18jjjjj.webp\" alt=\"\" class=\"wp-image-14490\" srcset=\"https:\/\/entrenotasyacordes.com\/wp-content\/uploads\/2025\/03\/18jjjjj.webp 518w, https:\/\/entrenotasyacordes.com\/wp-content\/uploads\/2025\/03\/18jjjjj-238x300.webp 238w\" sizes=\"auto, (max-width: 518px) 100vw, 518px\" \/><\/figure>\n<\/div><\/div>\n<\/div>\n\n\n\n<p class=\"has-text-align-left\">ANITTA comparti\u00f3 su emoci\u00f3n:&nbsp;<em>\u00abTen\u00eda muchas ganas de estrenar el documental y estoy muy contenta de presentar un poco de Larissa al mundo, sin filtros. La pel\u00edcula tambi\u00e9n muestra el recorrido de mi carrera internacional, lo que da a este homenaje en Los \u00c1ngeles un toque muy especial\u00bb.<\/em><\/p>\n\n\n\n<p><em>&#8216;Larissa: The Other side of Anitta&#8217;,&nbsp;<\/em>sigue el viaje de autoconocimiento de la artista captado a trav\u00e9s de los ojos \u00edntimos de un antiguo amor de juventud, que ahora tiene la misi\u00f3n de ayudar a revelar al mundo qui\u00e9n es la verdadera Larissa. La producci\u00f3n tambi\u00e9n presenta momentos ic\u00f3nicos de la carioca, como escenas entre bastidores en el&nbsp;<strong>Carnaval de R\u00edo de Janeiro<\/strong>, logros sin precedentes en premios y festivales internacionales, as\u00ed como el primer puesto en las listas mundiales con el \u00e9xito&nbsp;<strong>\u201c<em>Envolver\u201d<\/em><\/strong>.<\/p>\n\n\n\n<p class=\"has-text-align-left\">Dos d\u00edas despu\u00e9s del estreno del documental, la artista estren\u00f3 la canci\u00f3n en el tr\u00edo el\u00e9ctrico Bloco da Anitta, en R\u00edo de Janeiro, ante un p\u00fablico de cerca de 1.1 millones de personas.<\/p>\n","protected":false},"excerpt":{"rendered":"","protected":false},"author":5,"featured_media":14490,"comment_status":"open","ping_status":"open","sticky":false,"template":"","format":"standard","meta":{"om_disable_all_campaigns":false,"_uf_show_specific_survey":0,"_uf_disable_surveys":false,"footnotes":""},"categories":[4,34],"tags":[],"class_list":["post-14487","post","type-post","status-publish","format-standard","has-post-thumbnail","hentry","category-musica","category-ultimas-noticias"],"_links":{"self":[{"href":"https:\/\/entrenotasyacordes.com\/index.php?rest_route=\/wp\/v2\/posts\/14487","targetHints":{"allow":["GET"]}}],"collection":[{"href":"https:\/\/entrenotasyacordes.com\/index.php?rest_route=\/wp\/v2\/posts"}],"about":[{"href":"https:\/\/entrenotasyacordes.com\/index.php?rest_route=\/wp\/v2\/types\/post"}],"author":[{"embeddable":true,"href":"https:\/\/entrenotasyacordes.com\/index.php?rest_route=\/wp\/v2\/users\/5"}],"replies":[{"embeddable":true,"href":"https:\/\/entrenotasyacordes.com\/index.php?rest_route=%2Fwp%2Fv2%2Fcomments&post=14487"}],"version-history":[{"count":1,"href":"https:\/\/entrenotasyacordes.com\/index.php?rest_route=\/wp\/v2\/posts\/14487\/revisions"}],"predecessor-version":[{"id":14491,"href":"https:\/\/entrenotasyacordes.com\/index.php?rest_route=\/wp\/v2\/posts\/14487\/revisions\/14491"}],"wp:featuredmedia":[{"embeddable":true,"href":"https:\/\/entrenotasyacordes.com\/index.php?rest_route=\/wp\/v2\/media\/14490"}],"wp:attachment":[{"href":"https:\/\/entrenotasyacordes.com\/index.php?rest_route=%2Fwp%2Fv2%2Fmedia&parent=14487"}],"wp:term":[{"taxonomy":"category","embeddable":true,"href":"https:\/\/entrenotasyacordes.com\/index.php?rest_route=%2Fwp%2Fv2%2Fcategories&post=14487"},{"taxonomy":"post_tag","embeddable":true,"href":"https:\/\/entrenotasyacordes.com\/index.php?rest_route=%2Fwp%2Fv2%2Ftags&post=14487"}],"curies":[{"name":"wp","href":"https:\/\/api.w.org\/{rel}","templated":true}]}}