{"id":14498,"date":"2025-03-17T00:57:12","date_gmt":"2025-03-17T00:57:12","guid":{"rendered":"https:\/\/entrenotasyacordes.com\/?p=14498"},"modified":"2025-03-17T00:57:13","modified_gmt":"2025-03-17T00:57:13","slug":"luciano-pereyra-anuncia-su-tour-2025-te-sigo-amando-entradas-ya-a-la-venta","status":"publish","type":"post","link":"https:\/\/entrenotasyacordes.com\/?p=14498","title":{"rendered":"LUCIANO PEREYRA ANUNCIA SU TOUR 2025 \u00abTE SIGO AMANDO\u00bb &#8211; ENTRADAS YA A LA VENTA"},"content":{"rendered":"\n<!--more-->\n\n\n\n<p class=\"has-text-align-left\">Luciano Pereyra anuncia las primeras fechas de su nuevo tour \u201cTe sigo amando\u201d que comenzar\u00e1 el 27 de septiembre en el Movistar Arena de Chile y continuar\u00e1 con cinco presentaciones en octubre y noviembre en el Movistar Arena de Buenos Aires.<\/p>\n\n\n\n<p><strong>VENTA DE ENTRADAS DESDE VIERNES 14 DE MARZO 10:00 (AM) &#8211;\u00a0<a href=\"https:\/\/ar.umusic-online.com\/c\/AQiFlA4Q2JYqGOSCsYoBIKS7xgq4Cg5mnBUlxbeNjUR-l5-NpXbK9NlsAFKRXPT4y-KfTg\">lucianopereyra.com\/tesigoamando<\/a><\/strong><\/p>\n\n\n<div class=\"wp-block-image\">\n<figure class=\"aligncenter size-full\"><img loading=\"lazy\" decoding=\"async\" width=\"660\" height=\"825\" src=\"https:\/\/entrenotasyacordes.com\/wp-content\/uploads\/2025\/03\/18jjjjjjjjj.webp\" alt=\"\" class=\"wp-image-14499\" srcset=\"https:\/\/entrenotasyacordes.com\/wp-content\/uploads\/2025\/03\/18jjjjjjjjj.webp 660w, https:\/\/entrenotasyacordes.com\/wp-content\/uploads\/2025\/03\/18jjjjjjjjj-240x300.webp 240w\" sizes=\"auto, (max-width: 660px) 100vw, 660px\" \/><\/figure>\n<\/div>\n\n\n<p class=\"has-text-align-left\">El cantautor argentino&nbsp;<strong>Luciano Pereyra<\/strong>&nbsp;regresa con un sorprendente show que se enmarca en su gira en vivo denominada \u201c<strong>Te sigo amando<\/strong>\u201d. El cantante oriundo de la ciudad de Luj\u00e1n acaba de anunciar las fechas que componen su gira para este a\u00f1o, el que contemplan conciertos en&nbsp;<strong>Santiago de Chile<\/strong>,&nbsp;<strong>Buenos Aires<\/strong>,&nbsp;<strong>C\u00f3rdoba<\/strong>,&nbsp;<strong>Rosario<\/strong>,&nbsp;<strong>Mendoza<\/strong>&nbsp;y&nbsp;<strong>Neuqu\u00e9n<\/strong>. En Buenos Aires el artista confirm\u00f3 que se presentar\u00e1 el&nbsp;<strong>3, 4 y 5 de octubre y 22 y 23 de noviembre en el Movistar Arena<\/strong>. Entradas a la venta en&nbsp;<a href=\"https:\/\/ar.umusic-online.com\/c\/AQiFlA4Q2JYqGOSCsYoBIMzQxgoc0nyAag1gC_E95b_llsfnwMPQ2bBFmAuh_jp0ywWVFw\">movistararena.com.ar<\/a>.<br><br>Luciano presentar\u00e1 sus nuevas canciones las que, por cierto, compartir\u00e1n el setlist con todos los \u00e9xitos de siempre. La gira promete sorprender y encantar a sus miles de fans que nuevamente esperan vivir el viaje rom\u00e1ntico e \u00edntimo que Luciano despliega en cada una de sus presentaciones, las que han permitido que a\u00f1o a a\u00f1o el artista logre r\u00e9cords de asistencia de p\u00fablico a sus conciertos tanto en Argentina como en diversas ciudades de Latinoam\u00e9rica.<\/p>\n\n\n\n<p>Sobre la nueva gira, el cantante coment\u00f3:&nbsp;<em>\u00abUno siempre anhela volver a los lugares donde ama, donde es feliz. Por eso en cada uno de nuestros reencuentros nos cantaremos desde el coraz\u00f3n para sentir que #TeSigoAmando, QUE NOS SEGUIMOS AMANDO\u00bb<\/em><\/p>\n\n\n\n<p>Tras un extraordinario 2024 donde&nbsp;<strong>el cantante hizo historia con 34 conciertos sold out en el estadio Luna Park de Buenos Aires<\/strong>&nbsp;junto a&nbsp;<strong>Abel Pintos<\/strong>, Luciano arranc\u00f3 este a\u00f1o present\u00e1ndose con gran \u00e9xito en los principales festivales de la temporada estival. Junto con eso,&nbsp;<strong>el artista continu\u00f3 adelantando material de su pr\u00f3ximo \u00e1lbum de estudio<\/strong>&nbsp;con el lanzamiento de&nbsp;<strong>\u00abTe pido un favor\u00bb<\/strong>, una cumbia pop que lleg\u00f3 justo para celebrar el D\u00eda del amor. A esa canci\u00f3n se uni\u00f3 adem\u00e1s&nbsp;<strong>\u201cAhora resulta\u201d<\/strong>, que grab\u00f3 junto al rapero y cantante argentino&nbsp;<strong>Emanero<\/strong>&nbsp;y que, a la fecha, ya acumula cientos de miles de reproducciones en plataformas.<\/p>\n\n\n\n<p class=\"has-text-align-left\">Ahora,\u00a0<strong>Luciano Pereyra regresa para seguir cautivando a su fanaticada con las nuevas y ya cl\u00e1sicas canciones de su repertorio<\/strong>. Las entradas para ver y escuchar el Tour \u201cTe sigo amando\u201d, est\u00e1n disponibles desde el viernes 14 de marzo a las 10:00 AM a trav\u00e9s de\u00a0<a href=\"https:\/\/ar.umusic-online.com\/c\/AQiFlA4Q2JYqGOSCsYoBIKS7xgq4Cg5mnBUlxbeNjUR-l5-NpXbK9NlsAFKRXPT4y-KfTg\">lucianopereyra.com\/tesigoamando<\/a><\/p>\n\n\n\n<p class=\"has-text-align-center\"><strong>TOUR\u00a0TE SIGO AMANDO<\/strong><br>27 de septiembre &#8211; Movistar Arena, Chile<br>3, 4 y 5 de octubre\u00a0&#8211; Movistar Arena, Buenos Aires<br>24, 25 y 26 de octubre &#8211; Quality Arena, C\u00f3rdoba<br>31 de octubre y 1 de noviembre &#8211; Metropolitano, Rosario<br>7 y 8 de noviembre &#8211; Arena Maip\u00fa, Mendoza<br>22 y 23 de noviembre &#8211; Movistar Arena, Buenos Aires<br>29 de noviembre &#8211; Ruca Che, Neuqu\u00e9n<\/p>\n","protected":false},"excerpt":{"rendered":"","protected":false},"author":5,"featured_media":14499,"comment_status":"open","ping_status":"open","sticky":false,"template":"","format":"standard","meta":{"om_disable_all_campaigns":false,"_uf_show_specific_survey":0,"_uf_disable_surveys":false,"footnotes":""},"categories":[36],"tags":[],"class_list":["post-14498","post","type-post","status-publish","format-standard","has-post-thumbnail","hentry","category-conciertos"],"_links":{"self":[{"href":"https:\/\/entrenotasyacordes.com\/index.php?rest_route=\/wp\/v2\/posts\/14498","targetHints":{"allow":["GET"]}}],"collection":[{"href":"https:\/\/entrenotasyacordes.com\/index.php?rest_route=\/wp\/v2\/posts"}],"about":[{"href":"https:\/\/entrenotasyacordes.com\/index.php?rest_route=\/wp\/v2\/types\/post"}],"author":[{"embeddable":true,"href":"https:\/\/entrenotasyacordes.com\/index.php?rest_route=\/wp\/v2\/users\/5"}],"replies":[{"embeddable":true,"href":"https:\/\/entrenotasyacordes.com\/index.php?rest_route=%2Fwp%2Fv2%2Fcomments&post=14498"}],"version-history":[{"count":1,"href":"https:\/\/entrenotasyacordes.com\/index.php?rest_route=\/wp\/v2\/posts\/14498\/revisions"}],"predecessor-version":[{"id":14500,"href":"https:\/\/entrenotasyacordes.com\/index.php?rest_route=\/wp\/v2\/posts\/14498\/revisions\/14500"}],"wp:featuredmedia":[{"embeddable":true,"href":"https:\/\/entrenotasyacordes.com\/index.php?rest_route=\/wp\/v2\/media\/14499"}],"wp:attachment":[{"href":"https:\/\/entrenotasyacordes.com\/index.php?rest_route=%2Fwp%2Fv2%2Fmedia&parent=14498"}],"wp:term":[{"taxonomy":"category","embeddable":true,"href":"https:\/\/entrenotasyacordes.com\/index.php?rest_route=%2Fwp%2Fv2%2Fcategories&post=14498"},{"taxonomy":"post_tag","embeddable":true,"href":"https:\/\/entrenotasyacordes.com\/index.php?rest_route=%2Fwp%2Fv2%2Ftags&post=14498"}],"curies":[{"name":"wp","href":"https:\/\/api.w.org\/{rel}","templated":true}]}}