{"id":14501,"date":"2025-03-17T01:03:19","date_gmt":"2025-03-17T01:03:19","guid":{"rendered":"https:\/\/entrenotasyacordes.com\/?p=14501"},"modified":"2025-03-17T01:03:20","modified_gmt":"2025-03-17T01:03:20","slug":"marian-moretti-juira-2-con-que-necesidad-por-el-exito-de-publico-agrega-funcion","status":"publish","type":"post","link":"https:\/\/entrenotasyacordes.com\/?p=14501","title":{"rendered":"MARIAN MORETTI \u201cJUIRA 2 \u00bfCON QU\u00c9 NECESIDAD?\u201d POR EL \u00c9XITO DE P\u00daBLICO AGREGA FUNCI\u00d3N"},"content":{"rendered":"\n<!--more-->\n\n\n\n<p class=\"has-text-align-center\"><strong>Jueves 27 de MARZO 22 hs<\/strong> <br><strong>PASEO LA PLAZA<\/strong><\/p>\n\n\n<div class=\"wp-block-image\">\n<figure class=\"aligncenter size-full\"><img loading=\"lazy\" decoding=\"async\" width=\"1000\" height=\"1000\" src=\"https:\/\/entrenotasyacordes.com\/wp-content\/uploads\/2025\/03\/18jjjjjjjjjj.png\" alt=\"\" class=\"wp-image-14502\" srcset=\"https:\/\/entrenotasyacordes.com\/wp-content\/uploads\/2025\/03\/18jjjjjjjjjj.png 1000w, https:\/\/entrenotasyacordes.com\/wp-content\/uploads\/2025\/03\/18jjjjjjjjjj-300x300.png 300w, https:\/\/entrenotasyacordes.com\/wp-content\/uploads\/2025\/03\/18jjjjjjjjjj-150x150.png 150w, https:\/\/entrenotasyacordes.com\/wp-content\/uploads\/2025\/03\/18jjjjjjjjjj-768x768.png 768w, https:\/\/entrenotasyacordes.com\/wp-content\/uploads\/2025\/03\/18jjjjjjjjjj-50x50.png 50w\" sizes=\"auto, (max-width: 1000px) 100vw, 1000px\" \/><\/figure>\n<\/div>\n\n\n<p>Debido al \u00e9xito de&nbsp;<strong>\u201cJUIRA 2 \u00bfCON QU\u00c9 NECESIDAD?\u201d<\/strong>&nbsp;el unipersonal de humor con&nbsp;&nbsp;<strong>Marian Moretti<\/strong>, escrito junto a&nbsp;<strong>Diego Reinhold<\/strong>, llega una nueva funci\u00f3n el&nbsp;<strong>27 de marzo a las 22<\/strong><strong>&nbsp;hs<\/strong>&nbsp;<strong>en la Sala Pablo Picasso del Paseo La Plaza (Av. Corrientes 1660. Entradas a la venta en&nbsp;<a href=\"http:\/\/www.plateanet.com\/\">www.plateanet.com<\/a>&nbsp;o boleter\u00eda del teatro.<\/strong><\/p>\n\n\n\n<p><em>La simpat\u00eda y el talento de Marian en el escenario, hicieron que el p\u00fablico pida esta nueva funci\u00f3n. Las entradas ya se encuentran a la venta en a la venta en&nbsp;<a href=\"http:\/\/www.plateanet.com\/\" target=\"_blank\" rel=\"noreferrer noopener\">www.plateanet.com<\/a>&nbsp;o en boleter\u00eda del teatro.<\/em><\/p>\n\n\n\n<p><strong><em>JUIRA 2 \u00bfCON QU\u00c9 NECESIDAD?<\/em><\/strong>&nbsp;es un espect\u00e1culo unipersonal en que&nbsp;<strong>Marian Moretti<\/strong>&nbsp;despliega su desparpajo, histrionismo y versatilidad en un show deslumbrante, donde el humor, la m\u00fasica y la sorpresa se mezclan con la iron\u00eda y el absurdo. En esta propuesta teatral, Marian presenta una experiencia inteligente y cautivadora, dirigida por el multipremiado y reconocido Diego Reinhold, con quien tambi\u00e9n comparte autor\u00eda de la pieza. Una combinaci\u00f3n explosiva de ingenio y creatividad que promete dejar a la audiencia sin aliento.<\/p>\n\n\n\n<p><strong>SOBRE MARIAN<\/strong><\/p>\n\n\n\n<p>Marian Moretti cuenta ya con una vasta trayectoria como actriz habiendo formado parte en diversos sets de cine y televisi\u00f3n. <\/p>\n\n\n\n<p>Entre los trabajos en los que particip\u00f3 cabe mencionar:<br>\u201cQuiero vivir a tu lado\u201d (Serie) Dirigido por Alejandro Ib\u00e1\u00f1ez; Gustavo Luppi. POL-KA.\u00a0\u00a0\u00a0\u00a0<br>\u201cLa mujer del fuego\u201d (Largometraje). Director Nacho Ascua.\u00a0\u00a0\u00a0\u00a0\u00a0\u00a0\u00a0\u00a0<br>\u201cChaira\u201d (Serie) Director Lisandro Ipi\u00f1a &#8211; STAR PLUS.<br>\u201cLa esquina\u201d (Cortometraje) de Agust\u00edn Carbonere &#8211; DISNEY PLUS.<br>\u201cEl amor despu\u00e9s del amor\u201d (Serie) Dirigido por Felipe G\u00f3mez Aparicio; Gonzalo Tobal-\u00a0 NETFLIX.<br>\u201cDivisi\u00f3n Palermo\u201d (Serie) Dirigido por Santiago Korovsky; Diego N\u00fa\u00f1ez Yrigoyen \u2013NETFLIX.<br>\u201cEntre hombres\u201d (Serie) Direcci\u00f3n Pablo Fendrik \u2013 HBO.<\/p>\n\n\n\n<p>2021, particip\u00f3 de la obra \u201cLa Huelga de las escobas\u201d dirigido por Gustavo Armas en el Bs As Social Club 2022, protagoniz\u00f3 el unipersonal \u201cArder\u00e1\u201d, de Alejandro Schiacapasse en el Port\u00f3n de S\u00e1nchez.<br>2023, present\u00f3\u00a0<strong>\u201cJUIRA Tour \u00bfUds. bien?\u201d<\/strong>\u00a0en el \u201cTeatro Picadilly\u201d realizando una temporada exitosa que finaliz\u00f3 con una Gira Nacional present\u00e1ndose tambi\u00e9n en Uruguay. Tambi\u00e9n form\u00f3 parte del elenco de \u201cNoche Corta\u201d, dirigida por Ricky Pashkus en el Teatro Politeama.<br>En 2024 realiz\u00f3 el unipersonal \u201cExceso de se\u00f1ora\u201d en el Teatro Buenos Aires.<\/p>\n\n\n\n<p><strong>Palabras de Director<\/strong><br>Formar parte de este proyecto ha sido y es un viaje incre\u00edble. Como director y coautor, colaborar con una artista tan talentosa como Marian es un placer. Este unipersonal no solo busca hacer re\u00edr, sino tambi\u00e9n abrir un espacio para reflexionar, conectar y celebrar.<\/p>\n\n\n\n<p>Marian tiene una capacidad \u00fanica para transformar sus vivencias en humor y estamos ansiosos por compartir con el p\u00fablico todo lo que hemos creado. Porque si algo tengo claro, es que el humor puede ser tan poderoso como liberador. Espero que este espect\u00e1culo deje huella, tanto en las risas como en los corazones.<strong>\u00a0 \u00a0 \u00a0 \u00a0 \u00a0 \u00a0 \u00a0 \u00a0 \u00a0 \u00a0 \u00a0 \u00a0 \u00a0 \u00a0 \u00a0 \u00a0 \u00a0 \u00a0 \u00a0 \u00a0 \u00a0 \u00a0 \u00a0 \u00a0 \u00a0 \u00a0 \u00a0 \u00a0 \u00a0 \u00a0 \u00a0 \u00a0 \u00a0 \u00a0 \u00a0 \u00a0 \u00a0 \u00a0 \u00a0 \u00a0 \u00a0 \u00a0 \u00a0 \u00a0 \u00a0 \u00a0 \u00a0 \u00a0 \u00a0 \u00a0 \u00a0 \u00a0 \u00a0 \u00a0 \u00a0 \u00a0 \u00a0 \u00a0 \u00a0 \u00a0 \u00a0 <\/strong><\/p>\n\n\n\n<p>Diego Reinhold\u00a0<\/p>\n","protected":false},"excerpt":{"rendered":"","protected":false},"author":5,"featured_media":14502,"comment_status":"open","ping_status":"open","sticky":false,"template":"","format":"standard","meta":{"om_disable_all_campaigns":false,"_uf_show_specific_survey":0,"_uf_disable_surveys":false,"footnotes":""},"categories":[9],"tags":[],"class_list":["post-14501","post","type-post","status-publish","format-standard","has-post-thumbnail","hentry","category-cine-y-teatro"],"_links":{"self":[{"href":"https:\/\/entrenotasyacordes.com\/index.php?rest_route=\/wp\/v2\/posts\/14501","targetHints":{"allow":["GET"]}}],"collection":[{"href":"https:\/\/entrenotasyacordes.com\/index.php?rest_route=\/wp\/v2\/posts"}],"about":[{"href":"https:\/\/entrenotasyacordes.com\/index.php?rest_route=\/wp\/v2\/types\/post"}],"author":[{"embeddable":true,"href":"https:\/\/entrenotasyacordes.com\/index.php?rest_route=\/wp\/v2\/users\/5"}],"replies":[{"embeddable":true,"href":"https:\/\/entrenotasyacordes.com\/index.php?rest_route=%2Fwp%2Fv2%2Fcomments&post=14501"}],"version-history":[{"count":1,"href":"https:\/\/entrenotasyacordes.com\/index.php?rest_route=\/wp\/v2\/posts\/14501\/revisions"}],"predecessor-version":[{"id":14503,"href":"https:\/\/entrenotasyacordes.com\/index.php?rest_route=\/wp\/v2\/posts\/14501\/revisions\/14503"}],"wp:featuredmedia":[{"embeddable":true,"href":"https:\/\/entrenotasyacordes.com\/index.php?rest_route=\/wp\/v2\/media\/14502"}],"wp:attachment":[{"href":"https:\/\/entrenotasyacordes.com\/index.php?rest_route=%2Fwp%2Fv2%2Fmedia&parent=14501"}],"wp:term":[{"taxonomy":"category","embeddable":true,"href":"https:\/\/entrenotasyacordes.com\/index.php?rest_route=%2Fwp%2Fv2%2Fcategories&post=14501"},{"taxonomy":"post_tag","embeddable":true,"href":"https:\/\/entrenotasyacordes.com\/index.php?rest_route=%2Fwp%2Fv2%2Ftags&post=14501"}],"curies":[{"name":"wp","href":"https:\/\/api.w.org\/{rel}","templated":true}]}}