{"id":14510,"date":"2025-03-20T16:05:19","date_gmt":"2025-03-20T16:05:19","guid":{"rendered":"https:\/\/entrenotasyacordes.com\/?p=14510"},"modified":"2025-03-20T16:05:20","modified_gmt":"2025-03-20T16:05:20","slug":"kevin-roldan-llega-el-17-de-abril-al-teatro-gran-rex","status":"publish","type":"post","link":"https:\/\/entrenotasyacordes.com\/?p=14510","title":{"rendered":"KEVIN ROLD\u00c1N, llega el 17 de ABRIL al TEATRO GRAN REX"},"content":{"rendered":"\n<!--more-->\n\n\n\n<p class=\"has-text-align-center\">El \u00edcono colombiano del reggaet\u00f3n se presenta en Buenos Aires en\u00a0el marco de \u00abBlinBlin Concerts\u00bb, la nueva propuesta de la ic\u00f3nica fiesta argentina \u00abBlinBlin\u00bb<\/p>\n\n\n\n<p class=\"has-text-align-center\"><strong><strong>17 DE ABRIL &#8211; TEATRO GRAN REX &#8211; 19HS<\/strong><\/strong> <a href=\"https:\/\/delivery.hipermailer.com.ar\/do\/trkln.php?index=1024083402AZD&amp;id=wotuseqoosepiorsree&amp;url=aHR0cHM6Ly93d3cudHVlbnRyYWRhLmNvbS9ldmVudG9zL2RldGFsbGUvS2V2aW4tUm9sZGFuLzQ4MzE5NzE5NTQyMg%3D%3D\"><strong>Entradas a la venta por TuEntrada<\/strong><\/a><\/p>\n\n\n<div class=\"wp-block-image\">\n<figure class=\"aligncenter size-full\"><img loading=\"lazy\" decoding=\"async\" width=\"1000\" height=\"1250\" src=\"https:\/\/entrenotasyacordes.com\/wp-content\/uploads\/2025\/03\/19a.jpg\" alt=\"\" class=\"wp-image-14511\" srcset=\"https:\/\/entrenotasyacordes.com\/wp-content\/uploads\/2025\/03\/19a.jpg 1000w, https:\/\/entrenotasyacordes.com\/wp-content\/uploads\/2025\/03\/19a-240x300.jpg 240w, https:\/\/entrenotasyacordes.com\/wp-content\/uploads\/2025\/03\/19a-819x1024.jpg 819w, https:\/\/entrenotasyacordes.com\/wp-content\/uploads\/2025\/03\/19a-768x960.jpg 768w\" sizes=\"auto, (max-width: 1000px) 100vw, 1000px\" \/><\/figure>\n<\/div>\n\n\n<p class=\"has-text-align-left\">El 17 de abril de 2025, el&nbsp;<strong>Teatro Gran Rex<\/strong>&nbsp;de Buenos Aires se convertir\u00e1 en el escenario de un esperado show&nbsp;con&nbsp;<strong>Kevin Rold\u00e1n<\/strong>, el fen\u00f3meno colombiano de la m\u00fasica urbana. En esta noche \u00fanica, el cantante y compositor de reggaet\u00f3n ofrecer\u00e1 un show vibrante que promete hacer bailar y cantar a todo el p\u00fablico con sus \u00e9xitos m\u00e1s ic\u00f3nicos.&nbsp;<\/p>\n\n\n\n<p>Este show forma parte de&nbsp;<strong>\u00abBlinBlin Conerts\u00bb<\/strong>, la nueva propuesta de la ic\u00f3nica&nbsp;fiesta \u00abBlinBlin\u00bb, y en esta primera edici\u00f3n, Kevin estar\u00e1&nbsp;acompa\u00f1ado de una selecci\u00f3n de destacados artistas locales invitados.<\/p>\n\n\n\n<p>Kevin Rold\u00e1n llega con una propuesta renovada, cargada de energ\u00eda y con su caracter\u00edstico estilo que lo ha consolidado como uno de los artistas m\u00e1s influyentes del g\u00e9nero urbano en Am\u00e9rica Latina. Durante su presentaci\u00f3n, el p\u00fablico podr\u00e1 disfrutar de grandes temas como&nbsp;<em>\u201cPPP\u201d<\/em>,&nbsp;<em>\u201cHasta Abajo\u201d<\/em>,&nbsp;<em>\u201cSalgamos\u201d<\/em>, y muchos m\u00e1s, que lo han posicionado en lo m\u00e1s alto de las listas de \u00e9xitos internacionales.<\/p>\n\n\n\n<p>Con una carrera en constante ascenso y un gran carisma en el escenario, Kevin Rold\u00e1n ha logrado conectar con millones de fan\u00e1ticos en todo el mundo, y ha sorprendido con&nbsp;colaboraciones con artistas como&nbsp;<strong>Nicky Jam<\/strong>,&nbsp;<strong>Maluma<\/strong>&nbsp;y&nbsp;<strong>Bad Bunny,<\/strong>&nbsp;quienes han sido parte fundamental de su trayectoria.<\/p>\n\n\n\n<p class=\"has-text-align-left\">Su show en el Gran Rex promete ser una fiesta de reggaet\u00f3n que har\u00e1 vibrar a todos los presentes desde el primer hasta el \u00faltimo minuto.<\/p>\n\n\n<div class=\"wp-block-image\">\n<figure class=\"aligncenter size-full\"><img loading=\"lazy\" decoding=\"async\" width=\"2048\" height=\"2560\" src=\"https:\/\/entrenotasyacordes.com\/wp-content\/uploads\/2025\/03\/19aa-scaled.jpg\" alt=\"\" class=\"wp-image-14512\" srcset=\"https:\/\/entrenotasyacordes.com\/wp-content\/uploads\/2025\/03\/19aa-scaled.jpg 2048w, https:\/\/entrenotasyacordes.com\/wp-content\/uploads\/2025\/03\/19aa-240x300.jpg 240w, https:\/\/entrenotasyacordes.com\/wp-content\/uploads\/2025\/03\/19aa-819x1024.jpg 819w, https:\/\/entrenotasyacordes.com\/wp-content\/uploads\/2025\/03\/19aa-768x960.jpg 768w, https:\/\/entrenotasyacordes.com\/wp-content\/uploads\/2025\/03\/19aa-1229x1536.jpg 1229w, https:\/\/entrenotasyacordes.com\/wp-content\/uploads\/2025\/03\/19aa-1638x2048.jpg 1638w, https:\/\/entrenotasyacordes.com\/wp-content\/uploads\/2025\/03\/19aa-1024x1280.jpg 1024w\" sizes=\"auto, (max-width: 2048px) 100vw, 2048px\" \/><\/figure>\n<\/div>\n\n\n<p><strong>ACERCA DE KEVIN ROLD\u00c1N<\/strong><\/p>\n\n\n\n<p><strong>Kevin Rold\u00e1n<\/strong>&nbsp;es uno de los nombres m\u00e1s importantes de la m\u00fasica urbana en Colombia y Am\u00e9rica Latina. Con su estilo \u00fanico, ha sabido ganarse el reconocimiento del p\u00fablico a trav\u00e9s de sus temas contagiosos y su capacidad para fusionar reggaet\u00f3n con otros g\u00e9neros. Desde su debut en la industria musical, Kevin ha conquistado a su audiencia con canciones que se han convertido en himnos de la m\u00fasica urbana, logrando m\u00faltiples colaboraciones con grandes artistas internacionales.<\/p>\n\n\n\n<p>Entre sus \u00e9xitos m\u00e1s destacados se encuentran&nbsp;<em>\u201cPPP\u201d<\/em>,&nbsp;<em>\u201cHasta Abajo\u201d<\/em>,&nbsp;<em>\u201cSalgamos\u201d<\/em>, y&nbsp;<em>\u201cLa Vuelta\u201d<\/em>, los cuales lo han posicionado como uno de los artistas m\u00e1s escuchados en plataformas digitales. Adem\u00e1s, su presencia en escenarios internacionales y su habilidad para conectar con su p\u00fablico lo han convertido en un referente del g\u00e9nero urbano.&nbsp;<\/p>\n","protected":false},"excerpt":{"rendered":"","protected":false},"author":5,"featured_media":14511,"comment_status":"open","ping_status":"open","sticky":false,"template":"","format":"standard","meta":{"om_disable_all_campaigns":false,"_uf_show_specific_survey":0,"_uf_disable_surveys":false,"footnotes":""},"categories":[36],"tags":[],"class_list":["post-14510","post","type-post","status-publish","format-standard","has-post-thumbnail","hentry","category-conciertos"],"_links":{"self":[{"href":"https:\/\/entrenotasyacordes.com\/index.php?rest_route=\/wp\/v2\/posts\/14510","targetHints":{"allow":["GET"]}}],"collection":[{"href":"https:\/\/entrenotasyacordes.com\/index.php?rest_route=\/wp\/v2\/posts"}],"about":[{"href":"https:\/\/entrenotasyacordes.com\/index.php?rest_route=\/wp\/v2\/types\/post"}],"author":[{"embeddable":true,"href":"https:\/\/entrenotasyacordes.com\/index.php?rest_route=\/wp\/v2\/users\/5"}],"replies":[{"embeddable":true,"href":"https:\/\/entrenotasyacordes.com\/index.php?rest_route=%2Fwp%2Fv2%2Fcomments&post=14510"}],"version-history":[{"count":1,"href":"https:\/\/entrenotasyacordes.com\/index.php?rest_route=\/wp\/v2\/posts\/14510\/revisions"}],"predecessor-version":[{"id":14513,"href":"https:\/\/entrenotasyacordes.com\/index.php?rest_route=\/wp\/v2\/posts\/14510\/revisions\/14513"}],"wp:featuredmedia":[{"embeddable":true,"href":"https:\/\/entrenotasyacordes.com\/index.php?rest_route=\/wp\/v2\/media\/14511"}],"wp:attachment":[{"href":"https:\/\/entrenotasyacordes.com\/index.php?rest_route=%2Fwp%2Fv2%2Fmedia&parent=14510"}],"wp:term":[{"taxonomy":"category","embeddable":true,"href":"https:\/\/entrenotasyacordes.com\/index.php?rest_route=%2Fwp%2Fv2%2Fcategories&post=14510"},{"taxonomy":"post_tag","embeddable":true,"href":"https:\/\/entrenotasyacordes.com\/index.php?rest_route=%2Fwp%2Fv2%2Ftags&post=14510"}],"curies":[{"name":"wp","href":"https:\/\/api.w.org\/{rel}","templated":true}]}}