{"id":14514,"date":"2025-03-20T16:10:43","date_gmt":"2025-03-20T16:10:43","guid":{"rendered":"https:\/\/entrenotasyacordes.com\/?p=14514"},"modified":"2025-03-20T16:10:44","modified_gmt":"2025-03-20T16:10:44","slug":"paulo-londra-confirma-su-regreso-a-buenos-aires-despues-de-6-anos-7-de-junio-movistar-arena","status":"publish","type":"post","link":"https:\/\/entrenotasyacordes.com\/?p=14514","title":{"rendered":"Paulo Londra confirma su regreso a Buenos Aires despu\u00e9s de 6 a\u00f1os | 7 de junio &#8211; Movistar Arena"},"content":{"rendered":"\n<!--more-->\n\n\n\n<p class=\"has-text-align-center\">El \u00edcono urbano retorna con un show incre\u00edble cargado de \u00e9xitos, a d\u00edas del lanzamiento de su EP \u201cVERSUS\u201d con el cual marc\u00f3 su vuelta al trap, mostrando su lado m\u00e1s \u00edntimo.<\/p>\n\n\n\n<p class=\"has-text-align-center\"><strong>S\u00c1BADO 7 DE JUNIO | MOVISTAR ARENA<\/strong><\/p>\n\n\n<div class=\"wp-block-image\">\n<figure class=\"aligncenter size-full\"><img loading=\"lazy\" decoding=\"async\" width=\"1080\" height=\"1350\" src=\"https:\/\/entrenotasyacordes.com\/wp-content\/uploads\/2025\/03\/19aaa.jpg\" alt=\"\" class=\"wp-image-14515\" srcset=\"https:\/\/entrenotasyacordes.com\/wp-content\/uploads\/2025\/03\/19aaa.jpg 1080w, https:\/\/entrenotasyacordes.com\/wp-content\/uploads\/2025\/03\/19aaa-240x300.jpg 240w, https:\/\/entrenotasyacordes.com\/wp-content\/uploads\/2025\/03\/19aaa-819x1024.jpg 819w, https:\/\/entrenotasyacordes.com\/wp-content\/uploads\/2025\/03\/19aaa-768x960.jpg 768w, https:\/\/entrenotasyacordes.com\/wp-content\/uploads\/2025\/03\/19aaa-1024x1280.jpg 1024w\" sizes=\"auto, (max-width: 1080px) 100vw, 1080px\" \/><\/figure>\n<\/div>\n\n\n<p class=\"has-text-align-left\">Paulo Londra finalmente confirm\u00f3 lo que sus fans esperaban con ansias:&nbsp;<strong>su gran regreso a los escenarios argentinos.<\/strong>&nbsp;Despu\u00e9s de emocionar al p\u00fablico con sus shows en Espa\u00f1a y M\u00e9xico, y de compartir cada paso de esta nueva etapa, el cordob\u00e9s sorprendi\u00f3 al anunciar su primer concierto en Buenos Aires en seis a\u00f1os.<\/p>\n\n\n\n<p class=\"has-text-align-left\"><strong>Con producci\u00f3n de DF Entertainment y BUENA, el esperado reencuentro con su p\u00fablico ser\u00e1 el s\u00e1bado 7 de junio en el Movistar Arena.\u00a0<\/strong>Las entradas estar\u00e1n disponibles en preventa exclusiva para clientes BBVA el 18 de marzo a las 10:00 horas, con la posibilidad de pagar en hasta 6 cuotas sin inter\u00e9s. La venta general se habilitar\u00e1 el 19 de marzo a las 10:00 horas.<\/p>\n\n\n<div class=\"wp-block-image\">\n<figure class=\"aligncenter size-full\"><img loading=\"lazy\" decoding=\"async\" width=\"1021\" height=\"682\" src=\"https:\/\/entrenotasyacordes.com\/wp-content\/uploads\/2025\/03\/19aaaa.jpeg\" alt=\"\" class=\"wp-image-14516\" srcset=\"https:\/\/entrenotasyacordes.com\/wp-content\/uploads\/2025\/03\/19aaaa.jpeg 1021w, https:\/\/entrenotasyacordes.com\/wp-content\/uploads\/2025\/03\/19aaaa-300x200.jpeg 300w, https:\/\/entrenotasyacordes.com\/wp-content\/uploads\/2025\/03\/19aaaa-768x513.jpeg 768w\" sizes=\"auto, (max-width: 1021px) 100vw, 1021px\" \/><\/figure>\n<\/div>\n\n\n<p>El artista llega en un momento clave de su carrera, presentando su m\u00e1s reciente EP, \u00ab<em>Versus<\/em>\u00ab,&nbsp;<strong>un trabajo introspectivo que marca su regreso a sus ra\u00edces en el trap.&nbsp;<\/strong>A lo largo de seis canciones, Paulo transmite su lucha interna, su proceso de superaci\u00f3n y resiliencia, todo con su inconfundible estilo reflexivo y letras que llegan al alma.<\/p>\n\n\n\n<p>El impacto de su regreso al vivo ha sido global, y la expectativa entre sus seguidores no deja de crecer.\u00a0<strong>Esta vuelta promete ser un hito en su trayectoria y una noche inolvidable para el p\u00fablico argentino.<\/strong><\/p>\n","protected":false},"excerpt":{"rendered":"","protected":false},"author":5,"featured_media":14515,"comment_status":"open","ping_status":"open","sticky":false,"template":"","format":"standard","meta":{"om_disable_all_campaigns":false,"_uf_show_specific_survey":0,"_uf_disable_surveys":false,"footnotes":""},"categories":[36],"tags":[],"class_list":["post-14514","post","type-post","status-publish","format-standard","has-post-thumbnail","hentry","category-conciertos"],"_links":{"self":[{"href":"https:\/\/entrenotasyacordes.com\/index.php?rest_route=\/wp\/v2\/posts\/14514","targetHints":{"allow":["GET"]}}],"collection":[{"href":"https:\/\/entrenotasyacordes.com\/index.php?rest_route=\/wp\/v2\/posts"}],"about":[{"href":"https:\/\/entrenotasyacordes.com\/index.php?rest_route=\/wp\/v2\/types\/post"}],"author":[{"embeddable":true,"href":"https:\/\/entrenotasyacordes.com\/index.php?rest_route=\/wp\/v2\/users\/5"}],"replies":[{"embeddable":true,"href":"https:\/\/entrenotasyacordes.com\/index.php?rest_route=%2Fwp%2Fv2%2Fcomments&post=14514"}],"version-history":[{"count":1,"href":"https:\/\/entrenotasyacordes.com\/index.php?rest_route=\/wp\/v2\/posts\/14514\/revisions"}],"predecessor-version":[{"id":14517,"href":"https:\/\/entrenotasyacordes.com\/index.php?rest_route=\/wp\/v2\/posts\/14514\/revisions\/14517"}],"wp:featuredmedia":[{"embeddable":true,"href":"https:\/\/entrenotasyacordes.com\/index.php?rest_route=\/wp\/v2\/media\/14515"}],"wp:attachment":[{"href":"https:\/\/entrenotasyacordes.com\/index.php?rest_route=%2Fwp%2Fv2%2Fmedia&parent=14514"}],"wp:term":[{"taxonomy":"category","embeddable":true,"href":"https:\/\/entrenotasyacordes.com\/index.php?rest_route=%2Fwp%2Fv2%2Fcategories&post=14514"},{"taxonomy":"post_tag","embeddable":true,"href":"https:\/\/entrenotasyacordes.com\/index.php?rest_route=%2Fwp%2Fv2%2Ftags&post=14514"}],"curies":[{"name":"wp","href":"https:\/\/api.w.org\/{rel}","templated":true}]}}