{"id":14518,"date":"2025-03-20T16:16:12","date_gmt":"2025-03-20T16:16:12","guid":{"rendered":"https:\/\/entrenotasyacordes.com\/?p=14518"},"modified":"2025-03-20T16:16:14","modified_gmt":"2025-03-20T16:16:14","slug":"sixto-yegros-lanzo-su-set-live-y-anuncia-el-inicio-de-su-gira","status":"publish","type":"post","link":"https:\/\/entrenotasyacordes.com\/?p=14518","title":{"rendered":"SIXTO YEGROS- LANZO SU \u00abSET LIVE\u00bb Y ANUNCIA EL INICIO DE SU GIRA"},"content":{"rendered":"\n<!--more-->\n\n\n<div class=\"wp-block-image\">\n<figure class=\"aligncenter size-full\"><img loading=\"lazy\" decoding=\"async\" width=\"1080\" height=\"1350\" src=\"https:\/\/entrenotasyacordes.com\/wp-content\/uploads\/2025\/03\/19aaaaa.jpg\" alt=\"\" class=\"wp-image-14519\" srcset=\"https:\/\/entrenotasyacordes.com\/wp-content\/uploads\/2025\/03\/19aaaaa.jpg 1080w, https:\/\/entrenotasyacordes.com\/wp-content\/uploads\/2025\/03\/19aaaaa-240x300.jpg 240w, https:\/\/entrenotasyacordes.com\/wp-content\/uploads\/2025\/03\/19aaaaa-819x1024.jpg 819w, https:\/\/entrenotasyacordes.com\/wp-content\/uploads\/2025\/03\/19aaaaa-768x960.jpg 768w, https:\/\/entrenotasyacordes.com\/wp-content\/uploads\/2025\/03\/19aaaaa-1024x1280.jpg 1024w\" sizes=\"auto, (max-width: 1080px) 100vw, 1080px\" \/><\/figure>\n<\/div>\n\n\n<p class=\"has-text-align-left\"><strong>Sixto Yegros<\/strong>\u00a0sigue consolidando su camino en la escena del trap con un lanzamiento que da que hablar. El artista present\u00f3 su \u00abSET LIVE\u00bb, donde interpret\u00f3 tres canciones de su \u00faltimo disco \u00abDe Frente\u00bb. Este \u00e1lbum, compuesto por 12 temas, es un viaje emocional que respira puro trap. Cada barra, nacida entre sesiones de estudio y freestyle, lleva consigo la esencia de lo aut\u00e9ntico, de lo directo, sin m\u00e1scaras ni rodeos.<\/p>\n\n\n\n<p class=\"has-text-align-left\">En esta presentaci\u00f3n, Sixto arranc\u00f3 con \u00ab<strong>De Frente<\/strong>\u00ab, el tema que le da nombre al disco y que representa su manifiesto de sinceridad y fuerza. Luego continu\u00f3 con \u00ab<strong>Puede Ser<\/strong>\u00ab, donde dej\u00f3 en claro su capacidad para rapear sin titubeos, y cerr\u00f3 con \u00ab<strong>Se Nota<\/strong>\u00ab, su colaboraci\u00f3n con Ramma, mostrando el sonido renovado y fresco que propone para el g\u00e9nero.<\/p>\n\n\n\n<figure class=\"wp-block-embed is-type-video is-provider-youtube wp-block-embed-youtube wp-embed-aspect-16-9 wp-has-aspect-ratio\"><div class=\"wp-block-embed__wrapper\">\n<div class=\"epyt-video-wrapper\"><iframe loading=\"lazy\"  id=\"_ytid_30292\"  width=\"640\" height=\"360\"  data-origwidth=\"640\" data-origheight=\"360\" src=\"https:\/\/www.youtube.com\/embed\/IUUaCTQMX8c?enablejsapi=1&#038;autoplay=0&#038;cc_load_policy=0&#038;cc_lang_pref=&#038;iv_load_policy=1&#038;loop=0&#038;rel=1&#038;fs=1&#038;playsinline=0&#038;autohide=2&#038;theme=dark&#038;color=white&#038;controls=1&#038;\" class=\"__youtube_prefs__  epyt-is-override  no-lazyload\" data-vol=\"50\"  title=\"YouTube player\"  allow=\"fullscreen; accelerometer; autoplay; clipboard-write; encrypted-media; gyroscope; picture-in-picture; web-share\" referrerpolicy=\"strict-origin-when-cross-origin\" allowfullscreen data-no-lazy=\"1\" data-skipgform_ajax_framebjll=\"\"><\/iframe><\/div>\n<\/div><\/figure>\n\n\n\n<p>Pero la sorpresa no termin\u00f3 ah\u00ed. Sobre el final del set, Sixto Yegros anunci\u00f3 un nuevo EP en conjunto con\u00a0<strong>Ramma y Tobi Dolezo<\/strong>r, una uni\u00f3n que promete elevar a\u00fan m\u00e1s la escena del trap con una versi\u00f3n m\u00e1s potente y evolucionada del g\u00e9nero. No se trata solo de una colaboraci\u00f3n; es la fusi\u00f3n de tres artistas que buscan marcar el camino del nuevo sonido urbano. Los tres dejaron en claro que no es solo una colaboraci\u00f3n en un disco; son tres artistas que se unieron para crearlo\u00a0<strong>porque el trap lo merece<\/strong>.<\/p>\n\n\n\n<p>Mientras tanto, Sixto se prepara para el comienzo de su esperada gira, que inicia en Buenos Aires con un show en Groove el pr\u00f3ximo 12 de abril.\u00a0<strong>\u00abDe Frente Tour<\/strong>\u00bb recorrer\u00e1 distintas ciudades del pa\u00eds, llevando la esencia cruda y visceral del trap a cada escenario. Con un sonido que resuena con honestidad y un mensaje claro de autenticidad, la gira promete ser una experiencia imperdible para los fan\u00e1ticos.<\/p>\n\n\n\n<p>Las entradas ya est\u00e1n disponibles y se espera un tour cargado de energ\u00eda, en el que Sixto Yegros reafirmar\u00e1 su lugar en la m\u00fasica urbana con su estilo inconfundible.<\/p>\n\n\n<div class=\"wp-block-image\">\n<figure class=\"aligncenter size-full\"><img loading=\"lazy\" decoding=\"async\" width=\"1080\" height=\"1080\" src=\"https:\/\/entrenotasyacordes.com\/wp-content\/uploads\/2025\/03\/19aaaaaa.jpg\" alt=\"\" class=\"wp-image-14520\" srcset=\"https:\/\/entrenotasyacordes.com\/wp-content\/uploads\/2025\/03\/19aaaaaa.jpg 1080w, https:\/\/entrenotasyacordes.com\/wp-content\/uploads\/2025\/03\/19aaaaaa-300x300.jpg 300w, https:\/\/entrenotasyacordes.com\/wp-content\/uploads\/2025\/03\/19aaaaaa-1024x1024.jpg 1024w, https:\/\/entrenotasyacordes.com\/wp-content\/uploads\/2025\/03\/19aaaaaa-150x150.jpg 150w, https:\/\/entrenotasyacordes.com\/wp-content\/uploads\/2025\/03\/19aaaaaa-768x768.jpg 768w, https:\/\/entrenotasyacordes.com\/wp-content\/uploads\/2025\/03\/19aaaaaa-50x50.jpg 50w\" sizes=\"auto, (max-width: 1080px) 100vw, 1080px\" \/><\/figure>\n<\/div>","protected":false},"excerpt":{"rendered":"","protected":false},"author":5,"featured_media":14520,"comment_status":"open","ping_status":"open","sticky":false,"template":"","format":"standard","meta":{"om_disable_all_campaigns":false,"_uf_show_specific_survey":0,"_uf_disable_surveys":false,"footnotes":""},"categories":[36],"tags":[],"class_list":["post-14518","post","type-post","status-publish","format-standard","has-post-thumbnail","hentry","category-conciertos"],"_links":{"self":[{"href":"https:\/\/entrenotasyacordes.com\/index.php?rest_route=\/wp\/v2\/posts\/14518","targetHints":{"allow":["GET"]}}],"collection":[{"href":"https:\/\/entrenotasyacordes.com\/index.php?rest_route=\/wp\/v2\/posts"}],"about":[{"href":"https:\/\/entrenotasyacordes.com\/index.php?rest_route=\/wp\/v2\/types\/post"}],"author":[{"embeddable":true,"href":"https:\/\/entrenotasyacordes.com\/index.php?rest_route=\/wp\/v2\/users\/5"}],"replies":[{"embeddable":true,"href":"https:\/\/entrenotasyacordes.com\/index.php?rest_route=%2Fwp%2Fv2%2Fcomments&post=14518"}],"version-history":[{"count":1,"href":"https:\/\/entrenotasyacordes.com\/index.php?rest_route=\/wp\/v2\/posts\/14518\/revisions"}],"predecessor-version":[{"id":14521,"href":"https:\/\/entrenotasyacordes.com\/index.php?rest_route=\/wp\/v2\/posts\/14518\/revisions\/14521"}],"wp:featuredmedia":[{"embeddable":true,"href":"https:\/\/entrenotasyacordes.com\/index.php?rest_route=\/wp\/v2\/media\/14520"}],"wp:attachment":[{"href":"https:\/\/entrenotasyacordes.com\/index.php?rest_route=%2Fwp%2Fv2%2Fmedia&parent=14518"}],"wp:term":[{"taxonomy":"category","embeddable":true,"href":"https:\/\/entrenotasyacordes.com\/index.php?rest_route=%2Fwp%2Fv2%2Fcategories&post=14518"},{"taxonomy":"post_tag","embeddable":true,"href":"https:\/\/entrenotasyacordes.com\/index.php?rest_route=%2Fwp%2Fv2%2Ftags&post=14518"}],"curies":[{"name":"wp","href":"https:\/\/api.w.org\/{rel}","templated":true}]}}